{"id":7044,"date":"2021-05-25T18:33:51","date_gmt":"2021-05-25T18:33:51","guid":{"rendered":"https:\/\/www.cordoba.gob.ar\/?p=9710"},"modified":"2021-05-25T18:33:51","modified_gmt":"2021-05-25T18:33:51","slug":"llaryora-promulgo-la-ordenanza-que-exime-de-tasas-a-los-excombatientes-de-malvinas","status":"publish","type":"post","link":"http:\/\/cordobadirecto.com\/index.php\/2021\/05\/25\/llaryora-promulgo-la-ordenanza-que-exime-de-tasas-a-los-excombatientes-de-malvinas\/","title":{"rendered":"Llaryora promulg\u00f3 la ordenanza que exime de tasas a los excombatientes de Malvinas"},"content":{"rendered":"<div><img src=\"http:\/\/cordobadirecto.com\/wp-content\/uploads\/2021\/05\/llaryora-promulgo-la-ordenanza-que-exime-de-tasas-a-los-excombatientes-de-malvinas.jpg\" class=\"ff-og-image-inserted\"><\/div>\n<p>El intendente Mart\u00edn Llaryora promulg\u00f3 la ordenanza que estipula un r\u00e9gimen de beneficios sociales para los h\u00e9roes de Malvinas, otorgando la eximici\u00f3n del pago de las contribuciones sobre Inmuebles, Automotores, la gratuidad de la licencia de conducir particular, del estacionamiento en el sistema medido municipal y el permiso de libre circulaci\u00f3n para personas con discapacidad.<\/p>\n<p>La normativa, aprobada por el Concejo Deliberante el pasado 13 de mayo, contempla a militares (no condenados por violaci\u00f3n de los derechos humanos) y a civiles que hayan participado del conflicto armado entre el 2 de abril y el 14 de junio de 1982.<\/p>\n<p>El nuevo r\u00e9gimen de beneficios sociales y exenciones impositivas para los ex combatientes fija como destinatarios al personal militar y civil que haya participado en las acciones b\u00e9licas desarrolladas en el espacio a\u00e9reo, mar\u00edtimo o terrestre del denominado Teatro de Operaciones del Atl\u00e1ntico Sur.<\/p>\n<p>Los beneficiarios tambi\u00e9n quedan exentos del pago de la contribuci\u00f3n sobre los cementerios y en caso de fallecimiento del Veterano de Guerra de Malvinas que no cuente con cobertura de sepelio, y a solicitud de los familiares, se garantiza la provisi\u00f3n del servicio y\/ o cremaci\u00f3n.<\/p>\n<p>Podr\u00e1n acceder a los beneficios quienes presenten certificado actualizado como veterano de Malvinas, tengan domicilio y residencia en la ciudad al momento de pedir el beneficio, est\u00e9n comprendidos en los t\u00e9rminos de la Ley Nacional N 23848 y acrediten la propiedad de los bienes afectados a los beneficios.<\/p>\n<p>No podr\u00e1n ser acreedores de los beneficios descriptos, los Veteranos de la Guerra de Malvinas condenados por violaci\u00f3n de los derechos humanos, por violencia de g\u00e9nero, por delitos de traici\u00f3n a la Patria, o por delitos contra el orden constitucional, la vida democr\u00e1tica u otros tipificados en los T\u00edtulos lX -Cap\u00edtulo l-, y X \u2013 Cap\u00edtulos ly ll- del C\u00f3digo Penal. Tampoco deber\u00e1n figurar en el Registro de Deudores Alimentarios Morosos establecidos en la Ley Provincial N\u00b08892, presentando el certificado correspondiente.<\/p>\n<p>La normativa contempla la creaci\u00f3n de un Registro Municipal de Veteranos de Guerra de Malvinas y establece como autoridad de aplicaci\u00f3n a la Secretar\u00eda de Pol\u00edticas Sociales, Inclusi\u00f3n y Convivencia.<\/p>\n<p>En su mensaje del pasado 2 de abril, en oportunidad de informarse este proyecto, el Intendente Llaryora expres\u00f3: <em>\u201cNo hay beneficio que compense lo que ustedes atravesaron en las islas y peor a\u00fan, lo que vivenciaron cuando regresaron al pa\u00eds. A casi 40 a\u00f1os estamos generando eventos para darles a ustedes el lugar que merecen, cuando en realidad estos anuncios se debieron hacer al d\u00eda siguiente que regresaron al Continente\u201d.<\/em><\/p>\n","protected":false},"excerpt":{"rendered":"<p>El intendente Mart\u00edn Llaryora promulg\u00f3 la ordenanza que estipula un r\u00e9gimen de beneficios sociales para los h\u00e9roes de Malvinas, otorgando la eximici\u00f3n del pago de las contribuciones sobre Inmuebles, Automotores, la gratuidad de la licencia de conducir particular, del estacionamiento en el sistema medido municipal y el permiso de libre circulaci\u00f3n para personas con discapacidad. [&hellip;]<\/p>\n","protected":false},"author":1,"featured_media":7045,"comment_status":"closed","ping_status":"closed","sticky":false,"template":"","format":"standard","meta":[],"categories":[44],"tags":[],"_links":{"self":[{"href":"http:\/\/cordobadirecto.com\/index.php\/wp-json\/wp\/v2\/posts\/7044"}],"collection":[{"href":"http:\/\/cordobadirecto.com\/index.php\/wp-json\/wp\/v2\/posts"}],"about":[{"href":"http:\/\/cordobadirecto.com\/index.php\/wp-json\/wp\/v2\/types\/post"}],"author":[{"embeddable":true,"href":"http:\/\/cordobadirecto.com\/index.php\/wp-json\/wp\/v2\/users\/1"}],"replies":[{"embeddable":true,"href":"http:\/\/cordobadirecto.com\/index.php\/wp-json\/wp\/v2\/comments?post=7044"}],"version-history":[{"count":0,"href":"http:\/\/cordobadirecto.com\/index.php\/wp-json\/wp\/v2\/posts\/7044\/revisions"}],"wp:featuredmedia":[{"embeddable":true,"href":"http:\/\/cordobadirecto.com\/index.php\/wp-json\/wp\/v2\/media\/7045"}],"wp:attachment":[{"href":"http:\/\/cordobadirecto.com\/index.php\/wp-json\/wp\/v2\/media?parent=7044"}],"wp:term":[{"taxonomy":"category","embeddable":true,"href":"http:\/\/cordobadirecto.com\/index.php\/wp-json\/wp\/v2\/categories?post=7044"},{"taxonomy":"post_tag","embeddable":true,"href":"http:\/\/cordobadirecto.com\/index.php\/wp-json\/wp\/v2\/tags?post=7044"}],"curies":[{"name":"wp","href":"https:\/\/api.w.org\/{rel}","templated":true}]}}