{"id":7068,"date":"2021-05-25T21:21:00","date_gmt":"2021-05-25T21:21:00","guid":{"rendered":"https:\/\/lmdiario.com.ar\/contenido\/290184\/talleres-y-un-genial-primer-tiempo-gana-por-3-a-0-ante-emelec"},"modified":"2021-05-25T21:21:00","modified_gmt":"2021-05-25T21:21:00","slug":"talleres-goleo-a-emelec-y-se-despidio-de-la-copa-a-puro-festejo","status":"publish","type":"post","link":"http:\/\/cordobadirecto.com\/index.php\/2021\/05\/25\/talleres-goleo-a-emelec-y-se-despidio-de-la-copa-a-puro-festejo\/","title":{"rendered":"Talleres gole\u00f3 a Emelec y se despidi\u00f3 de la Copa a puro festejo"},"content":{"rendered":"<div readability=\"33\"> <img alt=\"Talleres @CATalleresdecba\" class=\"img-responsive\" data-alto-grande=\"2572\" data-ancho-grande=\"3853\" height=\"2572\" loading=\"lazy\" sizes=\"auto\" src=\"http:\/\/cordobadirecto.com\/wp-content\/uploads\/2021\/05\/talleres-goleo-a-emelec-y-se-despidio-de-la-copa-a-puro-festejo.jpg\" srcset=\"http:\/\/cordobadirecto.com\/wp-content\/uploads\/2021\/05\/talleres-goleo-a-emelec-y-se-despidio-de-la-copa-a-puro-festejo.jpg 1000w, http:\/\/cordobadirecto.com\/wp-content\/uploads\/2021\/05\/talleres-goleo-a-emelec-y-se-despidio-de-la-copa-a-puro-festejo-1.jpg 400w, http:\/\/cordobadirecto.com\/wp-content\/uploads\/2021\/05\/talleres-goleo-a-emelec-y-se-despidio-de-la-copa-a-puro-festejo-2.jpg 3853w\" width=\"3853\"> <\/p>\n<p> <span>Un gran primer tiempo despleg\u00f3 Talleres en Guayaquil ante Emelec de Ecuador.<\/span> <span>Foto: Twitter (@CATalleresdecba).<\/span> <\/p>\n<\/p><\/div>\n<div readability=\"97.408888888889\">\n<p><strong>Talleres se despide con la frente en alto, con una goleada inapelable y con autoridad 4 a 1 ante Emelec de Ecuador<\/strong>, en un partido donde entraron todas las pelotas que no le ingresaron en los partidos anteriores. Ya eliminado de la Copa sudamericana, el albiazul meti\u00f3 una goleada hist\u00f3rica que de paso sirvi\u00f3 para aguarle la fiesta al local, superado por Bragantino de Brasil en las posiciones finales del grupo G.&nbsp;<\/p>\n<p>De todas maneras esa historia no le incumbe a Talleres. <strong>El equipo de Alexander Medina tuvo su desquite luego de seis semanas intensas donde perdi\u00f3 varios hombres por lesiones, sanciones<\/strong>, y el mismo desgaste f\u00edsico como consecuencia de un plantel corto y sin tantas variantes. Ya despojado de la mochila y la presi\u00f3n, mostr\u00f3 su mejor versi\u00f3n sobre todo en el primer tiempo, a pura presi\u00f3n, con intensidad y una actitud que no sol\u00eda relucir.&nbsp;<\/p>\n<p><strong>El primer tanto fue obra de Enzo D\u00edaz de cabeza, tras un centro cruzado<\/strong>. Luego ampli\u00f3 una de las figuras del juego, Carlos Auzqui, con saltito en el aire y remate y antes del descanso, \u00c1ngelo Martino mand\u00f3 a la red un pase largo, gritando su primer gol desde su arribo a barrio Jard\u00edn.&nbsp;<\/p>\n<p>El descuento de Sebasti\u00e1n Rodr\u00edguez de tiro libre fue tras una falta de Komar, reci\u00e9n ingresado, y minutos despu\u00e9s tuvo su revancha, anotando el cuarto grito despu\u00e9s de que una pelota quedara en el \u00e1rea en un c\u00f3rner. S\u00f3lida actuaci\u00f3n de Talleres que se despide de la Sudamericana en una nueva aventura internacional a puro gol, lamentando la falta de contundencia de los partidos anteriores, pero sin reproches tambi\u00e9n.&nbsp;<\/p>\n<p>Sus \u00fanicas dos victorias fueron en el extranjero. Y sus dos ca\u00eddas, en el Mario Kempes. Los dos empates marcan el saldo de una temporada en un torneo leonino con la clasificaci\u00f3n ya que solo el primero del grupo disfruta de ese objetivo, no obstante el albiazul suma m\u00e1s experiencia en cert\u00e1menes internacionales. Finaliza tercero pero con resultados equilibrados, con la consigna de poder acumular oficio y experiencia para futuras excusiones coperas.&nbsp;<\/p>\n<p><strong>Formaciones<\/strong><\/p>\n<p>Emelec: Pedro Ortiz; Romario Caicedo, An\u00edbal Leguizam\u00f3n, Marlon Mej\u00eda, Lucas Sosa y Bryan Carabal\u00ed; Dixon Arroyo, Sebasti\u00e1n Rodr\u00edguez, \u00c1ngel Gracia y Alexis Zapata; Alejandro Cabeza. DT: Ismael Rescalvo.<\/p>\n<p>Talleres: Marcos D\u00edaz; Nahuel Tenaglia o Augusto Schott, Rafael P\u00e9rez, Piero Hincapi\u00e9 y Enzo D\u00edaz; Joel So\u00f1ora, Juan M\u00e9ndez, Francis Mac Allister y \u00c1ngelo Martino; Carlos Auzqui y Michael Santos. DT: Alexander Medina.<\/p>\n<p>\u00c1rbitro: Yender Herrera, de Venezuela.<\/p>\n<p>Cancha: George Capwell, en Guayaquil.<\/p>\n<p>Hora de inicio: 21.30.<\/p>\n<p>TV: ESPN 3 y DirecTV Sports.<\/p>\n<\/p><\/div>\n","protected":false},"excerpt":{"rendered":"<p>Un gran primer tiempo despleg\u00f3 Talleres en Guayaquil ante Emelec de Ecuador. Foto: Twitter (@CATalleresdecba). Talleres se despide con la frente en alto, con una goleada inapelable y con autoridad 4 a 1 ante Emelec de Ecuador, en un partido donde entraron todas las pelotas que no le ingresaron en los partidos anteriores. Ya eliminado [&hellip;]<\/p>\n","protected":false},"author":1,"featured_media":7069,"comment_status":"open","ping_status":"closed","sticky":false,"template":"","format":"standard","meta":[],"categories":[21],"tags":[],"_links":{"self":[{"href":"http:\/\/cordobadirecto.com\/index.php\/wp-json\/wp\/v2\/posts\/7068"}],"collection":[{"href":"http:\/\/cordobadirecto.com\/index.php\/wp-json\/wp\/v2\/posts"}],"about":[{"href":"http:\/\/cordobadirecto.com\/index.php\/wp-json\/wp\/v2\/types\/post"}],"author":[{"embeddable":true,"href":"http:\/\/cordobadirecto.com\/index.php\/wp-json\/wp\/v2\/users\/1"}],"replies":[{"embeddable":true,"href":"http:\/\/cordobadirecto.com\/index.php\/wp-json\/wp\/v2\/comments?post=7068"}],"version-history":[{"count":0,"href":"http:\/\/cordobadirecto.com\/index.php\/wp-json\/wp\/v2\/posts\/7068\/revisions"}],"wp:featuredmedia":[{"embeddable":true,"href":"http:\/\/cordobadirecto.com\/index.php\/wp-json\/wp\/v2\/media\/7069"}],"wp:attachment":[{"href":"http:\/\/cordobadirecto.com\/index.php\/wp-json\/wp\/v2\/media?parent=7068"}],"wp:term":[{"taxonomy":"category","embeddable":true,"href":"http:\/\/cordobadirecto.com\/index.php\/wp-json\/wp\/v2\/categories?post=7068"},{"taxonomy":"post_tag","embeddable":true,"href":"http:\/\/cordobadirecto.com\/index.php\/wp-json\/wp\/v2\/tags?post=7068"}],"curies":[{"name":"wp","href":"https:\/\/api.w.org\/{rel}","templated":true}]}}