{"id":7103,"date":"2021-05-24T18:32:00","date_gmt":"2021-05-24T18:32:00","guid":{"rendered":"https:\/\/notepeines.com.ar\/?p=1227"},"modified":"2021-05-24T18:32:00","modified_gmt":"2021-05-24T18:32:00","slug":"tristeza-en-cordoba-el-recuerdo-de-mariela-laudecina","status":"publish","type":"post","link":"http:\/\/cordobadirecto.com\/index.php\/2021\/05\/24\/tristeza-en-cordoba-el-recuerdo-de-mariela-laudecina\/","title":{"rendered":"Tristeza en C\u00f3rdoba: el recuerdo de Mariela Laudecina"},"content":{"rendered":"<p>Para Leer<\/p>\n<p>Tristeza en C\u00f3rdoba: el recuerdo de Mariela Laudecina<\/p>\n<p><em>Fiel reflejo de la narradora residente en C\u00f3rdoba en una reciente entrevista. En su novela \u00abLo mejor es no tener padres\u00bb, priorizaba el di\u00e1logo entre una peque\u00f1a narradora y su amiga y recordaba que su madre guard\u00f3 la primera novela que escribi\u00f3, a los 10 a\u00f1os.<\/em><\/p>\n<p><strong>Mariela Laudecina<\/strong>, de origen mendocino pero con una pr\u00f3spera carrera editorial realizada en C\u00f3rdoba, falleci\u00f3 recientemente y caus\u00f3 conmoci\u00f3n en el mundo art\u00edstico. Ten\u00eda 46 a\u00f1os y esperaba un trasplante para superar la leucemia.<\/p>\n<p>Mudada a tierras cordobesas en su juventud, confesaba que all\u00ed empez\u00f3 \u00aba escribir m\u00e1s en serio\u00bb y asum\u00eda que hoy que \u00abes mucho m\u00e1s rico\u00bb experimentar en la ni\u00f1ez.<\/p>\n<p>Recientemente fue entrevistada en el ciclo \u2018Escribir\u2019, de la Facultad de Ciencias de la Comunicaci\u00f3n de la Universidad Nacional de C\u00f3rdoba.<\/p>\n<p>En \u00abLo mejor es no tener padres\u00bb (Borde Perdido editora, 2018), la narradora es una ni\u00f1a de 11 a\u00f1os, que en buena parte del relato camina junto a su amiga.<\/p>\n<figure class=\"wp-block-image\"><img loading=\"lazy\" width=\"681\" height=\"537\" src=\"http:\/\/cordobadirecto.com\/wp-content\/uploads\/2021\/05\/tristeza-en-cordoba-el-recuerdo-de-mariela-laudecina.png\" alt class=\"wp-image-1229\" srcset=\"http:\/\/cordobadirecto.com\/wp-content\/uploads\/2021\/05\/tristeza-en-cordoba-el-recuerdo-de-mariela-laudecina.png 681w, http:\/\/cordobadirecto.com\/wp-content\/uploads\/2021\/05\/tristeza-en-cordoba-el-recuerdo-de-mariela-laudecina-1.png 300w\" sizes=\"(max-width: 681px) 100vw, 681px\"><\/figure>\n<p>Mientras reconoc\u00eda que nunca pens\u00f3 que la escritura se convertir\u00eda en \u00abuna forma de ganarme la vida\u00bb, para la escritora se trataba de \u00abun desaf\u00edo muy divertido\u00bb.<\/p>\n<p>Reconociendo la autorreferencialidad en buena parte de la novela, consideraba: \u00abTodas las personas pasamos momentos conflictivos con nuestros padres. Y estos personajes vendr\u00edan a dar cuenta de esos sentimientos\u00bb.<\/p>\n<p>En la charla record\u00f3 que, bajo el t\u00edtulo \u00abLa noche\u00bb, escribi\u00f3 a los diez a\u00f1os su primer poema, el cual su madre logr\u00f3 conservar con el paso del tiempo.<\/p>\n<p>Para revivir\u2026<\/p>\n<figure class=\"wp-block-embed is-type-video is-provider-youtube wp-block-embed-youtube wp-embed-aspect-16-9 wp-has-aspect-ratio\">\n<p>\n<iframe loading=\"lazy\" title=\"Entrevista a Mariela Laudecina\" width=\"500\" height=\"281\" src=\"https:\/\/www.youtube.com\/embed\/WqidXxaaeps?feature=oembed\" frameborder=\"0\" allow=\"accelerometer; autoplay; clipboard-write; encrypted-media; gyroscope; picture-in-picture\" allowfullscreen>[embedded content]<\/iframe>\n<\/p>\n<\/figure>\n","protected":false},"excerpt":{"rendered":"<p>Para Leer Tristeza en C\u00f3rdoba: el recuerdo de Mariela Laudecina Fiel reflejo de la narradora residente en C\u00f3rdoba en una reciente entrevista. En su novela \u00abLo mejor es no tener padres\u00bb, priorizaba el di\u00e1logo entre una peque\u00f1a narradora y su amiga y recordaba que su madre guard\u00f3 la primera novela que escribi\u00f3, a los 10 [&hellip;]<\/p>\n","protected":false},"author":1,"featured_media":7104,"comment_status":"open","ping_status":"closed","sticky":false,"template":"","format":"standard","meta":[],"categories":[19],"tags":[],"_links":{"self":[{"href":"http:\/\/cordobadirecto.com\/index.php\/wp-json\/wp\/v2\/posts\/7103"}],"collection":[{"href":"http:\/\/cordobadirecto.com\/index.php\/wp-json\/wp\/v2\/posts"}],"about":[{"href":"http:\/\/cordobadirecto.com\/index.php\/wp-json\/wp\/v2\/types\/post"}],"author":[{"embeddable":true,"href":"http:\/\/cordobadirecto.com\/index.php\/wp-json\/wp\/v2\/users\/1"}],"replies":[{"embeddable":true,"href":"http:\/\/cordobadirecto.com\/index.php\/wp-json\/wp\/v2\/comments?post=7103"}],"version-history":[{"count":0,"href":"http:\/\/cordobadirecto.com\/index.php\/wp-json\/wp\/v2\/posts\/7103\/revisions"}],"wp:featuredmedia":[{"embeddable":true,"href":"http:\/\/cordobadirecto.com\/index.php\/wp-json\/wp\/v2\/media\/7104"}],"wp:attachment":[{"href":"http:\/\/cordobadirecto.com\/index.php\/wp-json\/wp\/v2\/media?parent=7103"}],"wp:term":[{"taxonomy":"category","embeddable":true,"href":"http:\/\/cordobadirecto.com\/index.php\/wp-json\/wp\/v2\/categories?post=7103"},{"taxonomy":"post_tag","embeddable":true,"href":"http:\/\/cordobadirecto.com\/index.php\/wp-json\/wp\/v2\/tags?post=7103"}],"curies":[{"name":"wp","href":"https:\/\/api.w.org\/{rel}","templated":true}]}}