{"id":7232,"date":"2021-05-28T20:09:08","date_gmt":"2021-05-28T20:09:08","guid":{"rendered":"https:\/\/cordoba.gob.ar\/?p=9779"},"modified":"2021-05-28T20:09:08","modified_gmt":"2021-05-28T20:09:08","slug":"se-conocieron-las-comisiones-evaluadoras-para-las-convocatorias-de-artes-escenicas","status":"publish","type":"post","link":"http:\/\/cordobadirecto.com\/index.php\/2021\/05\/28\/se-conocieron-las-comisiones-evaluadoras-para-las-convocatorias-de-artes-escenicas\/","title":{"rendered":"Se conocieron las comisiones evaluadoras para las convocatorias de Artes Esc\u00e9nicas"},"content":{"rendered":"<div><img src=\"http:\/\/cordobadirecto.com\/wp-content\/uploads\/2021\/05\/se-conocieron-las-comisiones-evaluadoras-para-las-convocatorias-de-artes-escenicas.jpg\" class=\"ff-og-image-inserted\"><\/div>\n<ul>\n<li><strong>Son seis, y se encargar\u00e1n de analizar proyectos presentados a los programas TEATRES, FEATEC, Producci\u00f3n Infantil, Danza Contempor\u00e1nea, Dramaturgia Cordobesa, de las convocatorias que inician este lunes 31 de mayo.<\/strong><\/li>\n<\/ul>\n<hr>\n<p>La Subsecretar\u00eda de Cultura de la Municipalidad de C\u00f3rdoba, dependiente de la Secretar\u00eda de Gobierno, ya estableci\u00f3 las comisiones evaluadoras para las convocatorias de artes esc\u00e9nicas, que son seis y comienzan sus llamados el pr\u00f3ximo lunes 31 de mayo. Las mismas, estar\u00e1n integradas por Mar\u00eda Elena Yapura, Lourdes Sol\u00e9 Dolphyn, Micaela Franchino, Emiliano Gabriel Far\u00edas, Pablo Martella y Natalia Buyatti, quienes evaluar\u00e1n los proyectos presentados<strong>&nbsp;<\/strong>para los premios y&nbsp;fondos est\u00edmulo municipales, correspondientes al \u00e1rea para el ciclo 2021\/2022.<\/p>\n<p>Los integrantes fueron seleccionadas a<strong>&nbsp;<\/strong>partir de un registro para aspirantes abierto por el municipio en febrero pasado, del que participaron referentes del universo del arte, gesti\u00f3n, docencia, investigaci\u00f3n, periodismo cultural, letras, programaci\u00f3n programadores, producci\u00f3n y otros \u00e1mbitos de la escena cultural local vinculados a las artes esc\u00e9nicas.<\/p>\n<p>Los seleccionados se organizar\u00e1n en dos comisiones que evaluar\u00e1n los distintos proyectos. Por un lado, una comisi\u00f3n estar\u00e1 conformada por Mar\u00eda Elena Yapura, Lourdes Sol\u00e9 Dolphyn, Micaela Franchino y Emiliano Gabriel Far\u00edas, atender\u00e1 los proyectos del Premio El Teatro Cordob\u00e9s TEATRES, el Fondo Est\u00edmulo a la Actividad Teatral Cordobesa (FEATEC), Fondo Est\u00edmulo a la Producci\u00f3n Infantil y Fondo Est\u00edmulo a la Danza Contempor\u00e1nea. Por otro lado, la segunda comisi\u00f3n estar\u00e1 abocada al Premio de Dramaturgia Cordobesa e integrada por Pablo Martella y Natalia Buyatti.<\/p>\n","protected":false},"excerpt":{"rendered":"<p>Son seis, y se encargar\u00e1n de analizar proyectos presentados a los programas TEATRES, FEATEC, Producci\u00f3n Infantil, Danza Contempor\u00e1nea, Dramaturgia Cordobesa, de las convocatorias que inician este lunes 31 de mayo. La Subsecretar\u00eda de Cultura de la Municipalidad de C\u00f3rdoba, dependiente de la Secretar\u00eda de Gobierno, ya estableci\u00f3 las comisiones evaluadoras para las convocatorias de artes [&hellip;]<\/p>\n","protected":false},"author":1,"featured_media":7233,"comment_status":"closed","ping_status":"closed","sticky":false,"template":"","format":"standard","meta":[],"categories":[44],"tags":[],"_links":{"self":[{"href":"http:\/\/cordobadirecto.com\/index.php\/wp-json\/wp\/v2\/posts\/7232"}],"collection":[{"href":"http:\/\/cordobadirecto.com\/index.php\/wp-json\/wp\/v2\/posts"}],"about":[{"href":"http:\/\/cordobadirecto.com\/index.php\/wp-json\/wp\/v2\/types\/post"}],"author":[{"embeddable":true,"href":"http:\/\/cordobadirecto.com\/index.php\/wp-json\/wp\/v2\/users\/1"}],"replies":[{"embeddable":true,"href":"http:\/\/cordobadirecto.com\/index.php\/wp-json\/wp\/v2\/comments?post=7232"}],"version-history":[{"count":0,"href":"http:\/\/cordobadirecto.com\/index.php\/wp-json\/wp\/v2\/posts\/7232\/revisions"}],"wp:featuredmedia":[{"embeddable":true,"href":"http:\/\/cordobadirecto.com\/index.php\/wp-json\/wp\/v2\/media\/7233"}],"wp:attachment":[{"href":"http:\/\/cordobadirecto.com\/index.php\/wp-json\/wp\/v2\/media?parent=7232"}],"wp:term":[{"taxonomy":"category","embeddable":true,"href":"http:\/\/cordobadirecto.com\/index.php\/wp-json\/wp\/v2\/categories?post=7232"},{"taxonomy":"post_tag","embeddable":true,"href":"http:\/\/cordobadirecto.com\/index.php\/wp-json\/wp\/v2\/tags?post=7232"}],"curies":[{"name":"wp","href":"https:\/\/api.w.org\/{rel}","templated":true}]}}