{"id":7237,"date":"2021-05-29T10:20:45","date_gmt":"2021-05-29T10:20:45","guid":{"rendered":"https:\/\/puntoapunto.com.ar\/?p=278394"},"modified":"2021-05-29T10:20:45","modified_gmt":"2021-05-29T10:20:45","slug":"iveco-producira-un-camion-en-cordoba-generara-100-nuevos-puestos-de-trabajo","status":"publish","type":"post","link":"http:\/\/cordobadirecto.com\/index.php\/2021\/05\/29\/iveco-producira-un-camion-en-cordoba-generara-100-nuevos-puestos-de-trabajo\/","title":{"rendered":"IVECO producir\u00e1 un cami\u00f3n en C\u00f3rdoba: generar\u00e1 100 nuevos puestos de trabajo"},"content":{"rendered":"<p><!-- image --><\/p>\n<div class=\"td-post-featured-image\"><a href=\"https:\/\/s3.us-west-2.amazonaws.com\/puntoapunto.com.ar\/wp-content\/uploads\/2021\/05\/28182908\/Tector-15TN-Fabrica-scaled.jpg\" data-caption><img loading=\"lazy\" width=\"696\" height=\"462\" class=\"entry-thumb td-modal-image\" src=\"http:\/\/cordobadirecto.com\/wp-content\/uploads\/2021\/05\/iveco-producira-un-camion-en-cordoba-generara-100-nuevos-puestos-de-trabajo.jpg\" srcset=\"http:\/\/cordobadirecto.com\/wp-content\/uploads\/2021\/05\/iveco-producira-un-camion-en-cordoba-generara-100-nuevos-puestos-de-trabajo.jpg 696w, http:\/\/cordobadirecto.com\/wp-content\/uploads\/2021\/05\/iveco-producira-un-camion-en-cordoba-generara-100-nuevos-puestos-de-trabajo-1.jpg 300w, http:\/\/cordobadirecto.com\/wp-content\/uploads\/2021\/05\/iveco-producira-un-camion-en-cordoba-generara-100-nuevos-puestos-de-trabajo-2.jpg 1024w, http:\/\/cordobadirecto.com\/wp-content\/uploads\/2021\/05\/iveco-producira-un-camion-en-cordoba-generara-100-nuevos-puestos-de-trabajo-3.jpg 768w, http:\/\/cordobadirecto.com\/wp-content\/uploads\/2021\/05\/iveco-producira-un-camion-en-cordoba-generara-100-nuevos-puestos-de-trabajo-4.jpg 1536w, http:\/\/cordobadirecto.com\/wp-content\/uploads\/2021\/05\/iveco-producira-un-camion-en-cordoba-generara-100-nuevos-puestos-de-trabajo-5.jpg 2048w, http:\/\/cordobadirecto.com\/wp-content\/uploads\/2021\/05\/iveco-producira-un-camion-en-cordoba-generara-100-nuevos-puestos-de-trabajo-6.jpg 150w, http:\/\/cordobadirecto.com\/wp-content\/uploads\/2021\/05\/iveco-producira-un-camion-en-cordoba-generara-100-nuevos-puestos-de-trabajo-7.jpg 1068w, http:\/\/cordobadirecto.com\/wp-content\/uploads\/2021\/05\/iveco-producira-un-camion-en-cordoba-generara-100-nuevos-puestos-de-trabajo-8.jpg 633w\" sizes=\"(max-width: 696px) 100vw, 696px\" alt title=\"Tector 15TN F\u00e1brica\"><\/a><\/div>\n<p> <!-- content --><\/p>\n<div class=\"td-a-rec td-a-rec-id-content_top tdi_73_0d2 td_block_template_10\">\n<div class=\"g g-34\">\n<div class=\"g-single a-299\"><a class=\"gofollow\" data-track=\"Mjk5LDM0LDEsNjA=\" href=\"http:\/\/www.grupocanter.com.ar\/landing\/pap\/?utm_source=Punto%20a%20Punto&amp;utm_medium=Banner&amp;utm_campaign=Departamentos&amp;utm_term=Banner%20Pie%20de%20Nota\"><img src=\"http:\/\/cordobadirecto.com\/wp-content\/uploads\/2021\/05\/iveco-producira-un-camion-en-cordoba-generara-100-nuevos-puestos-de-trabajo.gif\"><\/a><\/div>\n<\/div>\n<\/div>\n<p>IVECO anunci\u00f3 que comenzar\u00e1 a producir el <strong>Tector<\/strong> de 15 toneladas en su <strong>Polo Productivo ubicado <a href=\"https:\/\/puntoapunto.com.ar\/tag\/ferreyra\/\" class=\"st_tag internal_tag\" rel=\"tag\" title=\"Posts tagged with Ferreyra\">Ferreyra<\/a><\/strong>. <strong>La fabricaci\u00f3n se iniciar\u00e1 en octubre y la comercializaci\u00f3n est\u00e1 prevista para el \u00faltimo trimestre del a\u00f1o.<\/strong><\/p>\n<p>\u201cLa decisi\u00f3n de fabricar este modelo en la Argentina es una muestra de la confianza <a href=\"https:\/\/puntoapunto.com.ar\/tag\/global\/\" class=\"st_tag internal_tag\" rel=\"tag\" title=\"Posts tagged with global\">global<\/a> de la compa\u00f1\u00eda en nuestro Polo Productivo y es, adem\u00e1s, un nuevo avance en el ambicioso proceso de sustituci\u00f3n de importaciones que nos hemos propuesto llevar adelante\u201d, afirm\u00f3 <strong>Marcus Cheistwer<\/strong>, presidente de CNH Industrial Argentina.<\/p>\n<p>Esta nacionalizaci\u00f3n implica la <strong>generaci\u00f3n de m\u00e1s de 100 puestos de trabajo<\/strong> en toda la cadena de valor, as\u00ed como el impulso de proveedores nacionales a trav\u00e9s de nuevos componentes. Un <a href=\"https:\/\/puntoapunto.com.ar\/tag\/ejemplo\/\" class=\"st_tag internal_tag\" rel=\"tag\" title=\"Posts tagged with ejemplo\">ejemplo<\/a> en este sentido es el desarrollo de un nuevo chasis, exclusivo para este modelo, por parte de la metal\u00fargica cordobesa Maxion Montich. El abastecimiento local de piezas contribuir\u00e1 tambi\u00e9n a una mayor flexibilidad productiva de la planta.<\/p>\n<p>Dise\u00f1ado para realizar trayectos urbanos de corta y media distancia, el Tector de 15 toneladas actualmente llega desde Brasil, pero <strong>ya se pusieron en marcha los preparativos para transferir la producci\u00f3n a la planta de IVECO en C\u00f3rdoba.<\/strong><\/p>\n<p>\u201cLa<strong> Argentina muy pronto tendr\u00e1 un cami\u00f3n mediano producido en el pa\u00eds<\/strong> y nos enorgullece poder decir que es un IVECO. Es una decisi\u00f3n estrat\u00e9gica que hemos<br \/>tomado con el objetivo de <strong>potenciar a\u00fan m\u00e1s la competitividad de la marca en el<\/strong><br \/><strong>mercado argentino<\/strong>\u201d, destac\u00f3 <strong>M\u00e1rcio Querichelli<\/strong>, responsable m\u00e1ximo por la<br \/>operaci\u00f3n de IVECO en Am\u00e9rica Latina.<\/p>\n<p>En la misma l\u00ednea, Francisco Spasaro, director Comercial de IVECO Argentina, resumi\u00f3: \u201cLa familia Tector de producci\u00f3n nacional se ampl\u00eda con un nuevo integrante que, adem\u00e1s de ser muy valorado por los <a href=\"https:\/\/puntoapunto.com.ar\/tag\/transportistas\/\" class=\"st_tag internal_tag\" rel=\"tag\" title=\"Posts tagged with Transportistas\">transportistas<\/a> <a href=\"https:\/\/puntoapunto.com.ar\/tag\/argentinos\/\" class=\"st_tag internal_tag\" rel=\"tag\" title=\"Posts tagged with argentinos\">argentinos<\/a>, se convertir\u00e1 el \u00fanico cami\u00f3n mediano fabricado en la Argentina\u201d.<\/p>\n<p>El Tector 150E21 presenta la mayor potencia (206 CV) y torque (720 Nm) del mercado. Estos <a href=\"https:\/\/puntoapunto.com.ar\/tag\/resultados\/\" class=\"st_tag internal_tag\" rel=\"tag\" title=\"Posts tagged with resultados\">resultados<\/a> son posibles gracias a la tecnolog\u00eda de punta del motor NEF4, un motor de cuatro cilindros con tecnolog\u00eda SCR y 4,5 litros que comenzar\u00e1 a producirse en la f\u00e1brica de FPT Industrial, tambi\u00e9n dentro del Polo Productivo de CNH Industrial en C\u00f3rdoba.<\/p>\n<p>No tags for this post. <!-- A generated by theme --> <!-- end A --> <\/p>\n","protected":false},"excerpt":{"rendered":"<p>IVECO anunci\u00f3 que comenzar\u00e1 a producir el Tector de 15 toneladas en su Polo Productivo ubicado Ferreyra. La fabricaci\u00f3n se iniciar\u00e1 en octubre y la comercializaci\u00f3n est\u00e1 prevista para el \u00faltimo trimestre del a\u00f1o. \u201cLa decisi\u00f3n de fabricar este modelo en la Argentina es una muestra de la confianza global de la compa\u00f1\u00eda en nuestro [&hellip;]<\/p>\n","protected":false},"author":1,"featured_media":7238,"comment_status":"closed","ping_status":"closed","sticky":false,"template":"","format":"standard","meta":[],"categories":[25],"tags":[],"_links":{"self":[{"href":"http:\/\/cordobadirecto.com\/index.php\/wp-json\/wp\/v2\/posts\/7237"}],"collection":[{"href":"http:\/\/cordobadirecto.com\/index.php\/wp-json\/wp\/v2\/posts"}],"about":[{"href":"http:\/\/cordobadirecto.com\/index.php\/wp-json\/wp\/v2\/types\/post"}],"author":[{"embeddable":true,"href":"http:\/\/cordobadirecto.com\/index.php\/wp-json\/wp\/v2\/users\/1"}],"replies":[{"embeddable":true,"href":"http:\/\/cordobadirecto.com\/index.php\/wp-json\/wp\/v2\/comments?post=7237"}],"version-history":[{"count":0,"href":"http:\/\/cordobadirecto.com\/index.php\/wp-json\/wp\/v2\/posts\/7237\/revisions"}],"wp:featuredmedia":[{"embeddable":true,"href":"http:\/\/cordobadirecto.com\/index.php\/wp-json\/wp\/v2\/media\/7238"}],"wp:attachment":[{"href":"http:\/\/cordobadirecto.com\/index.php\/wp-json\/wp\/v2\/media?parent=7237"}],"wp:term":[{"taxonomy":"category","embeddable":true,"href":"http:\/\/cordobadirecto.com\/index.php\/wp-json\/wp\/v2\/categories?post=7237"},{"taxonomy":"post_tag","embeddable":true,"href":"http:\/\/cordobadirecto.com\/index.php\/wp-json\/wp\/v2\/tags?post=7237"}],"curies":[{"name":"wp","href":"https:\/\/api.w.org\/{rel}","templated":true}]}}