{"id":7244,"date":"2021-05-29T13:18:52","date_gmt":"2021-05-29T13:18:52","guid":{"rendered":"https:\/\/lmdiario.com.ar\/contenido\/290681\/andres-calamaro-y-su-nuevo-disco-soy-un-rockero-expandido"},"modified":"2021-05-29T13:18:52","modified_gmt":"2021-05-29T13:18:52","slug":"andres-calamaro-y-su-nuevo-disco-soy-un-rockero-expandido","status":"publish","type":"post","link":"http:\/\/cordobadirecto.com\/index.php\/2021\/05\/29\/andres-calamaro-y-su-nuevo-disco-soy-un-rockero-expandido\/","title":{"rendered":"Andr\u00e9s Calamaro y su nuevo disco: &#8220;Soy un rockero expandido&#8221;"},"content":{"rendered":"<div readability=\"32\"> <img alt=\"Calamaro prensa Dios los Cr\u00eda\" class=\"img-responsive\" height=\"664\" loading=\"lazy\" sizes=\"auto\" src=\"http:\/\/cordobadirecto.com\/wp-content\/uploads\/2021\/05\/andres-calamaro-y-su-nuevo-disco-soy-un-rockero-expandido.jpg\" srcset=\"http:\/\/cordobadirecto.com\/wp-content\/uploads\/2021\/05\/andres-calamaro-y-su-nuevo-disco-soy-un-rockero-expandido.jpg 1000w, http:\/\/cordobadirecto.com\/wp-content\/uploads\/2021\/05\/andres-calamaro-y-su-nuevo-disco-soy-un-rockero-expandido-1.jpg 400w\" width=\"1000\"> <\/p>\n<p> <span>Andres Calamaro lanz\u00f3 este viernes su nuevo disco llamado &#8220;Dios los cr\u00eda&#8221;. <\/span> <span>Foto: prensa<\/span> <\/p>\n<\/p><\/div>\n<div readability=\"126\">\n<p><strong>Andr\u00e9s Calamaro<\/strong>, quien lanz\u00f3 este jueves su nuevo disco <strong>\u201cDios los cr\u00eda\u201d<\/strong> donde incluye duetos con <strong>Julio Iglesias, Alejandro Sanz, Mon Laferte, Lila Downs, Raphael y Fernando Cabrera<\/strong>, entre m\u00e1s, calific\u00f3 de \u201cimbatibles\u201d a los grandes compositores de tango y folclore y consider\u00f3 que son \u201calgo inalcanzable\u201d.<\/p>\n<p><strong>\u201cPara m\u00ed cantar Chico Novarro, Sandro o Leonardo Favio siempre es un placer y hay que cantarlos bien, pero reconozco la imbatible categor\u00eda de los creadores de tango y folclore como algo inalcanzable\u201d<\/strong>, confes\u00f3 Calamaro en entrevista con la Agencia de Noticias T\u00e9lam.<\/p>\n<p>El disco revisita las canciones emblem\u00e1ticas de Calamaro con la colaboraci\u00f3n de artistas legendarios de la m\u00fasica latina, en una excepcional reuni\u00f3n de talentos.<strong> Con Julio Iglesias grab\u00f3 \u201cBohemio\u201d<\/strong>, luego reuni\u00f3 a <strong>Manolo Garc\u00eda y Vicente Amigo para con ellos interpretar \u201cPara no olvidar\u201d<\/strong>. A estos adelantos se sum\u00f3 la nueva versi\u00f3n de &#8220;<strong>Flaca&#8221;, esta vez acompa\u00f1ado por Alejandro Sanz.<\/strong><\/p>\n<p>Luego siguen versiones de<strong> &#8220;En un hotel de mil estrellas&#8221; con el brasile\u00f1o Milton Nascimento<\/strong>;<strong> &#8220;Tantas veces&#8221; con la chilena Mon Laferte<\/strong>; <strong>&#8220;Estadio Azteca&#8221; con la mexicana Lila Downs<\/strong>; <strong>&#8220;Mi Bandera&#8221; junto a Le\u00f3n Gieco<\/strong>; <strong>&#8220;Eng\u00e1nchate conmigo&#8221; con el colombiano Juanes<\/strong> <strong>y el espa\u00f1ol Ni\u00f1o Josele<\/strong>; &#8220;<strong>Tuyo Siempre&#8221; con Vicentico<\/strong>; <strong>&#8220;Paloma&#8221; con el colombiano Sebasti\u00e1n Yatra y los espa\u00f1oles Leiva e Iv\u00e1n Ferreriro.<\/strong><\/p>\n<p>El trabajo contin\u00faa con la versi\u00f3n junto a una leyenda de la m\u00fasica latina como<strong> Raphael del tango \u201cJugar con fuego\u201d<\/strong>, que &#8220;el Salm\u00f3n&#8221; compuso junto a<strong> Mariano Mores<\/strong>. Tambi\u00e9n incluye<strong> &#8220;Pasemos a otro tema&#8221; con la mexicana Julieta Venegas<\/strong>; <strong>&#8220;Gaviotas&#8221; con el ex Caifanes Sa\u00fal Hern\u00e1ndez<\/strong>; <strong>&#8220;Horizontes&#8221; junto al uruguayo Fernando Cabrera<\/strong>; y <strong>&#8220;Alg\u00fan lugar encontrar\u00e9&#8221; junto Carlos Vives.<\/strong><\/p>\n<p>Via mail, Calamaro charl\u00f3 con T\u00e9lam y explic\u00f3 que \u201cluego de publicar<strong> &#8216;Romaphonic Sessions&#8217;<\/strong>, grabado con <strong>Germ\u00e1n Wiedemer<\/strong>, ensayamos en tr\u00edo y cantante, con <strong>To\u00f1o Miguel y Martin Bruhm<\/strong> en contrabajo y percusi\u00f3n, para una gira de dos a\u00f1os,<strong> &#8216;Licencia para cantar&#8217;<\/strong>. Promediando la gira eleg\u00edamos canciones para un disco en vivo pero entramos al estudio para grabar el repertorio de los recitales, estas canciones las hab\u00eda cantado cientos de veces pero imaginarlas intervenidas por otros cantantes me gustaba\u201d. \u201cLa llave que nos permiti\u00f3 llegar a puerto con este deseo -a\u00f1adi\u00f3 el argentino- fue <strong>Carlos Narea<\/strong>, productor de este \u00e1lbum que acord\u00f3 con el estilo del tr\u00edo, elegimos m\u00e1s canciones, volvimos a grabar m\u00e1s m\u00fasica y empezamos la tarea de pensar y elegir cantantes posibles e imposibles\u201d.<\/p>\n<p>Sobre la elecci\u00f3n del repertorio,<strong> Calamaro detall\u00f3 que \u201cpensamos tres posibles canciones para cada cantante y tres cantantes posibles para cada canci\u00f3n. Luego fuimos viendo y esperando el feedback de los invitados especiales. Hubo un margen para elegir porque ten\u00edamos grabadas m\u00e1s que estas 15 canciones que est\u00e1n en el \u00e1lbum\u201d<\/strong>.<\/p>\n<p><iframe allow=\"accelerometer; autoplay; clipboard-write; encrypted-media; gyroscope; picture-in-picture\" allowfullscreen frameborder=\"0\" height=\"315\" loading=\"lazy\" src=\"https:\/\/www.youtube.com\/embed\/D4uahmz6NzU\" title=\"YouTube video player\" width=\"560\">[embedded content]<\/iframe><\/p>\n<p><strong>-\u00bfSent\u00eds que las canciones tomaron nueva vida con estas versiones?-<br \/><\/strong>Sin dudas. Si bien las canciones se estrenan insurrectas en cada recital, algunas nunca las tocamos como otras que las tocamos cientos de veces y siempre distintas, interpretadas sin apoyo de grabaciones ni m\u00e1s que la memoria o los olvidos para los que llevamos apuntes de letra o acordes. Estas canciones sufrieron a un \u00fanico cantante, condenadas a escucharse casi siempre en la misma garganta. El arte aportado por estos artistas grandes les ha inyectado pura vida, nuevos br\u00edos y detalles, volvieron a nacer.<\/p>\n<p><strong>-\u00bfC\u00f3mo se dio la elecci\u00f3n de Julio Iglesias para \u201cBohemio\u201d?<\/strong><br \/>Julio Iglesias es m\u00e1s que una leyenda. Como artista y persona es extraordinario. Ya nos conoc\u00edamos un poco y estar en los radares de \u00e9l es un honor y una alegr\u00eda. Anteriormente hab\u00eda imaginado posibles canciones para este caballero (\u201cEng\u00e1nchate conmigo\u201d y \u201cAdi\u00f3s amigos adi\u00f3s\u201d), pero la forma en que aborda Bohemio es una clase magistral de c\u00f3mo cantar con \u201ccharme\u201d y elegancia, excelencia, estilo personal intransferible, amor al oficio, amistad y respeto. Un cantante mejorando una leyenda. Mil puntos.<\/p>\n<p><strong>-\u00bfY con Raphael para el tango \u201cJugar con fuego\u201d?<\/strong><br \/>-Raphael es el primero en muchas cosas y el \u00fanico mohicano. No es de este mundo ni hay palabras para explicarlo en pocas frases. Tiene un arte, una entrega y un oficio que ya no existen si es que existieron alguna vez. Cantamos \u201cJugar con fuego\u201d en su tradicional especial navide\u00f1o en TV y nos complotamos en una canci\u00f3n original que espero que grabe y estrene. Mariano Mores estar\u00eda orgulloso y encantado con el arte de Raphael y el respeto a la partitura que imprime Germ\u00e1n, que escribi\u00f3 el arreglo para piano y contrabajo a partir del piano de Mariano.<\/p>\n<p><strong>-Entre el semejante elenco reunido \u00bfQui\u00e9nes te llamaron m\u00e1s la atenci\u00f3n?<br \/><\/strong>-Saber que Milton Nascimento estaba para cantar en el disco me abri\u00f3 las carnes de la ilusi\u00f3n, escucharlo cantar \u201cUn hotel de mil estrellas\u201d es sublime, delicado y colosal. Parece que canta desde el cielo. Tambi\u00e9n Fernando Cabrera es de una sensibilidad \u00fanica, se escucha como viendo romperse una copa de cristal en mil pedazos, y contarlos uno por uno mientras caen en c\u00e1mara lenta al suelo. Hizo de \u201cHorizontes\u201d la corona de espinas del disco, no es normal escuchar un cantante quebr\u00e1ndose as\u00ed. Subyuga escucharlo.<\/p>\n<p><span>(*) Agencia T\u00e9lam<\/span><\/p>\n<\/p><\/div>\n","protected":false},"excerpt":{"rendered":"<p>Andres Calamaro lanz\u00f3 este viernes su nuevo disco llamado &#8220;Dios los cr\u00eda&#8221;. Foto: prensa Andr\u00e9s Calamaro, quien lanz\u00f3 este jueves su nuevo disco \u201cDios los cr\u00eda\u201d donde incluye duetos con Julio Iglesias, Alejandro Sanz, Mon Laferte, Lila Downs, Raphael y Fernando Cabrera, entre m\u00e1s, calific\u00f3 de \u201cimbatibles\u201d a los grandes compositores de tango y folclore [&hellip;]<\/p>\n","protected":false},"author":1,"featured_media":7245,"comment_status":"open","ping_status":"closed","sticky":false,"template":"","format":"standard","meta":[],"categories":[19],"tags":[],"_links":{"self":[{"href":"http:\/\/cordobadirecto.com\/index.php\/wp-json\/wp\/v2\/posts\/7244"}],"collection":[{"href":"http:\/\/cordobadirecto.com\/index.php\/wp-json\/wp\/v2\/posts"}],"about":[{"href":"http:\/\/cordobadirecto.com\/index.php\/wp-json\/wp\/v2\/types\/post"}],"author":[{"embeddable":true,"href":"http:\/\/cordobadirecto.com\/index.php\/wp-json\/wp\/v2\/users\/1"}],"replies":[{"embeddable":true,"href":"http:\/\/cordobadirecto.com\/index.php\/wp-json\/wp\/v2\/comments?post=7244"}],"version-history":[{"count":0,"href":"http:\/\/cordobadirecto.com\/index.php\/wp-json\/wp\/v2\/posts\/7244\/revisions"}],"wp:featuredmedia":[{"embeddable":true,"href":"http:\/\/cordobadirecto.com\/index.php\/wp-json\/wp\/v2\/media\/7245"}],"wp:attachment":[{"href":"http:\/\/cordobadirecto.com\/index.php\/wp-json\/wp\/v2\/media?parent=7244"}],"wp:term":[{"taxonomy":"category","embeddable":true,"href":"http:\/\/cordobadirecto.com\/index.php\/wp-json\/wp\/v2\/categories?post=7244"},{"taxonomy":"post_tag","embeddable":true,"href":"http:\/\/cordobadirecto.com\/index.php\/wp-json\/wp\/v2\/tags?post=7244"}],"curies":[{"name":"wp","href":"https:\/\/api.w.org\/{rel}","templated":true}]}}