{"id":7246,"date":"2021-05-29T05:17:26","date_gmt":"2021-05-29T05:17:26","guid":{"rendered":"http:\/\/www.bbc.com\/mundo\/noticias-internacional-57282350"},"modified":"2021-05-29T05:17:26","modified_gmt":"2021-05-29T05:17:26","slug":"como-fue-el-genocidio-olvidado-de-namibia-cometido-por-alemania-y-reconocido-un-siglo-despues","status":"publish","type":"post","link":"http:\/\/cordobadirecto.com\/index.php\/2021\/05\/29\/como-fue-el-genocidio-olvidado-de-namibia-cometido-por-alemania-y-reconocido-un-siglo-despues\/","title":{"rendered":"C\u00f3mo fue el &#8220;genocidio olvidado&#8221; de Namibia, cometido por Alemania y reconocido un siglo despu\u00e9s"},"content":{"rendered":"<div dir=\"ltr\" class=\"e1j2237y6 bbc-q4ibpr e57qer20\">\n<div class=\"bbc-1atl7vu e1c9i7u14\">\n<ul role=\"list\" class=\"bbc-cdrraw e1c9i7u12\">\n<li role=\"listitem\" class=\"bbc-1a3w4ok e1c9i7u11\">Tim Whewell*<\/li>\n<li role=\"listitem\" class=\"bbc-1p92jtu e1c9i7u10\">BBC News, Namibia<\/li>\n<\/ul>\n<\/div>\n<\/div>\n<p><time datetime=\"2021-05-29\" class=\"bbc-14xtggo e4zesg50\">8 horas<\/time><\/p>\n<div dir=\"ltr\" class=\"bbc-1ka88fa e57qer20\">\n<figure class=\"bbc-1qdcvv9 e6bmn90\">\n<div dir=\"ltr\" class=\"bbc-172p16q e57qer20\">\n<div dir=\"ltr\" class=\"bbc-189y18v e57qer20\" readability=\"6.5\">\n<div data-e2e=\"image-placeholder\" class=\"bbc-1qsqklc e1whu0\" readability=\"8\"><img srcset=\"http:\/\/cordobadirecto.com\/wp-content\/uploads\/2021\/05\/como-fue-el-genocidio-olvidado-de-namibia-cometido-por-alemania-y-reconocido-un-siglo-despues-10.jpg 240w, http:\/\/cordobadirecto.com\/wp-content\/uploads\/2021\/05\/como-fue-el-genocidio-olvidado-de-namibia-cometido-por-alemania-y-reconocido-un-siglo-despues-11.jpg 320w, http:\/\/cordobadirecto.com\/wp-content\/uploads\/2021\/05\/como-fue-el-genocidio-olvidado-de-namibia-cometido-por-alemania-y-reconocido-un-siglo-despues-12.jpg 480w, http:\/\/cordobadirecto.com\/wp-content\/uploads\/2021\/05\/como-fue-el-genocidio-olvidado-de-namibia-cometido-por-alemania-y-reconocido-un-siglo-despues-13.jpg 624w, http:\/\/cordobadirecto.com\/wp-content\/uploads\/2021\/05\/como-fue-el-genocidio-olvidado-de-namibia-cometido-por-alemania-y-reconocido-un-siglo-despues-14.jpg 800w\" alt=\"Prisioneros herero encadenados en 1904.\" src=\"http:\/\/cordobadirecto.com\/wp-content\/uploads\/2021\/05\/como-fue-el-genocidio-olvidado-de-namibia-cometido-por-alemania-y-reconocido-un-siglo-despues.jpg\" width=\"976\" class=\"bbc-fat2bc e1enwo3v0\"><\/p>\n<p role=\"text\" class=\"bbc-1s1cxbv etq3yw90\"><span class=\"bbc-1gnhmg2 e1yt7oin0\">Fuente de la imagen, <\/span><span lang=\"en-GB\">Getty Images<\/span><\/p>\n<\/div>\n<\/div>\n<div dir=\"ltr\" class=\"bbc-3edg7g e57qer20\" readability=\"6\"><figcaption dir=\"ltr\" class=\"bbc-1t9zlwf eede9f50\" readability=\"2\"><span class=\"bbc-1gnhmg2 e1yt7oin0\">Pie de foto, <\/span><\/p>\n<p>Prisioneros herero encadenados en 1904.<\/p>\n<\/figcaption><\/div>\n<\/div>\n<\/figure>\n<\/div>\n<div dir=\"ltr\" class=\"bbc-19j92fr e57qer20\" readability=\"8\">\n<p dir=\"ltr\" class=\"bbc-bm53ic e1cc2ql70\"><b>No ser\u00e1 f\u00e1cil curar las antiguas y profundas heridas dejadas por Alemania en Namibia de lo que ahora es considerado como un genocidio perpetrado por las fuerzas coloniales.<\/b><\/p>\n<\/div>\n<div dir=\"ltr\" class=\"bbc-19j92fr e57qer20\" readability=\"11\">\n<p dir=\"ltr\" class=\"bbc-bm53ic e1cc2ql70\">Este viernes, despu\u00e9s de m\u00e1s de 100 a\u00f1os, Berl\u00edn reconoci\u00f3 oficialmente las atrocidades que cometi\u00f3 durante la ocupaci\u00f3n de Namibia en la \u00e9poca colonial y le ofreci\u00f3 al pa\u00eds africano una suma de dinero como compensaci\u00f3n.<\/p>\n<\/div>\n<div dir=\"ltr\" class=\"bbc-19j92fr e57qer20\" readability=\"7\">\n<p dir=\"ltr\" class=\"bbc-bm53ic e1cc2ql70\">Pero \u00bfc\u00f3mo se compensa la <b>destrucci\u00f3n de toda una sociedad<\/b>? \u00bfQu\u00e9 precio se puede poner?<\/p>\n<\/div>\n<div dir=\"ltr\" class=\"bbc-19j92fr e57qer20\" readability=\"7\">\n<p dir=\"ltr\" class=\"bbc-bm53ic e1cc2ql70\">Alemania acept\u00f3 pagar m\u00e1s de US$1.000 millones de d\u00f3lares. <\/p>\n<\/div>\n<div dir=\"ltr\" class=\"bbc-19j92fr e57qer20\" readability=\"12\">\n<p dir=\"ltr\" class=\"bbc-bm53ic e1cc2ql70\">&#8220;A la luz de la responsabilidad hist\u00f3rica y moral de Alemania, pediremos perd\u00f3n a Namibia y a los descendientes de las v\u00edctimas&#8221;, asegur\u00f3 este viernes el ministro de Relaciones Exteriores, Heiko Maas. <\/p>\n<\/div>\n<div dir=\"ltr\" class=\"bbc-19j92fr e57qer20\" readability=\"11\">\n<p dir=\"ltr\" class=\"bbc-bm53ic e1cc2ql70\">El funcionario alem\u00e1n agreg\u00f3 que su pa\u00eds, en un &#8220;gesto para reconocer el inmenso sufrimiento infligido a las v\u00edctimas&#8221;, apoyar\u00e1 el desarrollo de la naci\u00f3n africana a trav\u00e9s de un programa que costar\u00e1 m\u00e1s de US$1.300 millones. <\/p>\n<\/div>\n<div dir=\"ltr\" class=\"bbc-19j92fr e57qer20\" readability=\"9\">\n<p dir=\"ltr\" class=\"bbc-bm53ic e1cc2ql70\">La suma ser\u00e1 pagada a lo largo de 30 a\u00f1os e invertida en infraestructura, atenci\u00f3n m\u00e9dica y programas de capacitaci\u00f3n que beneficien a las comunidades afectadas.<\/p>\n<\/div>\n<div dir=\"ltr\" class=\"bbc-19j92fr e57qer20\" readability=\"9\">\n<p dir=\"ltr\" class=\"bbc-bm53ic e1cc2ql70\">Pero algunos l\u00edderes namibios <b>se han negado<\/b> hasta ahora a respaldar el acuerdo, seg\u00fan inform\u00f3 el peri\u00f3dico estatal New Era.<\/p>\n<\/div>\n<div dir=\"ltr\" class=\"bbc-19j92fr e57qer20\" readability=\"9\">\n<p dir=\"ltr\" class=\"bbc-bm53ic e1cc2ql70\">En Namibia, los descendientes tanto de las v\u00edctimas como de los colonizadores han discutido encarnizadamente sobre qu\u00e9 precio se le puede poner al genocidio. <\/p>\n<\/div>\n<p><h2 id=\"La-colonia-alemana-de-\u00c1frica-del-Sudoeste\" tabindex=\"-1\" class=\"bbc-l3e97o e14hemmw0\">La colonia alemana de \u00c1frica del Sudoeste<\/h2>\n<\/p>\n<div dir=\"ltr\" class=\"bbc-19j92fr e57qer20\" readability=\"10\">\n<p dir=\"ltr\" class=\"bbc-bm53ic e1cc2ql70\">&#8220;A lo largo de toda esta playa, <b>hab\u00eda un campo de concentraci\u00f3n<\/b>&#8220;, dice Laidlaw Peringanda. &#8220;El alambre de p\u00faas corr\u00eda por donde se ve el estacionamiento hoy&#8221;.<\/p>\n<\/div>\n<div dir=\"ltr\" class=\"bbc-19j92fr e57qer20\" readability=\"11\">\n<p dir=\"ltr\" class=\"bbc-bm53ic e1cc2ql70\">El artista y activista social se\u00f1ala m\u00e1s all\u00e1 de una hilera de cafeter\u00edas al aire libre y un parque infantil en el paseo mar\u00edtimo de Swakopmund, el principal balneario de Namibia, donde las aguas fr\u00edas del Atl\u00e1ntico chocan contra el borde del desierto del Namib.<\/p>\n<\/div>\n<div dir=\"ltr\" class=\"bbc-1ka88fa e57qer20\">\n<figure class=\"bbc-1qdcvv9 e6bmn90\">\n<div dir=\"ltr\" class=\"bbc-172p16q e57qer20\">\n<div dir=\"ltr\" class=\"bbc-189y18v e57qer20\" readability=\"6.5\">\n<div data-e2e=\"image-placeholder\" class=\"bbc-1qsqklc e1whu0\" readability=\"8\"><noscript><img srcset=\"http:\/\/cordobadirecto.com\/wp-content\/uploads\/2021\/05\/como-fue-el-genocidio-olvidado-de-namibia-cometido-por-alemania-y-reconocido-un-siglo-despues-15.jpg 240w, http:\/\/cordobadirecto.com\/wp-content\/uploads\/2021\/05\/como-fue-el-genocidio-olvidado-de-namibia-cometido-por-alemania-y-reconocido-un-siglo-despues-16.jpg 320w, http:\/\/cordobadirecto.com\/wp-content\/uploads\/2021\/05\/como-fue-el-genocidio-olvidado-de-namibia-cometido-por-alemania-y-reconocido-un-siglo-despues-17.jpg 480w, http:\/\/cordobadirecto.com\/wp-content\/uploads\/2021\/05\/como-fue-el-genocidio-olvidado-de-namibia-cometido-por-alemania-y-reconocido-un-siglo-despues-18.jpg 624w, http:\/\/cordobadirecto.com\/wp-content\/uploads\/2021\/05\/como-fue-el-genocidio-olvidado-de-namibia-cometido-por-alemania-y-reconocido-un-siglo-despues-19.jpg 800w\" alt=\"Swakopmund\" src=\"http:\/\/cordobadirecto.com\/wp-content\/uploads\/2021\/05\/como-fue-el-genocidio-olvidado-de-namibia-cometido-por-alemania-y-reconocido-un-siglo-despues-1.jpg\" width=\"976\" class=\"bbc-fat2bc e1enwo3v0\"><\/noscript><\/p>\n<p role=\"text\" class=\"bbc-1s1cxbv etq3yw90\"><span class=\"bbc-1gnhmg2 e1yt7oin0\">Fuente de la imagen, <\/span><span lang=\"en-GB\">Getty Images<\/span><\/p>\n<\/div>\n<\/div>\n<div dir=\"ltr\" class=\"bbc-3edg7g e57qer20\" readability=\"6\"><figcaption dir=\"ltr\" class=\"bbc-1t9zlwf eede9f50\" readability=\"2\"><span class=\"bbc-1gnhmg2 e1yt7oin0\">Pie de foto, <\/span><\/p>\n<p>Swakopmund es una de las playas m\u00e1s concurridas de Namibia.<\/p>\n<\/figcaption><\/div>\n<\/div>\n<\/figure>\n<\/div>\n<div dir=\"ltr\" class=\"bbc-19j92fr e57qer20\" readability=\"9\">\n<p dir=\"ltr\" class=\"bbc-bm53ic e1cc2ql70\">&#8220;Mi bisabuela me cont\u00f3 que algunos miembros de nuestra familia fueron tra\u00eddos aqu\u00ed y obligados a trabajar, y murieron&#8221;.<\/p>\n<\/div>\n<div dir=\"ltr\" class=\"bbc-19j92fr e57qer20\" readability=\"9\">\n<p dir=\"ltr\" class=\"bbc-bm53ic e1cc2ql70\">Habla de los <b>a\u00f1os 1904-1908<\/b>, cuando la actual Namibia era la colonia alemana de \u00c1frica del Sudoeste. <\/p>\n<\/div>\n<div dir=\"ltr\" class=\"bbc-19j92fr e57qer20\" readability=\"13\">\n<p dir=\"ltr\" class=\"bbc-bm53ic e1cc2ql70\">Decenas de miles de personas murieron cuando las <b>fuerzas coloniales reprimieron brutalmente los levantamientos<\/b> de dos de los principales pueblos del pa\u00eds, los herero y los nama, matando a la mayor parte y llevando a otros a un desierto (el desierto de Omaheke, en el este del pa\u00eds) donde muchos murieron de hambre.<\/p>\n<\/div>\n<div dir=\"ltr\" class=\"bbc-19j92fr e57qer20\" readability=\"7\">\n<p dir=\"ltr\" class=\"bbc-bm53ic e1cc2ql70\">Los sobrevivientes terminaron en campamentos donde fueron utilizados como <b>mano de obra esclava.<\/b><\/p>\n<\/div>\n<div dir=\"ltr\" class=\"bbc-19j92fr e57qer20\" readability=\"10\">\n<p dir=\"ltr\" class=\"bbc-bm53ic e1cc2ql70\">Se estima que perecieron hasta 65.000 de los 80.000 herero que viv\u00edan en \u00c1frica del Sudoeste bajo dominio alem\u00e1n al comienzo del per\u00edodo colonial, as\u00ed como quiz\u00e1s 10.000 de una poblaci\u00f3n de nama estimada en 20.000 miembros.<\/p>\n<\/div>\n<div dir=\"ltr\" class=\"bbc-19j92fr e57qer20\" readability=\"10\">\n<p dir=\"ltr\" class=\"bbc-bm53ic e1cc2ql70\">Si no mor\u00edan de hambre, lo hac\u00edan por el agotamiento, la sed o por las balas y los ca\u00f1ones. La violaci\u00f3n de mujeres fue sistem\u00e1tica.<\/p>\n<\/div>\n<div dir=\"ltr\" class=\"bbc-19j92fr e57qer20\" readability=\"9\">\n<p dir=\"ltr\" class=\"bbc-bm53ic e1cc2ql70\">Cientos de cr\u00e1neos de v\u00edctimas fueron enviados a Alemania para estudios sobre diferencias raciales que buscaban probar <b>la superioridad de los blancos<\/b>. Veinte de esos cr\u00e1neos fueron devueltos por un hospital en Berl\u00edn a Namibia en 2011.<\/p>\n<\/div>\n<div dir=\"ltr\" class=\"bbc-19j92fr e57qer20\" readability=\"8\">\n<p dir=\"ltr\" class=\"bbc-bm53ic e1cc2ql70\">Las atrocidades cometidas en la entonces \u00c1frica del Sudoeste han sido descritas por los historiadores como &#8220;el genocidio olvidado&#8221; de principios del siglo XX.<\/p>\n<\/div>\n<div dir=\"ltr\" class=\"bbc-19j92fr e57qer20\" readability=\"11\">\n<p dir=\"ltr\" class=\"bbc-bm53ic e1cc2ql70\">Desde 2015, cuando <b>Alemania reconoci\u00f3 formalmente que las atrocidades <\/b>cometidas all\u00ed pod\u00edan ser tipificadas de genocidio, el pa\u00eds hab\u00eda estado negociando un acuerdo de justicia restaurativa con Namibia.<\/p>\n<\/div>\n<div dir=\"ltr\" class=\"bbc-1ka88fa e57qer20\">\n<figure class=\"bbc-1qdcvv9 e6bmn90\">\n<div dir=\"ltr\" class=\"bbc-172p16q e57qer20\">\n<div dir=\"ltr\" class=\"bbc-189y18v e57qer20\">\n<div data-e2e=\"image-placeholder\" class=\"bbc-1qsqklc e1whu0\"><noscript><img srcset=\"http:\/\/cordobadirecto.com\/wp-content\/uploads\/2021\/05\/como-fue-el-genocidio-olvidado-de-namibia-cometido-por-alemania-y-reconocido-un-siglo-despues-20.jpg 240w, http:\/\/cordobadirecto.com\/wp-content\/uploads\/2021\/05\/como-fue-el-genocidio-olvidado-de-namibia-cometido-por-alemania-y-reconocido-un-siglo-despues-21.jpg 320w, http:\/\/cordobadirecto.com\/wp-content\/uploads\/2021\/05\/como-fue-el-genocidio-olvidado-de-namibia-cometido-por-alemania-y-reconocido-un-siglo-despues-22.jpg 480w, http:\/\/cordobadirecto.com\/wp-content\/uploads\/2021\/05\/como-fue-el-genocidio-olvidado-de-namibia-cometido-por-alemania-y-reconocido-un-siglo-despues-23.jpg 624w, http:\/\/cordobadirecto.com\/wp-content\/uploads\/2021\/05\/como-fue-el-genocidio-olvidado-de-namibia-cometido-por-alemania-y-reconocido-un-siglo-despues-24.jpg 800w\" alt=\"Laidlaw Peringanda en una fosa com\u00fan de v\u00edctimas de campos de concentraci\u00f3n.\" src=\"http:\/\/cordobadirecto.com\/wp-content\/uploads\/2021\/05\/como-fue-el-genocidio-olvidado-de-namibia-cometido-por-alemania-y-reconocido-un-siglo-despues-2.jpg\" width=\"976\" class=\"bbc-fat2bc e1enwo3v0\"><\/noscript><\/div>\n<\/div>\n<div dir=\"ltr\" class=\"bbc-3edg7g e57qer20\" readability=\"6\"><figcaption dir=\"ltr\" class=\"bbc-1t9zlwf eede9f50\" readability=\"2\"><span class=\"bbc-1gnhmg2 e1yt7oin0\">Pie de foto, <\/span><\/p>\n<p>Laidlaw Peringanda en una fosa com\u00fan de v\u00edctimas de campos de concentraci\u00f3n.<\/p>\n<\/figcaption><\/div>\n<\/div>\n<\/figure>\n<\/div>\n<div dir=\"ltr\" class=\"bbc-19j92fr e57qer20\" readability=\"8\">\n<p dir=\"ltr\" class=\"bbc-bm53ic e1cc2ql70\">Nunca antes una expotencia colonial se hab\u00eda sentado con una antigua colonia de esta manera para llegar a un acuerdo integral sobre el legado del pasado.<\/p>\n<\/div>\n<div dir=\"ltr\" class=\"bbc-19j92fr e57qer20\" readability=\"7\">\n<p dir=\"ltr\" class=\"bbc-bm53ic e1cc2ql70\">Alemania dijo en ese entonces que presentar\u00eda <b>una disculpa formal<\/b><b>.<\/b><\/p>\n<\/div>\n<div dir=\"ltr\" class=\"bbc-1ka88fa e57qer20\">\n<figure class=\"bbc-1qdcvv9 e6bmn90\">\n<div dir=\"ltr\" class=\"bbc-172p16q e57qer20\">\n<div dir=\"ltr\" class=\"bbc-189y18v e57qer20\">\n<div data-e2e=\"image-placeholder\" class=\"bbc-367mqz e1whu0\"><noscript><img srcset=\"http:\/\/cordobadirecto.com\/wp-content\/uploads\/2021\/05\/como-fue-el-genocidio-olvidado-de-namibia-cometido-por-alemania-y-reconocido-un-siglo-despues-25.jpg 240w, http:\/\/cordobadirecto.com\/wp-content\/uploads\/2021\/05\/como-fue-el-genocidio-olvidado-de-namibia-cometido-por-alemania-y-reconocido-un-siglo-despues-26.jpg 320w, http:\/\/cordobadirecto.com\/wp-content\/uploads\/2021\/05\/como-fue-el-genocidio-olvidado-de-namibia-cometido-por-alemania-y-reconocido-un-siglo-despues-27.jpg 464w\" alt=\"L\u00ednea.\" src=\"http:\/\/cordobadirecto.com\/wp-content\/uploads\/2021\/05\/como-fue-el-genocidio-olvidado-de-namibia-cometido-por-alemania-y-reconocido-un-siglo-despues-3.jpg\" width=\"464\" class=\"bbc-fat2bc e1enwo3v0\"><\/noscript><\/div>\n<\/div>\n<\/div>\n<\/figure>\n<\/div>\n<p><h2 id=\"Cualquier-herero-con-o-sin-armas-ser\u00e1-ejecutado\" tabindex=\"-1\" class=\"bbc-l3e97o e14hemmw0\">&#8220;Cualquier herero, con o sin armas, ser\u00e1 ejecutado&#8221;<\/h2>\n<\/p>\n<div dir=\"ltr\" class=\"bbc-19j92fr e57qer20\" readability=\"13\">\n<p dir=\"ltr\" class=\"bbc-bm53ic e1cc2ql70\">Las potencias europeas sellaron <b>el reparto de \u00c1frica<\/b> en la conferencia de Berl\u00edn en 1884. Alemania, que tuvo colonias en el territorio de los actuales Camer\u00fan, Togo y Tanzania, se anex\u00f3 tambi\u00e9n la costa suroeste del continente africano, actualmente Namibia.<\/p>\n<\/div>\n<div dir=\"ltr\" class=\"bbc-19j92fr e57qer20\" readability=\"11\">\n<p dir=\"ltr\" class=\"bbc-bm53ic e1cc2ql70\">All\u00ed, Alemania expuls\u00f3 a comunidades de sus tierras, que fueron entregadas a colonos alemanes. La poblaci\u00f3n nativa fue sometida a todo tipo de abusos, incluyendo <b>violaciones y asesinatos<\/b>.<\/p>\n<\/div>\n<div dir=\"ltr\" class=\"bbc-19j92fr e57qer20\" readability=\"8\">\n<p dir=\"ltr\" class=\"bbc-bm53ic e1cc2ql70\">En 1903 los guerreros herero y nama se rebelaron lanzando ataques en los que murieron decenas de colonos.<\/p>\n<\/div>\n<div dir=\"ltr\" class=\"bbc-19j92fr e57qer20\" readability=\"7\">\n<p dir=\"ltr\" class=\"bbc-bm53ic e1cc2ql70\">Alemania respondi\u00f3 de forma despiadada.<\/p>\n<\/div>\n<div dir=\"ltr\" class=\"bbc-19j92fr e57qer20\" readability=\"12\">\n<p dir=\"ltr\" class=\"bbc-bm53ic e1cc2ql70\">En 1904 el emperador alem\u00e1n, el k\u00e1iser Guillermo II, despach\u00f3 unos 14.000 soldados a Namibia bajo el comando del notorio Lothar von Trotha, el general que hab\u00eda reprimido brutalmente rebeliones nativas en China y el este de \u00c1frica.<\/p>\n<\/div>\n<div dir=\"ltr\" class=\"bbc-19j92fr e57qer20\" readability=\"10\">\n<p dir=\"ltr\" class=\"bbc-bm53ic e1cc2ql70\">Quienes sobrevivieron batallas como la de Waterberg fueron asesinados, o forzados hacia el ardiente desierto de Kalahari, donde soldados alemanes hab\u00edan envenenado los pozos de agua.<\/p>\n<\/div>\n<div dir=\"ltr\" class=\"bbc-19j92fr e57qer20\" readability=\"7\">\n<p dir=\"ltr\" class=\"bbc-bm53ic e1cc2ql70\">El mensaje de Von Trotha a los herero no deja lugar a dudas:<\/p>\n<\/div>\n<div dir=\"ltr\" class=\"bbc-19j92fr e57qer20\" readability=\"14\">\n<p dir=\"ltr\" class=\"bbc-bm53ic e1cc2ql70\">&#8220;Yo, general de los soldados alemanes, env\u00edo esta carta a los herero. La naci\u00f3n herero debe abandonar el pa\u00eds&#8230; Si se niegan, <b>los forzar\u00e9 a ca\u00f1onazos<\/b>&#8230; Cualquier herero, con o sin armas, ser\u00e1 ejecutado&#8221;.<\/p>\n<\/div>\n<div dir=\"ltr\" class=\"bbc-1ka88fa e57qer20\">\n<figure class=\"bbc-1qdcvv9 e6bmn90\">\n<div dir=\"ltr\" class=\"bbc-172p16q e57qer20\">\n<div dir=\"ltr\" class=\"bbc-189y18v e57qer20\" readability=\"6.5\">\n<div data-e2e=\"image-placeholder\" class=\"bbc-1qsqklc e1whu0\" readability=\"8\"><noscript><img srcset=\"http:\/\/cordobadirecto.com\/wp-content\/uploads\/2021\/05\/como-fue-el-genocidio-olvidado-de-namibia-cometido-por-alemania-y-reconocido-un-siglo-despues-28.jpg 240w, http:\/\/cordobadirecto.com\/wp-content\/uploads\/2021\/05\/como-fue-el-genocidio-olvidado-de-namibia-cometido-por-alemania-y-reconocido-un-siglo-despues-29.jpg 320w, http:\/\/cordobadirecto.com\/wp-content\/uploads\/2021\/05\/como-fue-el-genocidio-olvidado-de-namibia-cometido-por-alemania-y-reconocido-un-siglo-despues-30.jpg 480w, http:\/\/cordobadirecto.com\/wp-content\/uploads\/2021\/05\/como-fue-el-genocidio-olvidado-de-namibia-cometido-por-alemania-y-reconocido-un-siglo-despues-31.jpg 624w, http:\/\/cordobadirecto.com\/wp-content\/uploads\/2021\/05\/como-fue-el-genocidio-olvidado-de-namibia-cometido-por-alemania-y-reconocido-un-siglo-despues-32.jpg 800w\" alt=\"Un tren que transportaba prisioneros herero al campo de concentraci\u00f3n (1904)\" src=\"http:\/\/cordobadirecto.com\/wp-content\/uploads\/2021\/05\/como-fue-el-genocidio-olvidado-de-namibia-cometido-por-alemania-y-reconocido-un-siglo-despues-4.jpg\" width=\"976\" class=\"bbc-fat2bc e1enwo3v0\"><\/noscript><\/p>\n<p role=\"text\" class=\"bbc-1s1cxbv etq3yw90\"><span class=\"bbc-1gnhmg2 e1yt7oin0\">Fuente de la imagen, <\/span><span lang=\"en-GB\">Getty Images<\/span><\/p>\n<\/div>\n<\/div>\n<div dir=\"ltr\" class=\"bbc-3edg7g e57qer20\" readability=\"6\"><figcaption dir=\"ltr\" class=\"bbc-1t9zlwf eede9f50\" readability=\"2\"><span class=\"bbc-1gnhmg2 e1yt7oin0\">Pie de foto, <\/span><\/p>\n<p>Un tren que transportaba prisioneros herero al campo de concentraci\u00f3n (1904).<\/p>\n<\/figcaption><\/div>\n<\/div>\n<\/figure>\n<\/div>\n<div dir=\"ltr\" class=\"bbc-19j92fr e57qer20\" readability=\"15\">\n<p dir=\"ltr\" class=\"bbc-bm53ic e1cc2ql70\">&#8220;Von Trotha dijo a sus soldados que no perdieran su honor disparando contra mujeres y ni\u00f1os, que dispararan para asustarles y las forzaran a huir al desierto, donde enfrentaron una muerte segura por sed y hambre&#8221;, se\u00f1al\u00f3 a BBC Mundo Reinhart Koessler, profesor en el departamento de ciencia pol\u00edtica de la Universidad de Friburgo y acad\u00e9mico especializado en memoria pol\u00edtica, que ha estudiado durante dos d\u00e9cadas el pasado colonial de Alemania en el oeste de \u00c1frica.<\/p>\n<\/div>\n<div dir=\"ltr\" class=\"bbc-19j92fr e57qer20\" readability=\"11\">\n<p dir=\"ltr\" class=\"bbc-bm53ic e1cc2ql70\">Para Koessler, las palabras de Von Trotha &#8220;fueron una intenci\u00f3n clara de exterminaci\u00f3n, y eso es lo que constituye genocidio, la voluntad de eliminar un grupo \u00e9tnico&#8221;.<\/p>\n<\/div>\n<div dir=\"ltr\" class=\"bbc-19j92fr e57qer20\" readability=\"8\">\n<p dir=\"ltr\" class=\"bbc-bm53ic e1cc2ql70\">La <b>violaci\u00f3n de mujeres herero<\/b> y nama fue tan generalizada que muchos descendientes tienen actualmente alg\u00fan ancestro alem\u00e1n.<\/p>\n<\/div>\n<div dir=\"ltr\" class=\"bbc-19j92fr e57qer20\" readability=\"12\">\n<p dir=\"ltr\" class=\"bbc-bm53ic e1cc2ql70\">&#8220;Yo soy un descendiente directo de los ovaherero. Tanto mis abuelos paternos como maternos ten\u00edan sangre alemana en sus venas por el abuso sexual que los soldados alemanes cometieron contra mi pueblo&#8221;, se\u00f1al\u00f3 a BBC Mundo Ngondi Kamatuka, presidente interino de la Asociaci\u00f3n Ovaherero contra el Genocidio en Estados Unidos.<\/p>\n<\/div>\n<div dir=\"ltr\" class=\"bbc-1ka88fa e57qer20\">\n<figure class=\"bbc-1qdcvv9 e6bmn90\">\n<div dir=\"ltr\" class=\"bbc-172p16q e57qer20\">\n<div dir=\"ltr\" class=\"bbc-189y18v e57qer20\">\n<div data-e2e=\"image-placeholder\" class=\"bbc-367mqz e1whu0\"><noscript><img srcset=\"http:\/\/cordobadirecto.com\/wp-content\/uploads\/2021\/05\/como-fue-el-genocidio-olvidado-de-namibia-cometido-por-alemania-y-reconocido-un-siglo-despues-25.jpg 240w, http:\/\/cordobadirecto.com\/wp-content\/uploads\/2021\/05\/como-fue-el-genocidio-olvidado-de-namibia-cometido-por-alemania-y-reconocido-un-siglo-despues-26.jpg 320w, http:\/\/cordobadirecto.com\/wp-content\/uploads\/2021\/05\/como-fue-el-genocidio-olvidado-de-namibia-cometido-por-alemania-y-reconocido-un-siglo-despues-27.jpg 464w\" alt=\"L\u00ednea.\" src=\"http:\/\/cordobadirecto.com\/wp-content\/uploads\/2021\/05\/como-fue-el-genocidio-olvidado-de-namibia-cometido-por-alemania-y-reconocido-un-siglo-despues-3.jpg\" width=\"464\" class=\"bbc-fat2bc e1enwo3v0\"><\/noscript><\/div>\n<\/div>\n<\/div>\n<\/figure>\n<\/div>\n<p><h2 id=\"Dinero-y-tierras\" tabindex=\"-1\" class=\"bbc-l3e97o e14hemmw0\">Dinero y tierras<\/h2>\n<\/p>\n<div dir=\"ltr\" class=\"bbc-19j92fr e57qer20\" readability=\"8\">\n<p dir=\"ltr\" class=\"bbc-bm53ic e1cc2ql70\">Por muchos a\u00f1os la pregunta m\u00e1s importante para los namibios fue de qu\u00e9 manera se pod\u00eda llegar a un acuerdo de compensaci\u00f3n material.<\/p>\n<\/div>\n<div dir=\"ltr\" class=\"bbc-19j92fr e57qer20\" readability=\"13\">\n<p dir=\"ltr\" class=\"bbc-bm53ic e1cc2ql70\">Laidlaw Peringanda, como la mayor\u00eda de los hereros, lo ten\u00eda claro: un <b>acuerdo financiero masivo que ayude a restaurar la prosperidad <\/b>que \u00e9l cree que su pueblo disfrutaba entonces, como pastores de ganado, antes del genocidio.<\/p>\n<\/div>\n<div dir=\"ltr\" class=\"bbc-19j92fr e57qer20\" readability=\"9\">\n<p dir=\"ltr\" class=\"bbc-bm53ic e1cc2ql70\">Posteriormente, la mayor parte de la tierra del pa\u00eds se dividi\u00f3 en <b>granjas privadas y se entreg\u00f3 a los colonos alemanes.<\/b><\/p>\n<\/div>\n<div dir=\"ltr\" class=\"bbc-19j92fr e57qer20\" readability=\"11\">\n<p dir=\"ltr\" class=\"bbc-bm53ic e1cc2ql70\">Y hoy la mayor\u00eda de los herero y nama viven en <b>peque\u00f1as \u00e1reas superpobladas de tierras comunales<\/b> que les fueron asignadas posteriormente, o en pueblos, en los &#8220;asentamientos informales&#8221; o barrios de chabolas que albergan al 40% de la poblaci\u00f3n de Namibia.<\/p>\n<\/div>\n<div dir=\"ltr\" class=\"bbc-19j92fr e57qer20\" readability=\"13\">\n<p dir=\"ltr\" class=\"bbc-bm53ic e1cc2ql70\">En <b>Swakopmund, hay un enorme abismo social <\/b>entre el bonito centro de la ciudad de la era colonial con sus edificios a dos aguas pintados en colores pastel, hogar de muchos nietos y bisnietos de los colonos originales, y los barrios empobrecidos improvisados con tablones y l\u00e1minas de metal que se extienden durante kil\u00f3metros hacia el norte.<\/p>\n<\/div>\n<div dir=\"ltr\" class=\"bbc-1ka88fa e57qer20\">\n<figure class=\"bbc-1qdcvv9 e6bmn90\">\n<div dir=\"ltr\" class=\"bbc-172p16q e57qer20\">\n<div dir=\"ltr\" class=\"bbc-189y18v e57qer20\">\n<div data-e2e=\"image-placeholder\" class=\"bbc-1qsqklc e1whu0\"><noscript><img srcset=\"http:\/\/cordobadirecto.com\/wp-content\/uploads\/2021\/05\/como-fue-el-genocidio-olvidado-de-namibia-cometido-por-alemania-y-reconocido-un-siglo-despues-33.jpg 240w, http:\/\/cordobadirecto.com\/wp-content\/uploads\/2021\/05\/como-fue-el-genocidio-olvidado-de-namibia-cometido-por-alemania-y-reconocido-un-siglo-despues-34.jpg 320w, http:\/\/cordobadirecto.com\/wp-content\/uploads\/2021\/05\/como-fue-el-genocidio-olvidado-de-namibia-cometido-por-alemania-y-reconocido-un-siglo-despues-35.jpg 480w, http:\/\/cordobadirecto.com\/wp-content\/uploads\/2021\/05\/como-fue-el-genocidio-olvidado-de-namibia-cometido-por-alemania-y-reconocido-un-siglo-despues-36.jpg 624w, http:\/\/cordobadirecto.com\/wp-content\/uploads\/2021\/05\/como-fue-el-genocidio-olvidado-de-namibia-cometido-por-alemania-y-reconocido-un-siglo-despues-37.jpg 800w\" alt=\"El campamento de ocupantes ilegales en Swakopund\" src=\"http:\/\/cordobadirecto.com\/wp-content\/uploads\/2021\/05\/como-fue-el-genocidio-olvidado-de-namibia-cometido-por-alemania-y-reconocido-un-siglo-despues-5.jpg\" width=\"976\" class=\"bbc-fat2bc e1enwo3v0\"><\/noscript><\/div>\n<\/div>\n<div dir=\"ltr\" class=\"bbc-3edg7g e57qer20\" readability=\"6.5\"><figcaption dir=\"ltr\" class=\"bbc-1t9zlwf eede9f50\" readability=\"3\"><span class=\"bbc-1gnhmg2 e1yt7oin0\">Pie de foto, <\/span><\/p>\n<p>Los barrios empobrecidos improvisados con tablones y l\u00e1minas de metal se extienden durante kil\u00f3metros hacia el norte.<\/p>\n<\/figcaption><\/div>\n<\/div>\n<\/figure>\n<\/div>\n<div dir=\"ltr\" class=\"bbc-19j92fr e57qer20\" readability=\"10\">\n<p dir=\"ltr\" class=\"bbc-bm53ic e1cc2ql70\">&#8220;No tienen inodoros, no tienen agua potable, no hay electricidad&#8221;, dice Laidlaw.<\/p>\n<\/div>\n<div dir=\"ltr\" class=\"bbc-19j92fr e57qer20\" readability=\"8\">\n<p dir=\"ltr\" class=\"bbc-bm53ic e1cc2ql70\">&#8220;Algunas de las personas que viven all\u00ed son <b>descendientes de las v\u00edctimas de los campos de concentraci\u00f3n.<\/b> Es realmente injusto lo que est\u00e1 pasando&#8221;.<\/p>\n<\/div>\n<div dir=\"ltr\" class=\"bbc-19j92fr e57qer20\" readability=\"9\">\n<p dir=\"ltr\" class=\"bbc-bm53ic e1cc2ql70\">La esperanza es con el dinero del gobierno alem\u00e1n financie <b>un programa de reforma agraria<\/b> que permita que las granjas de los agricultores namibios alemanes puedan ser compradas y distribuidas entre los herero y los nama. <\/p>\n<\/div>\n<div dir=\"ltr\" class=\"bbc-19j92fr e57qer20\" readability=\"10\">\n<p dir=\"ltr\" class=\"bbc-bm53ic e1cc2ql70\">Se cree que los <b>namibios alemanes son el grupo m\u00e1s grande entre los agricultores blancos <\/b>que poseen alrededor del 70% de las tierras agr\u00edcolas del pa\u00eds, y algunas de sus propiedades son vastas: solo una cubre 400 millas cuadradas (unos 1.036 km2).<\/p>\n<\/div>\n<div dir=\"ltr\" class=\"bbc-19j92fr e57qer20\" readability=\"14\">\n<p dir=\"ltr\" class=\"bbc-bm53ic e1cc2ql70\">El jefe negociador de Namibia, el embajador Zed Ngavirue, dijo antes de que se anunciara el acuerdo de este viernes que Alemania &#8220;ha reconocido que <b>necesita hacer algo para ayudarnos a reconstruir nuestra sociedad<\/b>&#8221; y acord\u00f3 proporcionar algo de dinero, como parte de un acuerdo m\u00e1s amplio, para comprar tierras a los vendedores que est\u00e9n dispuestos a ello.<\/p>\n<\/div>\n<div dir=\"ltr\" class=\"bbc-1ka88fa e57qer20\">\n<figure class=\"bbc-1qdcvv9 e6bmn90\">\n<div dir=\"ltr\" class=\"bbc-172p16q e57qer20\">\n<div dir=\"ltr\" class=\"bbc-189y18v e57qer20\" readability=\"6.5\">\n<div data-e2e=\"image-placeholder\" class=\"bbc-1qsqklc e1whu0\" readability=\"8\"><noscript><img srcset=\"http:\/\/cordobadirecto.com\/wp-content\/uploads\/2021\/05\/como-fue-el-genocidio-olvidado-de-namibia-cometido-por-alemania-y-reconocido-un-siglo-despues-38.jpg 240w, http:\/\/cordobadirecto.com\/wp-content\/uploads\/2021\/05\/como-fue-el-genocidio-olvidado-de-namibia-cometido-por-alemania-y-reconocido-un-siglo-despues-39.jpg 320w, http:\/\/cordobadirecto.com\/wp-content\/uploads\/2021\/05\/como-fue-el-genocidio-olvidado-de-namibia-cometido-por-alemania-y-reconocido-un-siglo-despues-40.jpg 480w, http:\/\/cordobadirecto.com\/wp-content\/uploads\/2021\/05\/como-fue-el-genocidio-olvidado-de-namibia-cometido-por-alemania-y-reconocido-un-siglo-despues-41.jpg 624w, http:\/\/cordobadirecto.com\/wp-content\/uploads\/2021\/05\/como-fue-el-genocidio-olvidado-de-namibia-cometido-por-alemania-y-reconocido-un-siglo-despues-42.jpg 800w\" alt=\"Zed Ngavirue\" src=\"http:\/\/cordobadirecto.com\/wp-content\/uploads\/2021\/05\/como-fue-el-genocidio-olvidado-de-namibia-cometido-por-alemania-y-reconocido-un-siglo-despues-6.jpg\" width=\"976\" class=\"bbc-fat2bc e1enwo3v0\"><\/noscript><\/p>\n<p role=\"text\" class=\"bbc-1s1cxbv etq3yw90\"><span class=\"bbc-1gnhmg2 e1yt7oin0\">Fuente de la imagen, <\/span><span lang=\"en-GB\">Getty Images<\/span><\/p>\n<\/div>\n<\/div>\n<div dir=\"ltr\" class=\"bbc-3edg7g e57qer20\" readability=\"6\"><figcaption dir=\"ltr\" class=\"bbc-1t9zlwf eede9f50\" readability=\"2\"><span class=\"bbc-1gnhmg2 e1yt7oin0\">Pie de foto, <\/span><\/p>\n<p>Zed Ngavirue es el negociador jefe.<\/p>\n<\/figcaption><\/div>\n<\/div>\n<\/figure>\n<\/div>\n<div dir=\"ltr\" class=\"bbc-19j92fr e57qer20\" readability=\"8\">\n<p dir=\"ltr\" class=\"bbc-bm53ic e1cc2ql70\">Pero agrega: &#8220;No quiero enga\u00f1arme a m\u00ed mismo pensando que Alemania resolver\u00e1 el problema de la tierra. No hablamos s\u00f3lo de la p\u00e9rdida de tierras como resultado de la colonizaci\u00f3n alemana&#8221;.<\/p>\n<\/div>\n<div dir=\"ltr\" class=\"bbc-19j92fr e57qer20\" readability=\"9\">\n<p dir=\"ltr\" class=\"bbc-bm53ic e1cc2ql70\">Despu\u00e9s de que<b> Alemania perdiera su colonia en la Primera Guerra Mundial <\/b>llegaron muchos m\u00e1s colonos, y \u00c1frica Sudoccidental pas\u00f3 a estar gobernada por Sud\u00e1frica durante 70 a\u00f1os.<\/p>\n<\/div>\n<div dir=\"ltr\" class=\"bbc-19j92fr e57qer20\" readability=\"9\">\n<p dir=\"ltr\" class=\"bbc-bm53ic e1cc2ql70\">Y desde la independencia en 1990, tanto los namibios negros como los extranjeros han comprado tierras.<\/p>\n<\/div>\n<div dir=\"ltr\" class=\"bbc-1ka88fa e57qer20\">\n<figure class=\"bbc-1qdcvv9 e6bmn90\">\n<div dir=\"ltr\" class=\"bbc-172p16q e57qer20\">\n<div dir=\"ltr\" class=\"bbc-189y18v e57qer20\">\n<div data-e2e=\"image-placeholder\" class=\"bbc-q7npqv e1whu0\"><noscript><img srcset=\"http:\/\/cordobadirecto.com\/wp-content\/uploads\/2021\/05\/como-fue-el-genocidio-olvidado-de-namibia-cometido-por-alemania-y-reconocido-un-siglo-despues.png 240w, http:\/\/cordobadirecto.com\/wp-content\/uploads\/2021\/05\/como-fue-el-genocidio-olvidado-de-namibia-cometido-por-alemania-y-reconocido-un-siglo-despues.png 320w, http:\/\/cordobadirecto.com\/wp-content\/uploads\/2021\/05\/como-fue-el-genocidio-olvidado-de-namibia-cometido-por-alemania-y-reconocido-un-siglo-despues.png 480w, http:\/\/cordobadirecto.com\/wp-content\/uploads\/2021\/05\/como-fue-el-genocidio-olvidado-de-namibia-cometido-por-alemania-y-reconocido-un-siglo-despues.png 624w\" alt=\"Short presentational grey line\" src=\"http:\/\/cordobadirecto.com\/wp-content\/uploads\/2021\/05\/como-fue-el-genocidio-olvidado-de-namibia-cometido-por-alemania-y-reconocido-un-siglo-despues.png\" width=\"624\" class=\"bbc-fat2bc e1enwo3v0\"><\/noscript><\/div>\n<\/div>\n<\/div>\n<\/figure>\n<\/div>\n<div dir=\"ltr\" class=\"bbc-19j92fr e57qer20\" readability=\"16\">\n<p dir=\"ltr\" class=\"bbc-bm53ic e1cc2ql70\">Hace un par de meses, Laidlaw asegur\u00f3 que Alemania deber\u00eda estar hablando no solo con el gobierno de Namibia, sino tambi\u00e9n directamente con los <b>l\u00edderes herero y nama<\/b><b>, <\/b>como el jefe de los herero, Vekuii Rukoro, que intent\u00f3 demandar a Berl\u00edn para obtener una compensaci\u00f3n en los tribunales estadounidenses, pero hasta ahora no ha tenido \u00e9xito.<\/p>\n<\/div>\n<div dir=\"ltr\" class=\"bbc-19j92fr e57qer20\" readability=\"10\">\n<p dir=\"ltr\" class=\"bbc-bm53ic e1cc2ql70\">El temor es que <b>cualquier beneficio de un acuerdo de gobierno pueda ir en parte a comunidades que nunca sufrieron en el genocidio,<\/b> como los ovambo, ahora el grupo \u00e9tnico m\u00e1s grande de Namibia.<\/p>\n<\/div>\n<div dir=\"ltr\" class=\"bbc-1ka88fa e57qer20\">\n<figure class=\"bbc-1qdcvv9 e6bmn90\">\n<div dir=\"ltr\" class=\"bbc-172p16q e57qer20\">\n<div dir=\"ltr\" class=\"bbc-189y18v e57qer20\" readability=\"6.5\">\n<div data-e2e=\"image-placeholder\" class=\"bbc-1qsqklc e1whu0\" readability=\"8\"><noscript><img srcset=\"http:\/\/cordobadirecto.com\/wp-content\/uploads\/2021\/05\/como-fue-el-genocidio-olvidado-de-namibia-cometido-por-alemania-y-reconocido-un-siglo-despues-43.jpg 240w, http:\/\/cordobadirecto.com\/wp-content\/uploads\/2021\/05\/como-fue-el-genocidio-olvidado-de-namibia-cometido-por-alemania-y-reconocido-un-siglo-despues-44.jpg 320w, http:\/\/cordobadirecto.com\/wp-content\/uploads\/2021\/05\/como-fue-el-genocidio-olvidado-de-namibia-cometido-por-alemania-y-reconocido-un-siglo-despues-45.jpg 480w, http:\/\/cordobadirecto.com\/wp-content\/uploads\/2021\/05\/como-fue-el-genocidio-olvidado-de-namibia-cometido-por-alemania-y-reconocido-un-siglo-despues-46.jpg 624w, http:\/\/cordobadirecto.com\/wp-content\/uploads\/2021\/05\/como-fue-el-genocidio-olvidado-de-namibia-cometido-por-alemania-y-reconocido-un-siglo-despues-47.jpg 800w\" alt=\"El jefe supremo de los herero, Vekuii Rukoro\" src=\"http:\/\/cordobadirecto.com\/wp-content\/uploads\/2021\/05\/como-fue-el-genocidio-olvidado-de-namibia-cometido-por-alemania-y-reconocido-un-siglo-despues-7.jpg\" width=\"976\" class=\"bbc-fat2bc e1enwo3v0\"><\/noscript><\/p>\n<p role=\"text\" class=\"bbc-1s1cxbv etq3yw90\"><span class=\"bbc-1gnhmg2 e1yt7oin0\">Fuente de la imagen, <\/span><span lang=\"en-GB\">Getty Images<\/span><\/p>\n<\/div>\n<\/div>\n<div dir=\"ltr\" class=\"bbc-3edg7g e57qer20\" readability=\"6.5\"><figcaption dir=\"ltr\" class=\"bbc-1t9zlwf eede9f50\" readability=\"3\"><span class=\"bbc-1gnhmg2 e1yt7oin0\">Pie de foto, <\/span><\/p>\n<p>El jefe de los herero, Vekuii Rukoro.<\/p>\n<\/figcaption><\/div>\n<\/div>\n<\/figure>\n<\/div>\n<div dir=\"ltr\" class=\"bbc-19j92fr e57qer20\" readability=\"10\">\n<p dir=\"ltr\" class=\"bbc-bm53ic e1cc2ql70\">El asesor de Rukoro, Festus Mundjuua, afirm\u00f3 que <b>el gobierno quiere &#8220;poner sus manos en el dinero <\/b>porque tienen sus propios proyectos para los que no tienen dinero&#8221;. <\/p>\n<\/div>\n<div dir=\"ltr\" class=\"bbc-19j92fr e57qer20\" readability=\"7\">\n<p dir=\"ltr\" class=\"bbc-bm53ic e1cc2ql70\">El gobierno lo niega y dice que los fondos ser\u00e1n administrados por las comunidades afectadas.<\/p>\n<\/div>\n<p><h2 id=\"Escepticismo\" tabindex=\"-1\" class=\"bbc-l3e97o e14hemmw0\">Escepticismo<\/h2>\n<\/p>\n<div dir=\"ltr\" class=\"bbc-19j92fr e57qer20\" readability=\"8\">\n<p dir=\"ltr\" class=\"bbc-bm53ic e1cc2ql70\">Pero no solo los descendientes de las v\u00edctimas han permanecido esc\u00e9pticos sobre las conversaciones.<\/p>\n<\/div>\n<div dir=\"ltr\" class=\"bbc-19j92fr e57qer20\" readability=\"9\">\n<p dir=\"ltr\" class=\"bbc-bm53ic e1cc2ql70\">Tambi\u00e9n lo han estado algunos de los aproximadamente 30.000 hablantes de alem\u00e1n que quedan en Namibia, descendientes de los colonos.<\/p>\n<\/div>\n<div dir=\"ltr\" class=\"bbc-19j92fr e57qer20\" readability=\"8\">\n<p dir=\"ltr\" class=\"bbc-bm53ic e1cc2ql70\">&#8220;El mito del genocidio no es m\u00e1s que un chantaje moral&#8221;, asegur\u00f3 el historiador Andreas Vogt.<\/p>\n<\/div>\n<div dir=\"ltr\" class=\"bbc-19j92fr e57qer20\" readability=\"17\">\n<p dir=\"ltr\" class=\"bbc-bm53ic e1cc2ql70\">Como muchos germano-namibios, Vogt sostiene que la <b>infame &#8220;orden de exterminio&#8221; <\/b>firmada por el comandante de las fuerzas coloniales, el general Lothar von Trotha, en 1904, que dec\u00eda que &#8220;cualquier herero que se encuentre dentro de la frontera alemana, con o sin un arma, se ejecutar\u00e1&#8221;, no fue pol\u00edtica de Estado y nunca se implement\u00f3.<\/p>\n<\/div>\n<div dir=\"ltr\" class=\"bbc-1ka88fa e57qer20\">\n<figure class=\"bbc-1qdcvv9 e6bmn90\">\n<div dir=\"ltr\" class=\"bbc-172p16q e57qer20\">\n<div dir=\"ltr\" class=\"bbc-189y18v e57qer20\" readability=\"6.5\">\n<div data-e2e=\"image-placeholder\" class=\"bbc-1qsqklc e1whu0\" readability=\"8\"><noscript><img srcset=\"http:\/\/cordobadirecto.com\/wp-content\/uploads\/2021\/05\/como-fue-el-genocidio-olvidado-de-namibia-cometido-por-alemania-y-reconocido-un-siglo-despues-48.jpg 240w, http:\/\/cordobadirecto.com\/wp-content\/uploads\/2021\/05\/como-fue-el-genocidio-olvidado-de-namibia-cometido-por-alemania-y-reconocido-un-siglo-despues-49.jpg 320w, http:\/\/cordobadirecto.com\/wp-content\/uploads\/2021\/05\/como-fue-el-genocidio-olvidado-de-namibia-cometido-por-alemania-y-reconocido-un-siglo-despues-50.jpg 480w, http:\/\/cordobadirecto.com\/wp-content\/uploads\/2021\/05\/como-fue-el-genocidio-olvidado-de-namibia-cometido-por-alemania-y-reconocido-un-siglo-despues-51.jpg 624w, http:\/\/cordobadirecto.com\/wp-content\/uploads\/2021\/05\/como-fue-el-genocidio-olvidado-de-namibia-cometido-por-alemania-y-reconocido-un-siglo-despues-52.jpg 800w\" alt=\"Swakopmund\" src=\"http:\/\/cordobadirecto.com\/wp-content\/uploads\/2021\/05\/como-fue-el-genocidio-olvidado-de-namibia-cometido-por-alemania-y-reconocido-un-siglo-despues-8.jpg\" width=\"976\" class=\"bbc-fat2bc e1enwo3v0\"><\/noscript><\/p>\n<p role=\"text\" class=\"bbc-1s1cxbv etq3yw90\"><span class=\"bbc-1gnhmg2 e1yt7oin0\">Fuente de la imagen, <\/span><span lang=\"en-GB\">Getty Images<\/span><\/p>\n<\/div>\n<\/div>\n<div dir=\"ltr\" class=\"bbc-3edg7g e57qer20\" readability=\"7\"><figcaption dir=\"ltr\" class=\"bbc-1t9zlwf eede9f50\" readability=\"4\"><span class=\"bbc-1gnhmg2 e1yt7oin0\">Pie de foto, <\/span><\/p>\n<p>En Swakopmund, hay un enorme abismo social entre el bonito centro de la ciudad de la era colonial y las chozas improvisadas que se extienden hacia el norte.<\/p>\n<\/figcaption><\/div>\n<\/div>\n<\/figure>\n<\/div>\n<div dir=\"ltr\" class=\"bbc-19j92fr e57qer20\" readability=\"15\">\n<p dir=\"ltr\" class=\"bbc-bm53ic e1cc2ql70\">&#8220;La representaci\u00f3n de, por un lado, una <b>autoridad colonial alemana genocida, brutal e implacable,<\/b> y por el otro, el pr\u00edstino y completamente <b>inocente pueblo herero <\/b>est\u00e1 contaminada. Se necesitan dos partes para que pasen cosas&#8221;, se\u00f1al\u00f3 Vogt.<\/p>\n<\/div>\n<div dir=\"ltr\" class=\"bbc-19j92fr e57qer20\" readability=\"11\">\n<p dir=\"ltr\" class=\"bbc-bm53ic e1cc2ql70\">\u00c9l y muchos otros namibianos alemanes apuntan que los herero se rebelaron contra el dominio alem\u00e1n en 1904, <b>matando a unos 120 colonos alemanes<\/b>, pero luego fueron derrotados en la decisiva Batalla de Waterberg.<\/p>\n<\/div>\n<div dir=\"ltr\" class=\"bbc-19j92fr e57qer20\" readability=\"13\">\n<p dir=\"ltr\" class=\"bbc-bm53ic e1cc2ql70\">El a\u00f1o pasado, Anton von Wietersheim, un germano-namibiano que fue ministro del gobierno poco despu\u00e9s de la independencia, ayud\u00f3 a lanzar una iniciativa para alentar a los<b> namibi<\/b><b>os <\/b><b>de habla alemana <\/b>a discutir el pasado, tanto entre ellos como junto con representantes de los herero y nama. <\/p>\n<\/div>\n<div dir=\"ltr\" class=\"bbc-19j92fr e57qer20\" readability=\"9\">\n<p dir=\"ltr\" class=\"bbc-bm53ic e1cc2ql70\">Y aunque planea la celebraci\u00f3n de una conferencia de germano-namibios, esta se ha visto retrasada debido a la pandemia de covid-19.<\/p>\n<\/div>\n<div dir=\"ltr\" class=\"bbc-19j92fr e57qer20\" readability=\"9\">\n<p dir=\"ltr\" class=\"bbc-bm53ic e1cc2ql70\">&#8220;Muchos de nuestros compatriotas blancos a\u00fan tienen que darse cuenta de la situaci\u00f3n en la que se encuentran estas personas afectadas como <b>resultado de los acontecimientos hist\u00f3ricos<\/b>&#8220;, dice.<\/p>\n<\/div>\n<div dir=\"ltr\" class=\"bbc-1ka88fa e57qer20\">\n<figure class=\"bbc-1qdcvv9 e6bmn90\">\n<div dir=\"ltr\" class=\"bbc-172p16q e57qer20\">\n<div dir=\"ltr\" class=\"bbc-189y18v e57qer20\" readability=\"6.5\">\n<div data-e2e=\"image-placeholder\" class=\"bbc-1k5hvrj e1whu0\" readability=\"8\"><noscript><img srcset=\"http:\/\/cordobadirecto.com\/wp-content\/uploads\/2021\/05\/como-fue-el-genocidio-olvidado-de-namibia-cometido-por-alemania-y-reconocido-un-siglo-despues-53.jpg 240w, http:\/\/cordobadirecto.com\/wp-content\/uploads\/2021\/05\/como-fue-el-genocidio-olvidado-de-namibia-cometido-por-alemania-y-reconocido-un-siglo-despues-54.jpg 320w, http:\/\/cordobadirecto.com\/wp-content\/uploads\/2021\/05\/como-fue-el-genocidio-olvidado-de-namibia-cometido-por-alemania-y-reconocido-un-siglo-despues-55.jpg 480w, http:\/\/cordobadirecto.com\/wp-content\/uploads\/2021\/05\/como-fue-el-genocidio-olvidado-de-namibia-cometido-por-alemania-y-reconocido-un-siglo-despues-56.jpg 624w, http:\/\/cordobadirecto.com\/wp-content\/uploads\/2021\/05\/como-fue-el-genocidio-olvidado-de-namibia-cometido-por-alemania-y-reconocido-un-siglo-despues-57.jpg 800w\" alt=\"Un arma alemana en posici\u00f3n de ataque en 1904.\" src=\"http:\/\/cordobadirecto.com\/wp-content\/uploads\/2021\/05\/como-fue-el-genocidio-olvidado-de-namibia-cometido-por-alemania-y-reconocido-un-siglo-despues-9.jpg\" width=\"976\" class=\"bbc-fat2bc e1enwo3v0\"><\/noscript><\/p>\n<p role=\"text\" class=\"bbc-1s1cxbv etq3yw90\"><span class=\"bbc-1gnhmg2 e1yt7oin0\">Fuente de la imagen, <\/span><span lang=\"en-GB\">Getty Images<\/span><\/p>\n<\/div>\n<\/div>\n<div dir=\"ltr\" class=\"bbc-3edg7g e57qer20\" readability=\"6\"><figcaption dir=\"ltr\" class=\"bbc-1t9zlwf eede9f50\" readability=\"2\"><span class=\"bbc-1gnhmg2 e1yt7oin0\">Pie de foto, <\/span><\/p>\n<p>Un arma alemana en posici\u00f3n de ataque en 1904.<\/p>\n<\/figcaption><\/div>\n<\/div>\n<\/figure>\n<\/div>\n<div dir=\"ltr\" class=\"bbc-19j92fr e57qer20\" readability=\"13\">\n<p dir=\"ltr\" class=\"bbc-bm53ic e1cc2ql70\">El acad\u00e9mico y activista germano-namibiano Henning Melber, que ha estudiado los antecedentes de las conversaciones, cree que otras antiguas potencias coloniales en Europa han expresado en privado su preocupaci\u00f3n a Alemania de que el <b>acuerdo con Namibia desencadene una avalancha de reclamos<\/b> contra varios colonizadores por parte de naciones africanas, del sudeste de Asia y otros lugares.<\/p>\n<\/div>\n<div dir=\"ltr\" class=\"bbc-19j92fr e57qer20\" readability=\"12\">\n<p dir=\"ltr\" class=\"bbc-bm53ic e1cc2ql70\">Tanzania, la sucesora de otra excolonia alemana, Tanganyika, ya est\u00e1 exigiendo reparaciones por las atrocidades, y potencialmente otras excolonias podr\u00edan hacer lo mismo.<\/p>\n<\/div>\n<div dir=\"ltr\" class=\"bbc-19j92fr e57qer20\" readability=\"9\">\n<p dir=\"ltr\" class=\"bbc-bm53ic e1cc2ql70\"><i class=\"bbc-h1y5j7 ewc4zcb0\">*Este art\u00edculo fue modificado el 28 de mayo de 2021, despu\u00e9s de que Alemania reconociera oficialmente el genocidio que cometi\u00f3 hace m\u00e1s de 100 a\u00f1os. <\/i><\/p>\n<\/div>\n<div dir=\"ltr\" class=\"bbc-1ka88fa e57qer20\">\n<figure class=\"bbc-1qdcvv9 e6bmn90\">\n<div dir=\"ltr\" class=\"bbc-172p16q e57qer20\">\n<div dir=\"ltr\" class=\"bbc-189y18v e57qer20\">\n<div data-e2e=\"image-placeholder\" class=\"bbc-367mqz e1whu0\"><noscript><img srcset=\"http:\/\/cordobadirecto.com\/wp-content\/uploads\/2021\/05\/como-fue-el-genocidio-olvidado-de-namibia-cometido-por-alemania-y-reconocido-un-siglo-despues-25.jpg 240w, http:\/\/cordobadirecto.com\/wp-content\/uploads\/2021\/05\/como-fue-el-genocidio-olvidado-de-namibia-cometido-por-alemania-y-reconocido-un-siglo-despues-26.jpg 320w, http:\/\/cordobadirecto.com\/wp-content\/uploads\/2021\/05\/como-fue-el-genocidio-olvidado-de-namibia-cometido-por-alemania-y-reconocido-un-siglo-despues-27.jpg 464w\" alt=\"L\u00ednea.\" src=\"http:\/\/cordobadirecto.com\/wp-content\/uploads\/2021\/05\/como-fue-el-genocidio-olvidado-de-namibia-cometido-por-alemania-y-reconocido-un-siglo-despues-3.jpg\" width=\"464\" class=\"bbc-fat2bc e1enwo3v0\"><\/noscript><\/div>\n<\/div>\n<\/div>\n<\/figure>\n<\/div>\n<div dir=\"ltr\" class=\"bbc-19j92fr e57qer20\" readability=\"8\">\n<p dir=\"ltr\" class=\"bbc-bm53ic e1cc2ql70\"><i class=\"bbc-h1y5j7 ewc4zcb0\">Ahora puedes recibir notificaciones de BBC Mundo. Descarga la nueva versi\u00f3n de nuestra app y act\u00edvalas para no perderte nuestro mejor contenido.<\/i><\/p>\n<\/div>\n","protected":false},"excerpt":{"rendered":"<p>Tim Whewell* BBC News, Namibia 8 horas Fuente de la imagen, Getty Images Pie de foto, Prisioneros herero encadenados en 1904. No ser\u00e1 f\u00e1cil curar las antiguas y profundas heridas dejadas por Alemania en Namibia de lo que ahora es considerado como un genocidio perpetrado por las fuerzas coloniales. Este viernes, despu\u00e9s de m\u00e1s de [&hellip;]<\/p>\n","protected":false},"author":1,"featured_media":7247,"comment_status":"closed","ping_status":"closed","sticky":false,"template":"","format":"standard","meta":[],"categories":[24],"tags":[],"_links":{"self":[{"href":"http:\/\/cordobadirecto.com\/index.php\/wp-json\/wp\/v2\/posts\/7246"}],"collection":[{"href":"http:\/\/cordobadirecto.com\/index.php\/wp-json\/wp\/v2\/posts"}],"about":[{"href":"http:\/\/cordobadirecto.com\/index.php\/wp-json\/wp\/v2\/types\/post"}],"author":[{"embeddable":true,"href":"http:\/\/cordobadirecto.com\/index.php\/wp-json\/wp\/v2\/users\/1"}],"replies":[{"embeddable":true,"href":"http:\/\/cordobadirecto.com\/index.php\/wp-json\/wp\/v2\/comments?post=7246"}],"version-history":[{"count":0,"href":"http:\/\/cordobadirecto.com\/index.php\/wp-json\/wp\/v2\/posts\/7246\/revisions"}],"wp:featuredmedia":[{"embeddable":true,"href":"http:\/\/cordobadirecto.com\/index.php\/wp-json\/wp\/v2\/media\/7247"}],"wp:attachment":[{"href":"http:\/\/cordobadirecto.com\/index.php\/wp-json\/wp\/v2\/media?parent=7246"}],"wp:term":[{"taxonomy":"category","embeddable":true,"href":"http:\/\/cordobadirecto.com\/index.php\/wp-json\/wp\/v2\/categories?post=7246"},{"taxonomy":"post_tag","embeddable":true,"href":"http:\/\/cordobadirecto.com\/index.php\/wp-json\/wp\/v2\/tags?post=7246"}],"curies":[{"name":"wp","href":"https:\/\/api.w.org\/{rel}","templated":true}]}}