{"id":7256,"date":"2021-05-29T13:19:22","date_gmt":"2021-05-29T13:19:22","guid":{"rendered":"https:\/\/lmdiario.com.ar\/contenido\/290701\/la-provincia-anuncio-ayudas-para-sectores-con-actividades-restringidas"},"modified":"2021-05-29T13:19:22","modified_gmt":"2021-05-29T13:19:22","slug":"anunciaron-ayudas-para-sectores-con-actividades-restringidas","status":"publish","type":"post","link":"http:\/\/cordobadirecto.com\/index.php\/2021\/05\/29\/anunciaron-ayudas-para-sectores-con-actividades-restringidas\/","title":{"rendered":"Anunciaron ayudas para sectores con actividades restringidas"},"content":{"rendered":"<div readability=\"33\"> <img alt=\"Calvo Rivero\" class=\"img-responsive\" height=\"664\" loading=\"lazy\" sizes=\"auto\" src=\"http:\/\/cordobadirecto.com\/wp-content\/uploads\/2021\/05\/anunciaron-ayudas-para-sectores-con-actividades-restringidas.jpg\" srcset=\"http:\/\/cordobadirecto.com\/wp-content\/uploads\/2021\/05\/anunciaron-ayudas-para-sectores-con-actividades-restringidas.jpg 1000w, http:\/\/cordobadirecto.com\/wp-content\/uploads\/2021\/05\/anunciaron-ayudas-para-sectores-con-actividades-restringidas-1.jpg 400w\" width=\"1000\"> <\/p>\n<p> <span>Calvo y Rivero encabezaron el anuncio que responde al reclamo de los sectores comerciales de C\u00f3rdoba. <\/span> <span>Foto: Gobierno de la Provincia de C\u00f3rdoba<\/span> <\/p>\n<\/p><\/div>\n<div readability=\"87.715463917526\">\n<p>Durante los anuncios que establecieron las nuevas restricciones que regir\u00e1n desde el lunes el C\u00f3rdoba, <strong>la administraci\u00f3n provincial anticip\u00f3 un paquete de medidas con ayudas econ\u00f3micas y financieras para sectores con actividad restringida<\/strong> que <strong>representar\u00e1 una erogaci\u00f3n de 600 millones de pesos<\/strong>, que suma a la inversi\u00f3n total que ya alcanza los<strong> 3.200 millones de pesos desde el inicio de la pandemia.<\/strong><\/p>\n<p><strong>Los anuncios estuvieron a cargo de la ministra de Coordinaci\u00f3n Silvina Rivero, <\/strong>que particip\u00f3 del acto junto al vicegobernador<strong> Manuel Calvo; <\/strong>el ministro de Gobierno,<strong> Facundo Torres;<\/strong> el de Salud,<strong> Facundo Torres; <\/strong>y representantes de <strong>Fedecom <\/strong>y la <strong>C\u00e1mara de Comercio de C\u00f3rdoba.&nbsp;<\/strong><\/p>\n<p>Podr\u00e1n acceder a estos beneficios personas f\u00edsicas o jur\u00eddicas con domicilio fiscal en la Provincia de C\u00f3rdoba \u2013 en los siguientes rubros:<strong> Bares y restaurantes; Salones de fiesta y discotecas; Gimnasios, natatorios y canchas; Escuelas de danza, canto y teatro y academias de idiomas; Centros de formaci\u00f3n profesional y academias de oficios; Cines, autocines, teatros, centros culturales.<\/strong><\/p>\n<p>Las medidas anunciadas contemplan la <strong>exenci\u00f3n del pago m\u00ednimo de Ingresos Brutos para todo el a\u00f1o; la eximici\u00f3n de Ingresos Brutos para meses de mayo, junio, julio y agosto 2021; la eximici\u00f3n de Impuesto a los Sellos hasta diciembre del 2021, sobre contratos de alquiler de hasta $40.500 mensuales; y el diferimiento en el pago de las facturas el\u00e9ctricas que venzan en junio de 2021 hasta diciembre, con 0% de inter\u00e9s.<\/strong><\/p>\n<p>Tambi\u00e9n se anunci\u00f3 un <strong>plan de facilidades de pago para deudas vencidas de EPEC hasta mayo de 2021<\/strong> inclusive, con <strong>tasas de financiaci\u00f3n del 1 % en 30 cuotas mensuales<\/strong>. El vencimiento primera cuota est\u00e1 fijado en diciembre 2021, mientras que el plazo de adhesi\u00f3n ser\u00e1 hasta septiembre de 2021.<\/p>\n<p>En materia de energ\u00eda el\u00e9ctrica, tambi\u00e9n se anunci\u00f3 que<strong> la reconexi\u00f3n ser\u00e1 sin costo de medidor <\/strong>en caso que corresponda o en caso que se solicite baja temporal del servicio.<\/p>\n<p><strong>Por otro lado, se anunciaron ayudas econ\u00f3micas no reintegrables (seg\u00fan condici\u00f3n fiscal) de entre $30.000 y $70.000.<\/strong><\/p>\n<h3>Requisitos<\/h3>\n<p>-Ciudadano digital Nivel 2<\/p>\n<p>-Cuenta bancaria a nombre del solicitante<\/p>\n<p>-Estar inscripto en Direcci\u00f3n General de Rentas<\/p>\n<p>-Monotributistas con pago del primer trimestre 2021<\/p>\n<h3>Solicitud&nbsp;<\/h3>\n<p>-Del 1 al 30 de junio.&nbsp;<\/p>\n<p>-Completar formulario digital ADRA, en www.cba.gov.ar<\/p>\n<\/p><\/div>\n","protected":false},"excerpt":{"rendered":"<p>Calvo y Rivero encabezaron el anuncio que responde al reclamo de los sectores comerciales de C\u00f3rdoba. Foto: Gobierno de la Provincia de C\u00f3rdoba Durante los anuncios que establecieron las nuevas restricciones que regir\u00e1n desde el lunes el C\u00f3rdoba, la administraci\u00f3n provincial anticip\u00f3 un paquete de medidas con ayudas econ\u00f3micas y financieras para sectores con actividad [&hellip;]<\/p>\n","protected":false},"author":1,"featured_media":7257,"comment_status":"open","ping_status":"closed","sticky":false,"template":"","format":"standard","meta":[],"categories":[23,25],"tags":[],"_links":{"self":[{"href":"http:\/\/cordobadirecto.com\/index.php\/wp-json\/wp\/v2\/posts\/7256"}],"collection":[{"href":"http:\/\/cordobadirecto.com\/index.php\/wp-json\/wp\/v2\/posts"}],"about":[{"href":"http:\/\/cordobadirecto.com\/index.php\/wp-json\/wp\/v2\/types\/post"}],"author":[{"embeddable":true,"href":"http:\/\/cordobadirecto.com\/index.php\/wp-json\/wp\/v2\/users\/1"}],"replies":[{"embeddable":true,"href":"http:\/\/cordobadirecto.com\/index.php\/wp-json\/wp\/v2\/comments?post=7256"}],"version-history":[{"count":0,"href":"http:\/\/cordobadirecto.com\/index.php\/wp-json\/wp\/v2\/posts\/7256\/revisions"}],"wp:featuredmedia":[{"embeddable":true,"href":"http:\/\/cordobadirecto.com\/index.php\/wp-json\/wp\/v2\/media\/7257"}],"wp:attachment":[{"href":"http:\/\/cordobadirecto.com\/index.php\/wp-json\/wp\/v2\/media?parent=7256"}],"wp:term":[{"taxonomy":"category","embeddable":true,"href":"http:\/\/cordobadirecto.com\/index.php\/wp-json\/wp\/v2\/categories?post=7256"},{"taxonomy":"post_tag","embeddable":true,"href":"http:\/\/cordobadirecto.com\/index.php\/wp-json\/wp\/v2\/tags?post=7256"}],"curies":[{"name":"wp","href":"https:\/\/api.w.org\/{rel}","templated":true}]}}