{"id":7260,"date":"2021-05-29T13:19:35","date_gmt":"2021-05-29T13:19:35","guid":{"rendered":"http:\/\/cordobadirecto.com\/index.php\/2021\/05\/29\/claudio-villarruel-a-la-tele-le-esta-faltando-humor\/"},"modified":"2021-05-29T13:19:35","modified_gmt":"2021-05-29T13:19:35","slug":"claudio-villarruel-a-la-tele-le-esta-faltando-humor","status":"publish","type":"post","link":"http:\/\/cordobadirecto.com\/index.php\/2021\/05\/29\/claudio-villarruel-a-la-tele-le-esta-faltando-humor\/","title":{"rendered":"Claudio Villarruel: &#8220;A la tele le est\u00e1 faltando humor&#8221;"},"content":{"rendered":"<p> <iframe width=\"560\" height=\"315\" src=\"https:\/\/www.youtube.com\/embed\/OevkaCLQQbY?wmode=transparent&amp;showinfo=0&amp;autohide=1&amp;rel=0\" frameborder=\"0\" allowfullscreen>[embedded content]<\/iframe> <\/p>\n<p>De mil humores<\/p>\n<p>El productor, comunicador y conductor Claudio Villarruel, que volver\u00e1 al formato televisivo este domingo a las 23 en la conducci\u00f3n de &#8220;De mil humores&#8221;, el nuevo programa que podr\u00e1 verse semanalmente por Canal 9 y en el que abordar\u00e1 temas de la actualidad nacional desde una mirada humor\u00edstica, se\u00f1al\u00f3 que confiaba en poder ayudar a que \u201cla gente pueda terminar el fin de semana con una sonrisa, con alegr\u00eda\u201d.<\/p>\n<p>\u201cEstamos muy ansiosos, nerviosos, la situaci\u00f3n con la pandemia es muy complicada, y si podemos hacer re\u00edr lo que hacemos tiene sentido\u201d, detall\u00f3 a T\u00e9lam quien fuera Director Art\u00edstico de Telefe durante toda la d\u00e9cada de 2000.<\/p>\n<div class=\"image\" id=\"image\" readability=\"7\"> <img src=\"http:\/\/cordobadirecto.com\/wp-content\/uploads\/2021\/05\/claudio-villarruel-a-la-tele-le-esta-faltando-humor.jpg\" alt=\"El programa se emitir\u00e1 por Canal 9 este domingo a las 23\" title=\"El programa se emitir\u00e1 por Canal 9 este domingo a las 23\"><\/p>\n<p>El programa se emitir\u00e1 por Canal 9 este domingo a las 23<\/p>\n<\/div>\n<p>El ciclo, que en cada emisi\u00f3n tocar\u00e1 las noticias m\u00e1s relevantes del \u00e1mbito de la pol\u00edtica, el espect\u00e1culo, los medios, las redes sociales y el deporte, contar\u00e1 adem\u00e1s con la participaci\u00f3n de los comediantes Sebasti\u00e1n Fern\u00e1ndez, <strong><a href=\"https:\/\/www.telam.com.ar\/notas\/202105\/555507-esto-esta-chequeado-capitulo-13.html\" target=\"_blank\" rel=\"noopener\">Pablo Picotto<\/a><\/strong>, Jimena Vallejos y Vale Valente.<\/p>\n<div class=\"image\" id=\"image\" readability=\"11\"> <img src=\"http:\/\/cordobadirecto.com\/wp-content\/uploads\/2021\/05\/claudio-villarruel-a-la-tele-le-esta-faltando-humor-1.jpg\" alt=\"Villaruel: \u201cEstamos muy ansiosos, nerviosos, la situaci\u00f3n con la pandemia es muy complicada, y si podemos hacer re\u00edr lo que hacemos tiene sentido\u201d\" title=\"Villaruel: \u201cEstamos muy ansiosos, nerviosos, la situaci\u00f3n con la pandemia es muy complicada, y si podemos hacer re\u00edr lo que hacemos tiene sentido\u201d\"><\/p>\n<p>Villaruel: \u201cEstamos muy ansiosos, nerviosos, la situaci\u00f3n con la pandemia es muy complicada, y si podemos hacer re\u00edr lo que hacemos tiene sentido\u201d<\/p>\n<\/div>\n<p><strong>Tambi\u00e9n ser\u00e1 de la partida el instagrammer Tom\u00e1s Quint\u00edn Palma, quien ya grab\u00f3 un encuentro con nada menos que el presidente Alberto Fern\u00e1ndez<\/strong> que podr\u00e1 verse en el debut de este domingo.<\/p>\n<p>Villarruel, que est\u00e1 al mando de lunes a viernes de &#8220;Detr\u00e1s de lo que vemos&#8221; en AM750, detall\u00f3 en di\u00e1logo con esta agencia que consideraba a \u201cDe mil humores\u201d como \u201cun hijo\u201d del env\u00edo que llev\u00f3 durante dos a\u00f1os por Cr\u00f3nica TV junto con Bernarda Llorente, titulado igual que su actual programa de radio.<\/p>\n<p><strong>\u201cEl domingo a la noche es un horario que me encanta, y lo vamos a hacer en vivo\u201d<\/strong>, confes\u00f3 el conductor, y a\u00f1adi\u00f3 que en su vida \u201cel humor ha sido curativo, sanador\u201d y que por eso estaba convencido de que \u201cre\u00edr es algo que calma\u201d.<\/p>\n<p>\u201cA la tele le est\u00e1 faltando el humor -analiz\u00f3-, no hay un programa pensado espec\u00edficamente pensado para hacer re\u00edr, sino que aparece la risa en un di\u00e1logo\u201d.<\/p>\n<p>Con respecto a la tarea en la que se embarcar\u00e1 desde el domingo, Villarruel afirm\u00f3 que \u201cno es un desaf\u00edo contar la actualidad con humor en estos momentos\u201d, porque \u201cla actualidad hoy en d\u00eda es una productora de materia prima constante\u201d.<\/p>\n<p> <iframe width=\"560\" height=\"315\" src=\"https:\/\/www.youtube.com\/embed\/Mo8qeW7eEu0?wmode=transparent&amp;showinfo=0&amp;autohide=1&amp;rel=0\" frameborder=\"0\" allowfullscreen>[embedded content]<\/iframe> <\/p>\n<p>De mil humores<\/p>\n<p>\u201cCuando hay situaciones extremas como la que est\u00e1 viviendo el mundo y la Argentina, como la cuarentena, mezclado con la pol\u00edtica y con los comunicadores, aparecen situaciones que permiten a nuestros humoristas desarrollar una vuelta de tuerca para ponerle humor\u201d, se explay\u00f3, y brome\u00f3: \u201cHoy es muy dif\u00edcil superar las cosas que uno ve y escucha, como por ejemplo el se\u00f1or que dijo que a la mam\u00e1 la vacunaron con la Sputnik y estaba imantada\u201d.<\/p>\n<blockquote readability=\"8\">\n<p>\u201cA la tele le est\u00e1 faltando el humor, no hay un programa pensado espec\u00edficamente pensado para hacer re\u00edr, sino que aparece la risa en un di\u00e1logo\u201d<span class=\"comilla\">\u201d<\/span><\/p>\n<\/blockquote>\n<p>Consultado sobre el estado de la TV de aire y el terreno perdido frente a las plataformas y otras formas de informaci\u00f3n y entretenimiento, Villarruel opin\u00f3 que \u201cla televisi\u00f3n se qued\u00f3 un poco dormida\u201d.<\/p>\n<div class=\"image\" id=\"image\" readability=\"8\"> <img src=\"http:\/\/cordobadirecto.com\/wp-content\/uploads\/2021\/05\/claudio-villarruel-a-la-tele-le-esta-faltando-humor-2.jpg\" alt=\"Frente a otras plataformas, Villarruel opin\u00f3 que \u201cla televisi\u00f3n se qued\u00f3 un poco dormida\u201d.\" title=\"Frente a otras plataformas, Villarruel opin\u00f3 que \u201cla televisi\u00f3n se qued\u00f3 un poco dormida\u201d.\"><\/p>\n<p>Frente a otras plataformas, Villarruel opin\u00f3 que \u201cla televisi\u00f3n se qued\u00f3 un poco dormida\u201d.<\/p>\n<\/div>\n<p>\u201c<strong>La televisi\u00f3n en general, antes de la cuarentena, ya ven\u00eda arriesgando poco. Ya hab\u00eda una o dos ficciones solamente en la TV argentina, estaba complicado producir<\/strong>, y obviamente tambi\u00e9n tiene que ver con el desarrollo de nuevas plataformas, que permite a la gente ser su propio programador y elegir lo que quiere ver cuando lo quiere ver\u201d, apunt\u00f3.<\/p>\n<p>\u201cSon casi todos programas en vivo, donde hay poca preproducci\u00f3n, y el humor cay\u00f3 en la volteada, porque lleva mucho tiempo armarlo, escribir, reescribir, ensayar, ver lo que nos gusta\u201d, explic\u00f3, aunque prometi\u00f3 que desde su lugar aportar\u00e1 lo suyo para que la TV \u201cno se transforme en una repetidora o, como dicen muchos, en la radio del siglo XXI, que la gente la pone para escucharla y no para verla\u201d.<\/p>\n<p>Finalmente, el comunicador se entusiasm\u00f3 con el momento particular que atraviesa la comedia y los desaf\u00edos que imponen los cambios culturales.<\/p>\n<p>\u201cEn el marco de la conquista de derechos de las mujeres y de diversos colectivos, programas que hace diez a\u00f1os eran un \u00e9xito, hoy en d\u00eda quedan vetustos y fuera de eje. Por eso para nosotros es un desaf\u00edo, en el que vamos a encontrar nuevos c\u00f3digos en los que el machismo, el sexismo, lo xenof\u00f3bico quedaron atr\u00e1s. Creo que est\u00e1 en la inteligencia con la que los que escriben encaren las problem\u00e1ticas de la sociedad moderna\u201d, concluy\u00f3.<\/p>\n","protected":false},"excerpt":{"rendered":"<p>[embedded content] De mil humores El productor, comunicador y conductor Claudio Villarruel, que volver\u00e1 al formato televisivo este domingo a las 23 en la conducci\u00f3n de &#8220;De mil humores&#8221;, el nuevo programa que podr\u00e1 verse semanalmente por Canal 9 y en el que abordar\u00e1 temas de la actualidad nacional desde una mirada humor\u00edstica, se\u00f1al\u00f3 que [&hellip;]<\/p>\n","protected":false},"author":1,"featured_media":7261,"comment_status":"closed","ping_status":"closed","sticky":false,"template":"","format":"standard","meta":[],"categories":[20],"tags":[],"_links":{"self":[{"href":"http:\/\/cordobadirecto.com\/index.php\/wp-json\/wp\/v2\/posts\/7260"}],"collection":[{"href":"http:\/\/cordobadirecto.com\/index.php\/wp-json\/wp\/v2\/posts"}],"about":[{"href":"http:\/\/cordobadirecto.com\/index.php\/wp-json\/wp\/v2\/types\/post"}],"author":[{"embeddable":true,"href":"http:\/\/cordobadirecto.com\/index.php\/wp-json\/wp\/v2\/users\/1"}],"replies":[{"embeddable":true,"href":"http:\/\/cordobadirecto.com\/index.php\/wp-json\/wp\/v2\/comments?post=7260"}],"version-history":[{"count":0,"href":"http:\/\/cordobadirecto.com\/index.php\/wp-json\/wp\/v2\/posts\/7260\/revisions"}],"wp:featuredmedia":[{"embeddable":true,"href":"http:\/\/cordobadirecto.com\/index.php\/wp-json\/wp\/v2\/media\/7261"}],"wp:attachment":[{"href":"http:\/\/cordobadirecto.com\/index.php\/wp-json\/wp\/v2\/media?parent=7260"}],"wp:term":[{"taxonomy":"category","embeddable":true,"href":"http:\/\/cordobadirecto.com\/index.php\/wp-json\/wp\/v2\/categories?post=7260"},{"taxonomy":"post_tag","embeddable":true,"href":"http:\/\/cordobadirecto.com\/index.php\/wp-json\/wp\/v2\/tags?post=7260"}],"curies":[{"name":"wp","href":"https:\/\/api.w.org\/{rel}","templated":true}]}}