{"id":7290,"date":"2021-05-29T15:33:45","date_gmt":"2021-05-29T15:33:45","guid":{"rendered":"http:\/\/cordobadirecto.com\/index.php\/2021\/05\/29\/accastello-diserto-en-el-v-foro-mundial-de-desarrollo-economico-local\/"},"modified":"2021-05-29T15:33:45","modified_gmt":"2021-05-29T15:33:45","slug":"accastello-diserto-en-el-v-foro-mundial-de-desarrollo-economico-local","status":"publish","type":"post","link":"http:\/\/cordobadirecto.com\/index.php\/2021\/05\/29\/accastello-diserto-en-el-v-foro-mundial-de-desarrollo-economico-local\/","title":{"rendered":"Accastello disert\u00f3 en el V Foro Mundial de Desarrollo <b>Econ\u00f3mico<\/b> Local"},"content":{"rendered":"<p>En esta ocasi\u00f3n, la Agencia para el Desarrollo <b>Econ\u00f3mico<\/b> de la Ciudad de <b>C\u00f3rdoba<\/b> (ADEC) y la Municipalidad de <b>C\u00f3rdoba<\/b> son los anfitriones del&nbsp;&#8230; <\/p>\n","protected":false},"excerpt":{"rendered":"<p>En esta ocasi\u00f3n, la Agencia para el Desarrollo Econ\u00f3mico de la Ciudad de C\u00f3rdoba (ADEC) y la Municipalidad de C\u00f3rdoba son los anfitriones del&nbsp;&#8230;<\/p>\n","protected":false},"author":1,"featured_media":0,"comment_status":"closed","ping_status":"closed","sticky":false,"template":"","format":"standard","meta":[],"categories":[40],"tags":[],"_links":{"self":[{"href":"http:\/\/cordobadirecto.com\/index.php\/wp-json\/wp\/v2\/posts\/7290"}],"collection":[{"href":"http:\/\/cordobadirecto.com\/index.php\/wp-json\/wp\/v2\/posts"}],"about":[{"href":"http:\/\/cordobadirecto.com\/index.php\/wp-json\/wp\/v2\/types\/post"}],"author":[{"embeddable":true,"href":"http:\/\/cordobadirecto.com\/index.php\/wp-json\/wp\/v2\/users\/1"}],"replies":[{"embeddable":true,"href":"http:\/\/cordobadirecto.com\/index.php\/wp-json\/wp\/v2\/comments?post=7290"}],"version-history":[{"count":0,"href":"http:\/\/cordobadirecto.com\/index.php\/wp-json\/wp\/v2\/posts\/7290\/revisions"}],"wp:attachment":[{"href":"http:\/\/cordobadirecto.com\/index.php\/wp-json\/wp\/v2\/media?parent=7290"}],"wp:term":[{"taxonomy":"category","embeddable":true,"href":"http:\/\/cordobadirecto.com\/index.php\/wp-json\/wp\/v2\/categories?post=7290"},{"taxonomy":"post_tag","embeddable":true,"href":"http:\/\/cordobadirecto.com\/index.php\/wp-json\/wp\/v2\/tags?post=7290"}],"curies":[{"name":"wp","href":"https:\/\/api.w.org\/{rel}","templated":true}]}}