{"id":7301,"date":"2021-05-29T22:19:00","date_gmt":"2021-05-29T22:19:00","guid":{"rendered":"http:\/\/cordobadirecto.com\/index.php\/2021\/05\/29\/inminente-alianza-pondria-fin-a-12-anos-de-gobierno-de-netanyahu\/"},"modified":"2021-05-29T22:19:00","modified_gmt":"2021-05-29T22:19:00","slug":"inminente-alianza-pondria-fin-a-12-anos-de-gobierno-de-netanyahu","status":"publish","type":"post","link":"http:\/\/cordobadirecto.com\/index.php\/2021\/05\/29\/inminente-alianza-pondria-fin-a-12-anos-de-gobierno-de-netanyahu\/","title":{"rendered":"Inminente alianza pondr\u00eda fin a 12 a\u00f1os de Gobierno de Netanyahu"},"content":{"rendered":"<div class=\"image\" id=\"image\" readability=\"7\"> <img src=\"http:\/\/cordobadirecto.com\/wp-content\/uploads\/2021\/05\/inminente-alianza-pondria-fin-a-12-anos-de-gobierno-de-netanyahu.jpg\" alt=\"Netanyahu est\u00e1 siendo enjuiciado actualmente por varias causas de corrupci\u00f3n.\" title=\"Netanyahu est\u00e1 siendo enjuiciado actualmente por varias causas de corrupci\u00f3n.\"><\/p>\n<p>Netanyahu est\u00e1 siendo enjuiciado actualmente por varias causas de corrupci\u00f3n.<\/p>\n<\/div>\n<p>Despu\u00e9s de varios d\u00edas de gui\u00f1os y rumores, la prensa israel\u00ed inform\u00f3 este s\u00e1bado al un\u00edsono que en las pr\u00f3ximas horas <strong>los l\u00edderes del movimiento religioso nacionalista Yamina y el partido de centro Yesh Atid anunciar\u00edan una amplia y heterog\u00e9nea alianza<\/strong> que pondr\u00eda fin a m\u00e1s de 12 a\u00f1os de Gobiernos dirigidos por Benjamin Netanyahu.<\/p>\n<p>Las fren\u00e9ticas negociaciones hab\u00edan empezado luego que Netanyahu no lograra conseguir las 61 bancas necesarias en el Parlamento, tras ganar la primera minor\u00eda en las \u00faltimas elecciones, con 30 esca\u00f1os.<\/p>\n<p>Pero <strong>el di\u00e1logo que lo dejar\u00eda afuera del poder se hab\u00eda congelado con la escalada militar <\/strong>entre Israel y el movimiento islamista palestino Hamas en la Franja de Gaza y la explosi\u00f3n de protestas, represi\u00f3n policial y militar y choques violentos dentro del territorio israel\u00ed y los territorios palestinos ocupados.<\/p>\n<div class=\"image\" id=\"image\" readability=\"7\"> <img src=\"http:\/\/cordobadirecto.com\/wp-content\/uploads\/2021\/05\/inminente-alianza-pondria-fin-a-12-anos-de-gobierno-de-netanyahu-1.jpg\" alt=\"Se acerca en Israel la fecha l\u00edmite para formar un nuevo Gobierno o volver a las urnas.\" title=\"Se acerca en Israel la fecha l\u00edmite para formar un nuevo Gobierno o volver a las urnas.\"><\/p>\n<p>Se acerca en Israel la fecha l\u00edmite para formar un nuevo Gobierno o volver a las urnas.<\/p>\n<\/div>\n<p>La coalici\u00f3n<\/p>\n<p>Tras la tregua con Hamas y en medio de un clima un poco m\u00e1s calmo dentro de Israel, las negociaciones se retomaron y con ellas los gui\u00f1os y los rumores.<\/p>\n<p>Este s\u00e1bado, tanto canales de televisi\u00f3n como los principales diarios del pa\u00eds informaron que fuentes cercanas a Yamina y Yesh Atid les dijeron que ma\u00f1ana o <strong>a m\u00e1s tardar el lunes anunciar\u00e1n una amplia y heterog\u00e9nea alianza<\/strong> que, para alcanzar las 61 bancas que se necesita para formar Gobierno, deber\u00eda incluir a muchas otras fuerzas.<\/p>\n<p>La coalici\u00f3n sumar\u00eda a los <strong>ultranacionalistas Yisrael Beytenu de Avigdor Lieberman y Nueva Esperanza de Gideon Saar, el m\u00e1s moderado Azul y Blanco del actual ministro de Defensa Benny Gantz, el Laborismo y Meretz, dos fuerzas consideradas de centro-izquierda; y al partido islamista Raam<\/strong>, ya fuera con su apoyo expl\u00edcito o su abstenci\u00f3n.<\/p>\n<p>Seg\u00fan el canal 12 de televisi\u00f3n, de concretarse esta muy variopinta coalici\u00f3n, el acuerdo ser\u00eda que <strong>el l\u00edder del movimiento religioso nacionalista Yamina, Naftali Bennett, dirigir\u00eda el Gobierno<\/strong> como primer ministro primero hasta septiembre de 2023, y luego, hasta noviembre de 2025, cuando terminar\u00eda el mandato, lo reemplazar\u00eda la cabeza del m\u00e1s moderado Yesh Atid, Yair Lapid.<\/p>\n<p>C\u00f3mo quedar\u00eda conformado el nuevo gabinete<\/p>\n<p>Adem\u00e1s, seg\u00fan esta versi\u00f3n, <strong>el ministro de Defensa seguir\u00eda siendo Gantz<\/strong>, mientras que Lieberman ser\u00eda ministro de Finanzas, Saar quedar\u00eda a cargo de Justicia, la dirigente de Yamina Ayelet Shaked ser\u00eda la titular de la cartera del Interior, la laborista Merav Michaeli se encargar\u00eda de Transporte y el jefe de Meretz Nitzan Horowitz ser\u00eda ministro de Salud.<\/p>\n<p>El ministro de Educaci\u00f3n quedar\u00eda en manos de la dirigente de Nueva Esperanza Yifat Shasha-Bitton y la cartera de Seguridad ser\u00eda para el laborista Amar Bar-Lev.<\/p>\n<p>Sin embargo, <strong>el diario Jerusalem Post advirti\u00f3 que no todo est\u00e1 100% cerrado ya que existen dudas sobre si Shaked, de Yamina, apoyar\u00eda una coalici\u00f3n de Gobierno tan amplia<\/strong> que incluya a sectores identificados con la izquierda e, incluso, una fuerza islamista como Raam, a\u00fan si no participa del gabinete.<\/p>\n<p>La reactivaci\u00f3n de las negociaciones no s\u00f3lo se dio por la tregua con Hamas en Gaza, sino porque <strong>se acerca la fecha l\u00edmite para formar un nuevo Gobierno o volver a las urnas<\/strong>, en lo que ser\u00edan las quintas elecciones en dos a\u00f1os y una continuaci\u00f3n de la par\u00e1lisis pol\u00edtica en la que est\u00e1 sumido el pa\u00eds, en parte a causa de la polarizante figura de <strong>Netanyahu, actualmente enjuiciado por varias causas de corrupci\u00f3n.<\/strong> <\/p>\n","protected":false},"excerpt":{"rendered":"<p>Netanyahu est\u00e1 siendo enjuiciado actualmente por varias causas de corrupci\u00f3n. Despu\u00e9s de varios d\u00edas de gui\u00f1os y rumores, la prensa israel\u00ed inform\u00f3 este s\u00e1bado al un\u00edsono que en las pr\u00f3ximas horas los l\u00edderes del movimiento religioso nacionalista Yamina y el partido de centro Yesh Atid anunciar\u00edan una amplia y heterog\u00e9nea alianza que pondr\u00eda fin a [&hellip;]<\/p>\n","protected":false},"author":1,"featured_media":7302,"comment_status":"closed","ping_status":"closed","sticky":false,"template":"","format":"standard","meta":[],"categories":[24],"tags":[],"_links":{"self":[{"href":"http:\/\/cordobadirecto.com\/index.php\/wp-json\/wp\/v2\/posts\/7301"}],"collection":[{"href":"http:\/\/cordobadirecto.com\/index.php\/wp-json\/wp\/v2\/posts"}],"about":[{"href":"http:\/\/cordobadirecto.com\/index.php\/wp-json\/wp\/v2\/types\/post"}],"author":[{"embeddable":true,"href":"http:\/\/cordobadirecto.com\/index.php\/wp-json\/wp\/v2\/users\/1"}],"replies":[{"embeddable":true,"href":"http:\/\/cordobadirecto.com\/index.php\/wp-json\/wp\/v2\/comments?post=7301"}],"version-history":[{"count":0,"href":"http:\/\/cordobadirecto.com\/index.php\/wp-json\/wp\/v2\/posts\/7301\/revisions"}],"wp:featuredmedia":[{"embeddable":true,"href":"http:\/\/cordobadirecto.com\/index.php\/wp-json\/wp\/v2\/media\/7302"}],"wp:attachment":[{"href":"http:\/\/cordobadirecto.com\/index.php\/wp-json\/wp\/v2\/media?parent=7301"}],"wp:term":[{"taxonomy":"category","embeddable":true,"href":"http:\/\/cordobadirecto.com\/index.php\/wp-json\/wp\/v2\/categories?post=7301"},{"taxonomy":"post_tag","embeddable":true,"href":"http:\/\/cordobadirecto.com\/index.php\/wp-json\/wp\/v2\/tags?post=7301"}],"curies":[{"name":"wp","href":"https:\/\/api.w.org\/{rel}","templated":true}]}}