{"id":7308,"date":"2021-05-30T10:05:00","date_gmt":"2021-05-30T10:05:00","guid":{"rendered":"https:\/\/lmdiario.com.ar\/contenido\/290932\/el-tenista-argentino-francisco-cerundolo-ingresa-a-roland-garros"},"modified":"2021-05-30T10:05:00","modified_gmt":"2021-05-30T10:05:00","slug":"el-tenista-argentino-francisco-cerundolo-ingresa-a-roland-garros","status":"publish","type":"post","link":"http:\/\/cordobadirecto.com\/index.php\/2021\/05\/30\/el-tenista-argentino-francisco-cerundolo-ingresa-a-roland-garros\/","title":{"rendered":"El tenista argentino Francisco Cer\u00fandolo ingresa a Roland Garros"},"content":{"rendered":"<div readability=\"36\"> <img alt=\"Francisco Cer\u00fandolo by na\" class=\"img-responsive\" height=\"824\" loading=\"lazy\" sizes=\"auto\" src=\"http:\/\/cordobadirecto.com\/wp-content\/uploads\/2021\/05\/el-tenista-argentino-francisco-cerundolo-ingresa-a-roland-garros.jpg\" srcset=\"http:\/\/cordobadirecto.com\/wp-content\/uploads\/2021\/05\/el-tenista-argentino-francisco-cerundolo-ingresa-a-roland-garros.jpg 1024w, http:\/\/cordobadirecto.com\/wp-content\/uploads\/2021\/05\/el-tenista-argentino-francisco-cerundolo-ingresa-a-roland-garros-1.jpg 373w\" width=\"1024\"> <\/p>\n<p> <span>Cer\u00fandolo, de 22 a\u00f1os, n\u00famero 116 del ranking mundial, abrir\u00e1 este lunes desde las 6 de Argentina la actividad en la cancha 4 del complejo parisino. Foto archivo: NA<\/span> <\/p>\n<\/p><\/div>\n<div readability=\"62.663642255347\">\n<p><strong>El tenista argentino Francisco Cer\u00fandolo tendr\u00e1 este lunes su debut absoluto en torneos de Grand Slam cuando se presente ante el brasile\u00f1o Thiago Monteiro por la primera ronda de Roland Garros,<\/strong> a cuyo cuadro principal accedi\u00f3 este domingo como perdedor afortunado.<\/p>\n<p><strong>Cer\u00fandolo, de 22 a\u00f1os, n\u00famero 116 del ranking mundial, abrir\u00e1 este lunes desde las 6 de Argentina la actividad en la cancha 4 del complejo parisino<\/strong> ante un rival que lo venci\u00f3 el a\u00f1o pasado en los octavos de final del Challenger de Punta del Este, Uruguay.<\/p>\n<p><strong>El argentino hab\u00eda perdido con el italiano Alessandro Giannessi (159) por 6-4, 3-6 y 6-2 en la \u00faltima ronda de la clasificaci\u00f3n previa pero finalmente se benefici\u00f3 con la baja del canadiense Milos Raonic <\/strong>y jugar\u00e1 por primera vez en su carrera un &#8220;Major&#8221; de tenis.<\/p>\n<p>Este a\u00f1o hab\u00eda intentado su acceso al Abierto de Australia, objetivo que no pudo conseguir luego de dar positivo de coronavirus antes de afrontar su segundo compromiso en la &#8220;qualy&#8221;.<\/p>\n<p><strong>En caso de superar con \u00e9xito su debut sobre el polvo de ladrillo de Par\u00eds jugar\u00e1 ante un rival estadounidense en la ronda siguiente: Steve Johnson (86) o Frances Tiafoe (73).<\/strong><\/p>\n<p>Con su incorporaci\u00f3n al cuadro principal, el tenis argentino tendr\u00e1 ocho representantes en la edici\u00f3n 2021 de Roland Garros: Diego Schwartzman, Federico Delbonis, Guido Pella, Federico Coria, Juan Ignacio Londero, Facundo Bagnis, Cer\u00fandolo y Nadia Podoroska.<\/p>\n<p>Fuente: T\u00e9lam<\/p>\n<p>Noticia relacionada:&nbsp;<\/p>\n<\/p><\/div>\n","protected":false},"excerpt":{"rendered":"<p>Cer\u00fandolo, de 22 a\u00f1os, n\u00famero 116 del ranking mundial, abrir\u00e1 este lunes desde las 6 de Argentina la actividad en la cancha 4 del complejo parisino. Foto archivo: NA El tenista argentino Francisco Cer\u00fandolo tendr\u00e1 este lunes su debut absoluto en torneos de Grand Slam cuando se presente ante el brasile\u00f1o Thiago Monteiro por la [&hellip;]<\/p>\n","protected":false},"author":1,"featured_media":7309,"comment_status":"open","ping_status":"closed","sticky":false,"template":"","format":"standard","meta":[],"categories":[21],"tags":[],"_links":{"self":[{"href":"http:\/\/cordobadirecto.com\/index.php\/wp-json\/wp\/v2\/posts\/7308"}],"collection":[{"href":"http:\/\/cordobadirecto.com\/index.php\/wp-json\/wp\/v2\/posts"}],"about":[{"href":"http:\/\/cordobadirecto.com\/index.php\/wp-json\/wp\/v2\/types\/post"}],"author":[{"embeddable":true,"href":"http:\/\/cordobadirecto.com\/index.php\/wp-json\/wp\/v2\/users\/1"}],"replies":[{"embeddable":true,"href":"http:\/\/cordobadirecto.com\/index.php\/wp-json\/wp\/v2\/comments?post=7308"}],"version-history":[{"count":0,"href":"http:\/\/cordobadirecto.com\/index.php\/wp-json\/wp\/v2\/posts\/7308\/revisions"}],"wp:featuredmedia":[{"embeddable":true,"href":"http:\/\/cordobadirecto.com\/index.php\/wp-json\/wp\/v2\/media\/7309"}],"wp:attachment":[{"href":"http:\/\/cordobadirecto.com\/index.php\/wp-json\/wp\/v2\/media?parent=7308"}],"wp:term":[{"taxonomy":"category","embeddable":true,"href":"http:\/\/cordobadirecto.com\/index.php\/wp-json\/wp\/v2\/categories?post=7308"},{"taxonomy":"post_tag","embeddable":true,"href":"http:\/\/cordobadirecto.com\/index.php\/wp-json\/wp\/v2\/tags?post=7308"}],"curies":[{"name":"wp","href":"https:\/\/api.w.org\/{rel}","templated":true}]}}