{"id":7310,"date":"2021-05-30T13:42:39","date_gmt":"2021-05-30T13:42:39","guid":{"rendered":"http:\/\/cordobadirecto.com\/index.php\/2021\/05\/30\/diarios-ingleses-califican-de-arrogante-a-guardiola-tras-la-derrota-del-manchester-city\/"},"modified":"2021-05-30T13:42:39","modified_gmt":"2021-05-30T13:42:39","slug":"diarios-ingleses-califican-de-arrogante-a-guardiola-tras-la-derrota-del-manchester-city","status":"publish","type":"post","link":"http:\/\/cordobadirecto.com\/index.php\/2021\/05\/30\/diarios-ingleses-califican-de-arrogante-a-guardiola-tras-la-derrota-del-manchester-city\/","title":{"rendered":"Diarios ingleses califican de &#8220;arrogante&#8221; a Guardiola tras la derrota del Manchester City"},"content":{"rendered":"<div class=\"image\" id=\"image\" readability=\"8\"> <img src=\"http:\/\/cordobadirecto.com\/wp-content\/uploads\/2021\/05\/diarios-ingleses-califican-de-arrogante-a-guardiola-tras-la-derrota-del-manchester-city.jpg\" alt=\"&quot;La decisi\u00f3n de Guardiola de empezar sin Fernandinho roz\u00f3 la arrogancia&quot;, se\u00f1al\u00f3 The Times.\" title=\"&quot;La decisi\u00f3n de Guardiola de empezar sin Fernandinho roz\u00f3 la arrogancia&quot;, se\u00f1al\u00f3 The Times.\"><\/p>\n<p>&#8220;La decisi\u00f3n de Guardiola de empezar sin Fernandinho roz\u00f3 la arrogancia&#8221;, se\u00f1al\u00f3 The Times.<\/p>\n<\/div>\n<p>La prensa gr\u00e1fica brit\u00e1nica carg\u00f3 este domingo contra el entrenador Josep &#8220;Pep&#8221; Guardiola<strong> tras la derrota por 1 a 0 del Manchester City<\/strong> en la final de la Liga de Campeones de la UEFA ante el Chelsea, disputada el \u00faltimo s\u00e1bado en Oporto, Portugal.<\/p>\n<p>&#8220;La decisi\u00f3n de Guardiola de empezar sin Fernandinho roz\u00f3 la arrogancia, como si creyera que podr\u00eda superar al bien organizado y decidido Chelsea de Tuchel sin un recuperador de balones. El City ech\u00f3 mucho de menos al brasile\u00f1o organizando y patrullando esa zona. Kant\u00e9 se limit\u00f3 a tomar el control y cuando Guardiola introdujo a Fernandinho, al cabo de una hora, el Chelsea ya iba por delante&#8221;, destac\u00f3 <strong>The Times<\/strong>.<\/p>\n<p>En tanto, <strong>The Guardian<\/strong> public\u00f3: &#8220;La presi\u00f3n era para Pep, con Sheikh Mansour a la espera de una copa que anhela desde su toma de posesi\u00f3n en 2008, pero el entrenador del City encontr\u00f3 una nueva forma de perder, para sondear nuevas profundidades de frustraci\u00f3n&#8221;.<\/p>\n<div class=\"image\" id=\"image\" readability=\"8\"> <img src=\"http:\/\/cordobadirecto.com\/wp-content\/uploads\/2021\/05\/diarios-ingleses-califican-de-arrogante-a-guardiola-tras-la-derrota-del-manchester-city-1.jpg\" alt=\"Daily Mail subray\u00f3: &quot;Arrancar sin Fernandinho ni Rodri pareci\u00f3 excesivamente insensato incluso para un entrenador tan comprometido con la est\u00e9tica del juego como lo es Guardiola&quot;.\" title=\"Daily Mail subray\u00f3: &quot;Arrancar sin Fernandinho ni Rodri pareci\u00f3 excesivamente insensato incluso para un entrenador tan comprometido con la est\u00e9tica del juego como lo es Guardiola&quot;.\"><\/p>\n<p>Daily Mail subray\u00f3: &#8220;Arrancar sin Fernandinho ni Rodri pareci\u00f3 excesivamente insensato incluso para un entrenador tan comprometido con la est\u00e9tica del juego como lo es Guardiola&#8221;.<\/p>\n<\/div>\n<p>El diario londinense <strong>The Independent<\/strong> critic\u00f3 tambi\u00e9n al entrenador espa\u00f1ol y se\u00f1alo que &#8220;muchos de los futbolistas del City no comprendieron qu\u00e9 hacer sobre el terreno de juego&#8221;.<\/p>\n<p>Para <strong>The Sun<\/strong>, un diario m\u00e1s agresivo en su l\u00ednea editorial, Guardiola &#8220;cruz\u00f3 esa fina raya entre la genialidad y la extravagancia y decidi\u00f3 que una final de la Champions era el momento adecuado para realizar uno de sus experimentos de profesor loco&#8221;.<\/p>\n<p>Por \u00faltimo, el <strong>Daily Mail <\/strong>subray\u00f3: &#8220;A diferencia de Wembley en 2011, esta vez el f\u00fatbol de ataque lo mat\u00f3. Arrancar sin Fernandinho ni Rodri pareci\u00f3 excesivamente insensato incluso para un entrenador tan comprometido con la est\u00e9tica del juego como lo es Guardiola&#8221;. <\/p>\n","protected":false},"excerpt":{"rendered":"<p>&#8220;La decisi\u00f3n de Guardiola de empezar sin Fernandinho roz\u00f3 la arrogancia&#8221;, se\u00f1al\u00f3 The Times. La prensa gr\u00e1fica brit\u00e1nica carg\u00f3 este domingo contra el entrenador Josep &#8220;Pep&#8221; Guardiola tras la derrota por 1 a 0 del Manchester City en la final de la Liga de Campeones de la UEFA ante el Chelsea, disputada el \u00faltimo s\u00e1bado [&hellip;]<\/p>\n","protected":false},"author":1,"featured_media":7311,"comment_status":"closed","ping_status":"closed","sticky":false,"template":"","format":"standard","meta":[],"categories":[21],"tags":[],"_links":{"self":[{"href":"http:\/\/cordobadirecto.com\/index.php\/wp-json\/wp\/v2\/posts\/7310"}],"collection":[{"href":"http:\/\/cordobadirecto.com\/index.php\/wp-json\/wp\/v2\/posts"}],"about":[{"href":"http:\/\/cordobadirecto.com\/index.php\/wp-json\/wp\/v2\/types\/post"}],"author":[{"embeddable":true,"href":"http:\/\/cordobadirecto.com\/index.php\/wp-json\/wp\/v2\/users\/1"}],"replies":[{"embeddable":true,"href":"http:\/\/cordobadirecto.com\/index.php\/wp-json\/wp\/v2\/comments?post=7310"}],"version-history":[{"count":0,"href":"http:\/\/cordobadirecto.com\/index.php\/wp-json\/wp\/v2\/posts\/7310\/revisions"}],"wp:featuredmedia":[{"embeddable":true,"href":"http:\/\/cordobadirecto.com\/index.php\/wp-json\/wp\/v2\/media\/7311"}],"wp:attachment":[{"href":"http:\/\/cordobadirecto.com\/index.php\/wp-json\/wp\/v2\/media?parent=7310"}],"wp:term":[{"taxonomy":"category","embeddable":true,"href":"http:\/\/cordobadirecto.com\/index.php\/wp-json\/wp\/v2\/categories?post=7310"},{"taxonomy":"post_tag","embeddable":true,"href":"http:\/\/cordobadirecto.com\/index.php\/wp-json\/wp\/v2\/tags?post=7310"}],"curies":[{"name":"wp","href":"https:\/\/api.w.org\/{rel}","templated":true}]}}