{"id":7312,"date":"2021-05-30T13:42:52","date_gmt":"2021-05-30T13:42:52","guid":{"rendered":"http:\/\/cordobadirecto.com\/index.php\/2021\/05\/30\/la-segunda-temporada-de-petit-que-se-ve-en-pakapaka-gano-como-mejor-serie-en-los-premios-quirino-2021\/"},"modified":"2021-05-30T13:42:52","modified_gmt":"2021-05-30T13:42:52","slug":"la-segunda-temporada-de-petit-que-se-ve-en-pakapaka-gano-como-mejor-serie-en-los-premios-quirino-2021","status":"publish","type":"post","link":"http:\/\/cordobadirecto.com\/index.php\/2021\/05\/30\/la-segunda-temporada-de-petit-que-se-ve-en-pakapaka-gano-como-mejor-serie-en-los-premios-quirino-2021\/","title":{"rendered":"La segunda temporada de &#8220;Petit&#8221;, que se ve en Pakapaka, gan\u00f3 como mejor serie en los Premios Quirino 2021"},"content":{"rendered":"<div class=\"image\" id=\"image\" readability=\"11\"> <img src=\"http:\/\/cordobadirecto.com\/wp-content\/uploads\/2021\/05\/la-segunda-temporada-de-petit-que-se-ve-en-pakapaka-gano-como-mejor-serie-en-los-premios-quirino-2021.jpg\" alt=\"\u201cPetit\u201d, basada en el cuento \u201cPetit, el monstruo\u201d, de la ilustradora y escritora argentina Isol Misenta.\" title=\"\u201cPetit\u201d, basada en el cuento \u201cPetit, el monstruo\u201d, de la ilustradora y escritora argentina Isol Misenta.\"><\/p>\n<p>\u201cPetit\u201d, basada en el cuento \u201cPetit, el monstruo\u201d, de la ilustradora y escritora argentina Isol Misenta.<\/p>\n<\/div>\n<p>La segunda temporada de la serie \u201cPetit\u201d, basada en el cuento \u201cPetit, el monstruo\u201d, de la ilustradora y escritora argentina Isol Misenta y cuya versi\u00f3n animada dirige la chilena Bernardita Ojeda en una coproducci\u00f3n entre Argentina, Chile y Colombia que se ve por Pakapaka, se impuso en su categor\u00eda en los Premios Quirino a la animaci\u00f3n cuyos ganadores se conocieron este s\u00e1bado.<\/p>\n<p>La cuarta edici\u00f3n de los Quirino anunci\u00f3 sus lauros con una gala presencial celebrada en el Teatro Leal de San Crist\u00f3bal de La Laguna, Tenerife, y retransmitida para todo el mundo.<\/p>\n<p>All\u00ed Argentina tambi\u00e9n dijo presente con distinciones en el rubro Animaci\u00f3n de Encargo para \u201cRutas\u201d, dirigida por Alejandro Imondi; y en Dise\u00f1o de Sonido y M\u00fasica Original para \u201cLoop\u201d, corto del argentino Pablo Polledri y producci\u00f3n de Uniko (Bilbao).<\/p>\n<p>Adem\u00e1s, la mexicana \u201cUn disfraz para Nicol\u00e1s\u201d, \u00f3pera prima de Eduardo Rivero escrita y producida por Miguel \u00c1ngel Uriegas, fue reconocido como Mejor Largometraje al narrar la historia de un ni\u00f1o con s\u00edndrome de Down que fue doblado por Fran Fern\u00e1ndez, quien naci\u00f3 tambi\u00e9n con s\u00edndrome de Down.<\/p>\n<p>En el apartado de los cortometrajes, se impuso \u201cHomeless Home\u201d, del espa\u00f1ol Alberto V\u00e1zquez que ven\u00eda de obtener el Premio del Jurado en la \u00faltima edici\u00f3n del Festival de Annecy. <\/p>\n","protected":false},"excerpt":{"rendered":"<p>\u201cPetit\u201d, basada en el cuento \u201cPetit, el monstruo\u201d, de la ilustradora y escritora argentina Isol Misenta. La segunda temporada de la serie \u201cPetit\u201d, basada en el cuento \u201cPetit, el monstruo\u201d, de la ilustradora y escritora argentina Isol Misenta y cuya versi\u00f3n animada dirige la chilena Bernardita Ojeda en una coproducci\u00f3n entre Argentina, Chile y Colombia [&hellip;]<\/p>\n","protected":false},"author":1,"featured_media":7313,"comment_status":"closed","ping_status":"closed","sticky":false,"template":"","format":"standard","meta":[],"categories":[20],"tags":[],"_links":{"self":[{"href":"http:\/\/cordobadirecto.com\/index.php\/wp-json\/wp\/v2\/posts\/7312"}],"collection":[{"href":"http:\/\/cordobadirecto.com\/index.php\/wp-json\/wp\/v2\/posts"}],"about":[{"href":"http:\/\/cordobadirecto.com\/index.php\/wp-json\/wp\/v2\/types\/post"}],"author":[{"embeddable":true,"href":"http:\/\/cordobadirecto.com\/index.php\/wp-json\/wp\/v2\/users\/1"}],"replies":[{"embeddable":true,"href":"http:\/\/cordobadirecto.com\/index.php\/wp-json\/wp\/v2\/comments?post=7312"}],"version-history":[{"count":0,"href":"http:\/\/cordobadirecto.com\/index.php\/wp-json\/wp\/v2\/posts\/7312\/revisions"}],"wp:featuredmedia":[{"embeddable":true,"href":"http:\/\/cordobadirecto.com\/index.php\/wp-json\/wp\/v2\/media\/7313"}],"wp:attachment":[{"href":"http:\/\/cordobadirecto.com\/index.php\/wp-json\/wp\/v2\/media?parent=7312"}],"wp:term":[{"taxonomy":"category","embeddable":true,"href":"http:\/\/cordobadirecto.com\/index.php\/wp-json\/wp\/v2\/categories?post=7312"},{"taxonomy":"post_tag","embeddable":true,"href":"http:\/\/cordobadirecto.com\/index.php\/wp-json\/wp\/v2\/tags?post=7312"}],"curies":[{"name":"wp","href":"https:\/\/api.w.org\/{rel}","templated":true}]}}