{"id":733,"date":"2021-02-01T20:46:26","date_gmt":"2021-02-01T20:46:26","guid":{"rendered":"http:\/\/cordobadirecto.com\/index.php\/2021\/02\/01\/acuna-sufrio-una-lesion-seria-y-estara-fuera-un-tiempo-confirmo-el-dt-del-sevilla\/"},"modified":"2021-02-01T20:46:26","modified_gmt":"2021-02-01T20:46:26","slug":"acuna-sufrio-una-lesion-seria-y-estara-fuera-un-tiempo-confirmo-el-dt-del-sevilla","status":"publish","type":"post","link":"http:\/\/cordobadirecto.com\/index.php\/2021\/02\/01\/acuna-sufrio-una-lesion-seria-y-estara-fuera-un-tiempo-confirmo-el-dt-del-sevilla\/","title":{"rendered":"Acu\u00f1a sufri\u00f3 &#8220;una lesi\u00f3n seria y estar\u00e1 fuera un tiempo&#8221;, confirm\u00f3 el DT del Sevilla"},"content":{"rendered":"<div class=\"image\" id=\"image\" readability=\"8\"> <img src=\"http:\/\/cordobadirecto.com\/wp-content\/uploads\/2021\/02\/acuna-sufrio-una-lesion-seria-y-estara-fuera-un-tiempo-confirmo-el-dt-del-sevilla.jpg\" alt=\"Sevilla no aclar\u00f3 cu\u00e1l es el diagn\u00f3stico, pero Lopetegui adelant\u00f3 que es grave. \" title=\"Sevilla no aclar\u00f3 cu\u00e1l es el diagn\u00f3stico, pero Lopetegui adelant\u00f3 que es grave. \"><\/p>\n<p>Sevilla no aclar\u00f3 cu\u00e1l es el diagn\u00f3stico, pero Lopetegui adelant\u00f3 que es grave. <\/p>\n<\/div>\n<p>El volante argentino del Sevilla Marcos Acu\u00f1a tiene &#8220;una lesi\u00f3n seria&#8221;, confirm\u00f3 este lunes su entrenador, Julen Lopetegui, y agreg\u00f3 que el jugador estar\u00e1 &#8220;fuera un tiempo&#8221; del equipo.<\/p>\n<p>Acu\u00f1a se lesion\u00f3 el s\u00e1bado pasado, a los siete minutos de juego, en la victoria 2-0 ante Eibar por la liga espa\u00f1ola.<\/p>\n<p>El exjugador de Racing y Ferro sinti\u00f3 una molestia en la parte posterior del muslo izquierdo que lo oblig\u00f3 a salir.<\/p>\n<p>Sevilla no aclar\u00f3 cu\u00e1l es el diagn\u00f3stico, pero Lopetegui adelant\u00f3 cu\u00e1n grave result\u00f3 la dolencia del volante del seleccionado argentino de f\u00fatbol.<\/p>\n<p>&#8220;La de Acu\u00f1a es una lesi\u00f3n seria y estar\u00e1 fuera un tiempo. Hoy el parte era duro porque venimos de una serie de partidos exigentes y hemos tenido la lesi\u00f3n clara y bastante seria de Marcos Acu\u00f1a&#8221;, manifest\u00f3 Lopetegui, seg\u00fan consign\u00f3 la p\u00e1gina oficial del club.<\/p>\n<p>El \u00faltimo campe\u00f3n de la Liga de Europa afronta un calendario exigente con posibilidades en distintas competiciones y sufri\u00f3 varias bajas por lesi\u00f3n.<\/p>\n","protected":false},"excerpt":{"rendered":"<p>Sevilla no aclar\u00f3 cu\u00e1l es el diagn\u00f3stico, pero Lopetegui adelant\u00f3 que es grave. El volante argentino del Sevilla Marcos Acu\u00f1a tiene &#8220;una lesi\u00f3n seria&#8221;, confirm\u00f3 este lunes su entrenador, Julen Lopetegui, y agreg\u00f3 que el jugador estar\u00e1 &#8220;fuera un tiempo&#8221; del equipo. Acu\u00f1a se lesion\u00f3 el s\u00e1bado pasado, a los siete minutos de juego, en [&hellip;]<\/p>\n","protected":false},"author":1,"featured_media":734,"comment_status":"closed","ping_status":"closed","sticky":false,"template":"","format":"standard","meta":[],"categories":[21],"tags":[],"_links":{"self":[{"href":"http:\/\/cordobadirecto.com\/index.php\/wp-json\/wp\/v2\/posts\/733"}],"collection":[{"href":"http:\/\/cordobadirecto.com\/index.php\/wp-json\/wp\/v2\/posts"}],"about":[{"href":"http:\/\/cordobadirecto.com\/index.php\/wp-json\/wp\/v2\/types\/post"}],"author":[{"embeddable":true,"href":"http:\/\/cordobadirecto.com\/index.php\/wp-json\/wp\/v2\/users\/1"}],"replies":[{"embeddable":true,"href":"http:\/\/cordobadirecto.com\/index.php\/wp-json\/wp\/v2\/comments?post=733"}],"version-history":[{"count":0,"href":"http:\/\/cordobadirecto.com\/index.php\/wp-json\/wp\/v2\/posts\/733\/revisions"}],"wp:featuredmedia":[{"embeddable":true,"href":"http:\/\/cordobadirecto.com\/index.php\/wp-json\/wp\/v2\/media\/734"}],"wp:attachment":[{"href":"http:\/\/cordobadirecto.com\/index.php\/wp-json\/wp\/v2\/media?parent=733"}],"wp:term":[{"taxonomy":"category","embeddable":true,"href":"http:\/\/cordobadirecto.com\/index.php\/wp-json\/wp\/v2\/categories?post=733"},{"taxonomy":"post_tag","embeddable":true,"href":"http:\/\/cordobadirecto.com\/index.php\/wp-json\/wp\/v2\/tags?post=733"}],"curies":[{"name":"wp","href":"https:\/\/api.w.org\/{rel}","templated":true}]}}