{"id":7341,"date":"2021-05-30T23:18:29","date_gmt":"2021-05-30T23:18:29","guid":{"rendered":"https:\/\/puntoapunto.com.ar\/?p=278378"},"modified":"2021-05-30T23:18:29","modified_gmt":"2021-05-30T23:18:29","slug":"provincia-anuncio-medidas-de-asistencia-economica-para-sectores-criticos","status":"publish","type":"post","link":"http:\/\/cordobadirecto.com\/index.php\/2021\/05\/30\/provincia-anuncio-medidas-de-asistencia-economica-para-sectores-criticos\/","title":{"rendered":"Provincia anunci\u00f3 medidas de asistencia econ\u00f3mica para sectores cr\u00edticos"},"content":{"rendered":"<p><!-- image --><\/p>\n<div class=\"td-post-featured-image\"><a href=\"http:\/\/cordobadirecto.com\/wp-content\/uploads\/2021\/05\/provincia-anuncio-medidas-de-asistencia-economica-para-sectores-criticos-5.jpg\" data-caption><img loading=\"lazy\" width=\"696\" height=\"462\" class=\"entry-thumb td-modal-image\" src=\"http:\/\/cordobadirecto.com\/wp-content\/uploads\/2021\/05\/provincia-anuncio-medidas-de-asistencia-economica-para-sectores-criticos.jpg\" srcset=\"http:\/\/cordobadirecto.com\/wp-content\/uploads\/2021\/05\/provincia-anuncio-medidas-de-asistencia-economica-para-sectores-criticos.jpg 696w, http:\/\/cordobadirecto.com\/wp-content\/uploads\/2021\/05\/provincia-anuncio-medidas-de-asistencia-economica-para-sectores-criticos-1.jpg 300w, http:\/\/cordobadirecto.com\/wp-content\/uploads\/2021\/05\/provincia-anuncio-medidas-de-asistencia-economica-para-sectores-criticos-2.jpg 768w, http:\/\/cordobadirecto.com\/wp-content\/uploads\/2021\/05\/provincia-anuncio-medidas-de-asistencia-economica-para-sectores-criticos-3.jpg 150w, http:\/\/cordobadirecto.com\/wp-content\/uploads\/2021\/05\/provincia-anuncio-medidas-de-asistencia-economica-para-sectores-criticos-4.jpg 633w, http:\/\/cordobadirecto.com\/wp-content\/uploads\/2021\/05\/provincia-anuncio-medidas-de-asistencia-economica-para-sectores-criticos-5.jpg 1000w\" sizes=\"(max-width: 696px) 100vw, 696px\" alt title=\"multimedia.normal.83a7824a929a56d2.436c61766f20616e756e63696f73203238203035203230323120476f626965725f6e6f726d616c2e6a7067\"><\/a><\/div>\n<p> <!-- content --><\/p>\n<div class=\"td-a-rec td-a-rec-id-content_top tdi_73_69d td_block_template_10\">\n<div class=\"g g-34\">\n<div class=\"g-single a-299\"><a class=\"gofollow\" data-track=\"Mjk5LDM0LDEsNjA=\" href=\"http:\/\/www.grupocanter.com.ar\/landing\/pap\/?utm_source=Punto%20a%20Punto&amp;utm_medium=Banner&amp;utm_campaign=Departamentos&amp;utm_term=Banner%20Pie%20de%20Nota\"><img src=\"http:\/\/cordobadirecto.com\/wp-content\/uploads\/2021\/05\/provincia-anuncio-medidas-de-asistencia-economica-para-sectores-criticos.gif\"><\/a><\/div>\n<\/div>\n<\/div>\n<p><strong>El vicegobernador Manuel Calvo encabez\u00f3 los anuncios provinciales <\/strong>que se adelantar\u00e1n a las disposiciones nacionales y establecer\u00e1n una nueva etapa en las restricciones que buscan frenar la segunda ola de corobavirus.<\/p>\n<p>Acompa\u00f1ado de funcionarios del Gabinete y representantes comerciales y empresarios, Calvo asegur\u00f3 que la Provincia est\u00e1 \u201catravesando un dif\u00edcil momento\u201d y, que la definici\u00f3n de la administraci\u00f3n cordobesa continuar\u00e1 con su <strong>\u201ccompromiso para cuidar al salud, la educaci\u00f3n, la econom\u00eda y el trabajo\u201d<\/strong>.<\/p>\n<p><strong>\u201cEsto es una definici\u00f3n de Estado porque la hemos conversado con todos los sectores afectados por la maldita pandemia del coronavirus\u201d<\/strong>, dijo Calvo que asegur\u00f3 que el Gobierno trabaja para&nbsp;<strong>\u201cencontrar el equilibrio\u201d<\/strong>.<\/p>\n<p>En conferencia de prensa, el vicegobernador anunci\u00f3 un paquete de medidas econ\u00f3micas y financieras para sectores con actividad restringidas. Entre los beneficiarios est\u00e1n los bares y restaurantes, salones de fiesta y discotecas, gimnasios, natatorios y canchas; escuelas de danza, canto y teatro; academia de idiomas, centros de formaci\u00f3n <a href=\"https:\/\/puntoapunto.com.ar\/tag\/profesional\/\" class=\"st_tag internal_tag\" rel=\"tag\" title=\"Posts tagged with profesional\">profesional<\/a> y academias de oficios; cines, autocines, teatros centros culturales.<\/p>\n<h4><strong>Ayuda econ\u00f3micas y financieras:<\/strong><\/h4>\n<ul>\n<li>Exenci\u00f3n del pago m\u00ednimo de Ingresos Brutos para todo el 2021<\/li>\n<li>Eximici\u00f3n de Ingresos Brutos para mayo, junio, julio y agosto de 2021<\/li>\n<li>Eximici\u00f3n del impuesto a los Sellos hasta diciembre del 2021 sobre contratos de alquiler de hasta $40.500 mensuales<\/li>\n<li>Diferimiento en el pago de las facturas el\u00e9ctricas que venzan en junio de 2021 hasta diciembre con 0% de inter\u00e9s.<\/li>\n<li>Plan de facilidades de pago para deudas vencidas de EPEC hasta mayo de 2021 inclusive, con tasa de financiaci\u00f3n del 1% en 30 cuotas mensuales. Vencimiento de la primera cuota en diciembre de 2021 con plazo de adhesi\u00f3n hasta septiembre del 2021.<\/li>\n<li>Reconexi\u00f3n sin costo de medidor en caso que corresponda o que se solicite baja temporal del servicio.<\/li>\n<li>Ayudas econ\u00f3micas no reintegrables determinadas seg\u00fan la condici\u00f3n fiscal de entre $30.000 y $70.000.<\/li>\n<\/ul>\n<h5><strong>Para&nbsp;acceder a los beneficios, hay una serie de requisitos a cumplimentar:&nbsp;<\/strong><\/h5>\n<ul>\n<li>Contar con Ciudadano Digital <a href=\"https:\/\/puntoapunto.com.ar\/tag\/nivel\/\" class=\"st_tag internal_tag\" rel=\"tag\" title=\"Posts tagged with nivel\">Nivel<\/a> 2<\/li>\n<li>Tener una cuenta bancaria a nombre del solicitante<\/li>\n<li>Estar inscripto en Direcci\u00f3n General de Rentas<\/li>\n<li>Ser monotributistas con pago del primer trimestre 2021<\/li>\n<\/ul>\n<p>Las solicitudes, podr\u00e1n completarse desde el 1 al 30 de junio, completando el formulario digital ADRA, en&nbsp;<a href=\"https:\/\/www.cba.gov.ar\/\">www.cba.gov.ar<\/a><\/p>\n<p>No tags for this post. <!-- A generated by theme --> <!-- end A --> <\/p>\n","protected":false},"excerpt":{"rendered":"<p>El vicegobernador Manuel Calvo encabez\u00f3 los anuncios provinciales que se adelantar\u00e1n a las disposiciones nacionales y establecer\u00e1n una nueva etapa en las restricciones que buscan frenar la segunda ola de corobavirus. Acompa\u00f1ado de funcionarios del Gabinete y representantes comerciales y empresarios, Calvo asegur\u00f3 que la Provincia est\u00e1 \u201catravesando un dif\u00edcil momento\u201d y, que la definici\u00f3n [&hellip;]<\/p>\n","protected":false},"author":1,"featured_media":7342,"comment_status":"closed","ping_status":"closed","sticky":false,"template":"","format":"standard","meta":[],"categories":[25],"tags":[],"_links":{"self":[{"href":"http:\/\/cordobadirecto.com\/index.php\/wp-json\/wp\/v2\/posts\/7341"}],"collection":[{"href":"http:\/\/cordobadirecto.com\/index.php\/wp-json\/wp\/v2\/posts"}],"about":[{"href":"http:\/\/cordobadirecto.com\/index.php\/wp-json\/wp\/v2\/types\/post"}],"author":[{"embeddable":true,"href":"http:\/\/cordobadirecto.com\/index.php\/wp-json\/wp\/v2\/users\/1"}],"replies":[{"embeddable":true,"href":"http:\/\/cordobadirecto.com\/index.php\/wp-json\/wp\/v2\/comments?post=7341"}],"version-history":[{"count":0,"href":"http:\/\/cordobadirecto.com\/index.php\/wp-json\/wp\/v2\/posts\/7341\/revisions"}],"wp:featuredmedia":[{"embeddable":true,"href":"http:\/\/cordobadirecto.com\/index.php\/wp-json\/wp\/v2\/media\/7342"}],"wp:attachment":[{"href":"http:\/\/cordobadirecto.com\/index.php\/wp-json\/wp\/v2\/media?parent=7341"}],"wp:term":[{"taxonomy":"category","embeddable":true,"href":"http:\/\/cordobadirecto.com\/index.php\/wp-json\/wp\/v2\/categories?post=7341"},{"taxonomy":"post_tag","embeddable":true,"href":"http:\/\/cordobadirecto.com\/index.php\/wp-json\/wp\/v2\/tags?post=7341"}],"curies":[{"name":"wp","href":"https:\/\/api.w.org\/{rel}","templated":true}]}}