{"id":735,"date":"2021-02-01T20:46:37","date_gmt":"2021-02-01T20:46:37","guid":{"rendered":"https:\/\/lmdiario.com.ar\/contenido\/272255\/las-ventas-minoristas-volvieron-a-caer-en-la-provincia-a-pesar-del-turismo"},"modified":"2021-02-01T20:46:37","modified_gmt":"2021-02-01T20:46:37","slug":"las-ventas-minoristas-volvieron-a-caer-en-la-provincia-a-pesar-del-turismo","status":"publish","type":"post","link":"http:\/\/cordobadirecto.com\/index.php\/2021\/02\/01\/las-ventas-minoristas-volvieron-a-caer-en-la-provincia-a-pesar-del-turismo\/","title":{"rendered":"Las ventas minoristas volvieron a caer en la provincia a pesar del turismo"},"content":{"rendered":"<div readability=\"32\"> <img alt=\"ventas minoritas gentileza \u00e1mbito\" class=\"img-responsive\" height=\"540\" loading=\"lazy\" sizes=\"auto\" src=\"http:\/\/cordobadirecto.com\/wp-content\/uploads\/2021\/02\/las-ventas-minoristas-volvieron-a-caer-en-la-provincia-a-pesar-del-turismo.jpg\" srcset=\"http:\/\/cordobadirecto.com\/wp-content\/uploads\/2021\/02\/las-ventas-minoristas-volvieron-a-caer-en-la-provincia-a-pesar-del-turismo.jpg 1000w, http:\/\/cordobadirecto.com\/wp-content\/uploads\/2021\/02\/las-ventas-minoristas-volvieron-a-caer-en-la-provincia-a-pesar-del-turismo-1.jpg 400w\" width=\"1000\"> <\/p>\n<p> <span>Las ventas minoristas en la provincia volvieron a caer.<\/span> <span>Foto: gentileza<\/span> <\/p>\n<\/p><\/div>\n<div readability=\"130\">\n<p><strong>Las ventas minoristas de los comercios pymes de la provincia finalizaron enero con una ca\u00edda de 9,6%<\/strong> frente a igual mes del a\u00f1o anterior, medida en cantidades, de acuerdo con los datos relevados por la <strong>Federaci\u00f3n Comercial de C\u00f3rdoba<\/strong> (Fedecom), y sus C\u00e1maras y Centros Comerciales adherido. En enero de 2020, respecto a enero de 2019,<strong> las ventas hab\u00edan ca\u00eddo 5,6%<\/strong>.<\/p>\n<p>De este modo, <strong>suman 35 los meses de ca\u00eddas interanuales consecutiva en las ventas minoristas de C\u00f3rdoba<\/strong>.<\/p>\n<p>\u201cPor suerte, C\u00f3rdoba es un destino tur\u00edstico siempre vigente, y si bien la temporada viene siendo positiva en el marco de la pandemia de coronavirus \u2013lo que la ubica bastante por debajo de los desempe\u00f1os hist\u00f3ricos-<strong> el consumo de los turistas y visitantes es muy moderado, lo que se refleja en el comportamiento de las ventas<\/strong>\u201d, explic\u00f3 <strong>Ezequiel Cerezo<\/strong>, presidente de Fedecom.<\/p>\n<p>Al mismo tiempo, record\u00f3 aquellos factores que marcaron la ca\u00edda en las ventas durante el a\u00f1o pasado y asegur\u00f3 que esas situaciones a\u00fan no se han modificado. \u201c<strong>La p\u00e9rdida del poder adquisitivo de las familias, las suspensiones, el desempleo, meses de inactividad para muchos empresarios y trabajadores, la falta de mercader\u00eda, la venta informal y la falta de controles, y la incertidumbre, entre otros, vienen marcando el rumbo de la actividad que todav\u00eda no vislumbra un horizonte despejado<\/strong>\u201d, a\u00f1adi\u00f3.<\/p>\n<h3>Rubros<\/h3>\n<p>De los 12 rubros relevados por la entidad, <strong>11 mostraron desempe\u00f1os negativos<\/strong> en la comparaci\u00f3n interanual respecto a las cantidades vendidas, y s\u00f3lo uno, Ferreter\u00eda, materiales el\u00e9ctricos y materiales para la construcci\u00f3n mostr\u00f3 una suba.&nbsp;<\/p>\n<p>El detalle es el siguiente:<\/p>\n<p>Joyer\u00eda, relojer\u00eda y bijouterie (-28,9%);&nbsp;<\/p>\n<p>Calzados y marroquiner\u00eda (-20,1%);<\/p>\n<p>Muebles y decoraci\u00f3n (-15,1%);&nbsp;<\/p>\n<p>Indumentaria (-14,6%);&nbsp;<\/p>\n<p>Electrodom\u00e9sticos y art\u00edculos electr\u00f3nicos (-12,5%);&nbsp;<\/p>\n<p>Art\u00edculos deportivos y de recreaci\u00f3n (-8,1%);<\/p>\n<p>Jugueter\u00eda y librer\u00edas (-9,4%);&nbsp;<\/p>\n<p>Farmacia, perfumer\u00eda y cosm\u00e9tica (-7,2%);<\/p>\n<p>Bazar y regalos (-5,9%);&nbsp;<\/p>\n<p>Neum\u00e1ticos y repuestos (-5,3%);<\/p>\n<p>Alimentos y bebidas (-2,7%);<\/p>\n<p>Ferreter\u00eda, materiales el\u00e9ctricos y materiales para la construcci\u00f3n (3,1%).<\/p>\n<p>\u201cMuchas de las familias que se vieron imposibilitadas de tomarse vacaciones a causa de la pandemia, <strong>han decidido hacer mejoras en sus casas y eso se ve reflejado en el desempe\u00f1o de las ventas de las ferreter\u00eda<\/strong>, cosa que celebramos\u201d, refiri\u00f3 Cerezo.<\/p>\n<p>Respecto a las formas de pago, <strong>el 71% de las transacciones se realizaron con medios electr\u00f3nicos y un 29% en efectivo<\/strong>. En cuanto a las expectativas para este mes de febrero,<strong> el 45% de los comercios encuestados indic\u00f3 que espera una nueva disminuci\u00f3n en sus ventas<\/strong>.<\/p>\n<\/p><\/div>\n","protected":false},"excerpt":{"rendered":"<p>Las ventas minoristas en la provincia volvieron a caer. Foto: gentileza Las ventas minoristas de los comercios pymes de la provincia finalizaron enero con una ca\u00edda de 9,6% frente a igual mes del a\u00f1o anterior, medida en cantidades, de acuerdo con los datos relevados por la Federaci\u00f3n Comercial de C\u00f3rdoba (Fedecom), y sus C\u00e1maras y [&hellip;]<\/p>\n","protected":false},"author":1,"featured_media":736,"comment_status":"open","ping_status":"closed","sticky":false,"template":"","format":"standard","meta":[],"categories":[23,25],"tags":[],"_links":{"self":[{"href":"http:\/\/cordobadirecto.com\/index.php\/wp-json\/wp\/v2\/posts\/735"}],"collection":[{"href":"http:\/\/cordobadirecto.com\/index.php\/wp-json\/wp\/v2\/posts"}],"about":[{"href":"http:\/\/cordobadirecto.com\/index.php\/wp-json\/wp\/v2\/types\/post"}],"author":[{"embeddable":true,"href":"http:\/\/cordobadirecto.com\/index.php\/wp-json\/wp\/v2\/users\/1"}],"replies":[{"embeddable":true,"href":"http:\/\/cordobadirecto.com\/index.php\/wp-json\/wp\/v2\/comments?post=735"}],"version-history":[{"count":0,"href":"http:\/\/cordobadirecto.com\/index.php\/wp-json\/wp\/v2\/posts\/735\/revisions"}],"wp:featuredmedia":[{"embeddable":true,"href":"http:\/\/cordobadirecto.com\/index.php\/wp-json\/wp\/v2\/media\/736"}],"wp:attachment":[{"href":"http:\/\/cordobadirecto.com\/index.php\/wp-json\/wp\/v2\/media?parent=735"}],"wp:term":[{"taxonomy":"category","embeddable":true,"href":"http:\/\/cordobadirecto.com\/index.php\/wp-json\/wp\/v2\/categories?post=735"},{"taxonomy":"post_tag","embeddable":true,"href":"http:\/\/cordobadirecto.com\/index.php\/wp-json\/wp\/v2\/tags?post=735"}],"curies":[{"name":"wp","href":"https:\/\/api.w.org\/{rel}","templated":true}]}}