{"id":7359,"date":"2021-05-31T08:15:00","date_gmt":"2021-05-31T08:15:00","guid":{"rendered":"https:\/\/lmdiario.com.ar\/contenido\/291046\/el-consejo-de-la-conmebol-se-reune-para-decidir-el-futuro-de-la-copa-america"},"modified":"2021-05-31T08:15:00","modified_gmt":"2021-05-31T08:15:00","slug":"el-consejo-de-la-conmebol-se-reune-para-decidir-el-futuro-de-la-copa-america","status":"publish","type":"post","link":"http:\/\/cordobadirecto.com\/index.php\/2021\/05\/31\/el-consejo-de-la-conmebol-se-reune-para-decidir-el-futuro-de-la-copa-america\/","title":{"rendered":"El Consejo de la Conmebol se re\u00fane para decidir el futuro de la Copa Am\u00e9rica"},"content":{"rendered":"<div readability=\"34\"> <img alt=\"Copa Am\u00e9rica by gentileza\" class=\"img-responsive\" height=\"475\" loading=\"lazy\" sizes=\"auto\" src=\"http:\/\/cordobadirecto.com\/wp-content\/uploads\/2021\/05\/el-consejo-de-la-conmebol-se-reune-para-decidir-el-futuro-de-la-copa-america.jpg\" srcset=\"http:\/\/cordobadirecto.com\/wp-content\/uploads\/2021\/05\/el-consejo-de-la-conmebol-se-reune-para-decidir-el-futuro-de-la-copa-america.jpg 950w, http:\/\/cordobadirecto.com\/wp-content\/uploads\/2021\/05\/el-consejo-de-la-conmebol-se-reune-para-decidir-el-futuro-de-la-copa-america-1.jpg 400w\" width=\"950\"> <\/p>\n<p> <span>El Consejo Directivo de la Conmebol evaluar\u00e1 en las pr\u00f3ximas horas la posibilidad de trasladar el torneo a Chile, Paraguay o Estados Unidos. Foto: gentileza<\/span> <\/p>\n<\/p><\/div>\n<div readability=\"64.464663327769\">\n<p><strong>El Consejo Directivo de la Conmebol se reunir\u00e1 este lunes para decidir el futuro de la Copa Am\u00e9rica, luego de suspenderse este domingo a la noche la organizaci\u00f3n del torneo en Argentina <\/strong>por decisi\u00f3n del entre rector del f\u00fatbol en Sudam\u00e9rica.<\/p>\n<p>Los dirigentes tomar\u00e1n contacto esta jornada durante la ma\u00f1ana de manera virtual para evaluar posibles sedes alternativas a menos de dos semanas de la fecha de inicio, que estaba previsto para el domingo 13 de junio en el estadio de River Plate.<\/p>\n<p>&#8220;<strong>La Conmebol informa que en atenci\u00f3n a las circunstancias presentes ha resuelto suspender la organizaci\u00f3n de la Copa Am\u00e9rica en Argentina. <\/strong>La Conmebol analiza la oferta de otros pa\u00edses que mostraron inter\u00e9s en albergar el torneo continental&#8221;, comunic\u00f3 oficialmente anoche el organismo con sede en Luque, Paraguay.<\/p>\n<p><strong>Minutos antes, el ministro del Interior, Eduardo &#8220;Wado&#8221; De Pedro hab\u00eda reconocido en una entrevista con el canal C5N que en el Gobierno ve\u00edan &#8220;dif\u00edcil&#8221; la organizaci\u00f3n de la Copa Am\u00e9rica<\/strong> luego de analizar junto al presidente Alberto Fern\u00e1ndez las estad\u00edsticas epidemiol\u00f3gicas en las ciudades que iban a ser sedes de la competencia.<\/p>\n<p>El torneo de selecciones m\u00e1s antiguo del mundo, cuya primera edici\u00f3n fue celebrada en 1916, sum\u00f3 la segunda deserci\u00f3n en t\u00e9rminos organizativos luego de la baja de Colombia el pasado 20 de mayo debido a la crisis social que atraviesa ese pa\u00eds.<\/p>\n<p><strong>El Consejo Directivo de la Conmebol evaluar\u00e1 en las pr\u00f3ximas horas la posibilidad de trasladar el torneo a Chile, Paraguay o Estados Unidos,<\/strong> aunque otra opci\u00f3n podr\u00eda ser cancelar definitivamente su celebraci\u00f3n este a\u00f1o, tal como sucedi\u00f3 en 2020 por la pandemia de coronavirus.<\/p>\n<p><span>Fuente: T\u00e9lam<\/span><\/p>\n<p>Noticia relacionada:&nbsp;<\/p>\n<\/p><\/div>\n","protected":false},"excerpt":{"rendered":"<p>El Consejo Directivo de la Conmebol evaluar\u00e1 en las pr\u00f3ximas horas la posibilidad de trasladar el torneo a Chile, Paraguay o Estados Unidos. Foto: gentileza El Consejo Directivo de la Conmebol se reunir\u00e1 este lunes para decidir el futuro de la Copa Am\u00e9rica, luego de suspenderse este domingo a la noche la organizaci\u00f3n del torneo [&hellip;]<\/p>\n","protected":false},"author":1,"featured_media":7360,"comment_status":"open","ping_status":"closed","sticky":false,"template":"","format":"standard","meta":[],"categories":[21],"tags":[],"_links":{"self":[{"href":"http:\/\/cordobadirecto.com\/index.php\/wp-json\/wp\/v2\/posts\/7359"}],"collection":[{"href":"http:\/\/cordobadirecto.com\/index.php\/wp-json\/wp\/v2\/posts"}],"about":[{"href":"http:\/\/cordobadirecto.com\/index.php\/wp-json\/wp\/v2\/types\/post"}],"author":[{"embeddable":true,"href":"http:\/\/cordobadirecto.com\/index.php\/wp-json\/wp\/v2\/users\/1"}],"replies":[{"embeddable":true,"href":"http:\/\/cordobadirecto.com\/index.php\/wp-json\/wp\/v2\/comments?post=7359"}],"version-history":[{"count":0,"href":"http:\/\/cordobadirecto.com\/index.php\/wp-json\/wp\/v2\/posts\/7359\/revisions"}],"wp:featuredmedia":[{"embeddable":true,"href":"http:\/\/cordobadirecto.com\/index.php\/wp-json\/wp\/v2\/media\/7360"}],"wp:attachment":[{"href":"http:\/\/cordobadirecto.com\/index.php\/wp-json\/wp\/v2\/media?parent=7359"}],"wp:term":[{"taxonomy":"category","embeddable":true,"href":"http:\/\/cordobadirecto.com\/index.php\/wp-json\/wp\/v2\/categories?post=7359"},{"taxonomy":"post_tag","embeddable":true,"href":"http:\/\/cordobadirecto.com\/index.php\/wp-json\/wp\/v2\/tags?post=7359"}],"curies":[{"name":"wp","href":"https:\/\/api.w.org\/{rel}","templated":true}]}}