{"id":7365,"date":"2021-05-31T13:57:18","date_gmt":"2021-05-31T13:57:18","guid":{"rendered":"http:\/\/cordobadirecto.com\/index.php\/2021\/05\/31\/radioteatro-del-plata-presenta-este-lunes-mestiza-de-alberto-migre\/"},"modified":"2021-05-31T13:57:18","modified_gmt":"2021-05-31T13:57:18","slug":"radioteatro-del-plata-presenta-este-lunes-mestiza-de-alberto-migre","status":"publish","type":"post","link":"http:\/\/cordobadirecto.com\/index.php\/2021\/05\/31\/radioteatro-del-plata-presenta-este-lunes-mestiza-de-alberto-migre\/","title":{"rendered":"Radioteatro Del Plata presenta este lunes &#8220;Mestiza&#8221; de Alberto Migr\u00e9"},"content":{"rendered":"<div class=\"image\" id=\"image\" readability=\"8\"> <img src=\"http:\/\/cordobadirecto.com\/wp-content\/uploads\/2021\/05\/radioteatro-del-plata-presenta-este-lunes-mestiza-de-alberto-migre.jpg\" alt=\"La versi\u00f3n para TV de 1969, con c\u00e1rpena maquillada para parecer mestiza\" title=\"La versi\u00f3n para TV de 1969, con c\u00e1rpena maquillada para parecer mestiza\"><\/p>\n<p>La versi\u00f3n para TV de 1969, con c\u00e1rpena maquillada para parecer mestiza<\/p>\n<\/div>\n<p><strong>&#8220;Mestiza&#8221;, novela de Alberto Migr\u00e9 adaptada y dirigida por V\u00edctor Ag\u00fa<\/strong>, se presentar\u00e1 a partir de ma\u00f1ana en una nueva versi\u00f3n en el marco de &#8220;Radioteatro del Plata&#8221;, ciclo que se emite de lunes a viernes a la medianoche por Del Plata AM1030 y Spotify.<\/p>\n<p>La propuesta forma parte del ciclo que marca el regreso a la radio del follet\u00edn \u2013popular g\u00e9nero dram\u00e1tico- y que homenajea al reconocido autor y director argentino, acontecimiento art\u00edstico que lleg\u00f3 a la programaci\u00f3n de Del Plata con el \u00e9xito de \u201cInconquistable coraz\u00f3n\u201d y que se presenta en media hora de entregas.<\/p>\n<p>Luego, a las 0.30, la grilla contin\u00faa con <strong>\u201cDetr\u00e1s de escena\u201d, un segmento donde la misma C\u00e1rpena y Lorena Bredeston<\/strong> comparten la historia del g\u00e9nero y repasan el &#8220;detr\u00e1s de escena&#8221; de las grabaciones, aquello que ocurre entre bambalinas para dar a luz una nueva ficci\u00f3n.<\/p>\n<p>\u201cMestiza\u201d cuenta con la actuaci\u00f3n estelar de Nora C\u00e1rpena y un elenco que integran <strong>Daniel Miglioranza, Norma L\u00f3pez Monet (que vuelve a trabajar despu\u00e9s de m\u00e1s de 10 a\u00f1os), Luciana Ulrich, Sebasti\u00e1n Pozzi, Pablo Finamore, Carlos Romero Franco, Claudia Medic, Mariana Richaudeau, Guillermo Marcos, Miguel Dao, Ren\u00e9 Bertrand y Guido D&#8217;Albo<\/strong>.<\/p>\n<div class=\"image-right\" readability=\"7\"> <img src=\"http:\/\/cordobadirecto.com\/wp-content\/uploads\/2021\/05\/radioteatro-del-plata-presenta-este-lunes-mestiza-de-alberto-migre-1.jpg\" alt=\"Nora c\u00e1rpena protagonista de la nueva propuesta radiof\u00f3nica\" title=\"Nora c\u00e1rpena protagonista de la nueva propuesta radiof\u00f3nica\"><\/p>\n<p>Nora c\u00e1rpena protagonista de la nueva propuesta radiof\u00f3nica<\/p>\n<\/div>\n<p>Situada en Buenos Aires en 1925 (la versi\u00f3n original se ubica en 1905) y cuenta la relaci\u00f3n entre una mujer mestiza, estudiante de medicina, y un hombre de la aristocracia porte\u00f1a, Andr\u00e9s Z\u00fa\u00f1iga.<\/p>\n<p>\u201cMestiza\u201d relata una amarga historia de rencores, pero tambi\u00e9n de un insospechado y tremendo amor que estallar\u00e1 por sobre el odio. Acechan el prejuicio, el empecinamiento, un orgullo despiadado, una tonalidad de piel, una diferencia.<\/p>\n<p>Se trata de la historia de un hombre y una mujer que pasar\u00e1n del odio al amor; de la indiferencia a la ca\u00edda de un orgullo sin sentido.<\/p>\n<p>\u201cMestiza\u201d cuenta la lucha de esa muchacha mestiza y estudiante de medicina que -en 1925- logra entrar a trabajar en un hospital p\u00fablico, donde hasta los pacientes rechazan ser atendidos por ella en tanto mestiza y mujer.<\/p>\n<p><strong>La novela tuvo su estreno en 1959 en formato radionovela, con Hilda Bernard y Fernando Ciro como protagonistas, en Radio El Mundo. Diez a\u00f1os m\u00e1s tarde, en el marco del ciclo televisivo \u201cMi comedia favorita\u201d, Nora C\u00e1rpena y Guillermo Bredeston fueron los protagonistas en una adaptaci\u00f3n para unitario de TV<\/strong>. <\/p>\n","protected":false},"excerpt":{"rendered":"<p>La versi\u00f3n para TV de 1969, con c\u00e1rpena maquillada para parecer mestiza &#8220;Mestiza&#8221;, novela de Alberto Migr\u00e9 adaptada y dirigida por V\u00edctor Ag\u00fa, se presentar\u00e1 a partir de ma\u00f1ana en una nueva versi\u00f3n en el marco de &#8220;Radioteatro del Plata&#8221;, ciclo que se emite de lunes a viernes a la medianoche por Del Plata AM1030 [&hellip;]<\/p>\n","protected":false},"author":1,"featured_media":7366,"comment_status":"closed","ping_status":"closed","sticky":false,"template":"","format":"standard","meta":[],"categories":[20],"tags":[],"_links":{"self":[{"href":"http:\/\/cordobadirecto.com\/index.php\/wp-json\/wp\/v2\/posts\/7365"}],"collection":[{"href":"http:\/\/cordobadirecto.com\/index.php\/wp-json\/wp\/v2\/posts"}],"about":[{"href":"http:\/\/cordobadirecto.com\/index.php\/wp-json\/wp\/v2\/types\/post"}],"author":[{"embeddable":true,"href":"http:\/\/cordobadirecto.com\/index.php\/wp-json\/wp\/v2\/users\/1"}],"replies":[{"embeddable":true,"href":"http:\/\/cordobadirecto.com\/index.php\/wp-json\/wp\/v2\/comments?post=7365"}],"version-history":[{"count":0,"href":"http:\/\/cordobadirecto.com\/index.php\/wp-json\/wp\/v2\/posts\/7365\/revisions"}],"wp:featuredmedia":[{"embeddable":true,"href":"http:\/\/cordobadirecto.com\/index.php\/wp-json\/wp\/v2\/media\/7366"}],"wp:attachment":[{"href":"http:\/\/cordobadirecto.com\/index.php\/wp-json\/wp\/v2\/media?parent=7365"}],"wp:term":[{"taxonomy":"category","embeddable":true,"href":"http:\/\/cordobadirecto.com\/index.php\/wp-json\/wp\/v2\/categories?post=7365"},{"taxonomy":"post_tag","embeddable":true,"href":"http:\/\/cordobadirecto.com\/index.php\/wp-json\/wp\/v2\/tags?post=7365"}],"curies":[{"name":"wp","href":"https:\/\/api.w.org\/{rel}","templated":true}]}}