{"id":737,"date":"2021-02-01T20:46:47","date_gmt":"2021-02-01T20:46:47","guid":{"rendered":"http:\/\/cordobadirecto.com\/index.php\/2021\/02\/01\/la-familia-de-tony-bennett-informo-que-el-cantante-de-94-anos-padece-de-alzheimer\/"},"modified":"2021-02-01T20:46:47","modified_gmt":"2021-02-01T20:46:47","slug":"la-familia-de-tony-bennett-informo-que-el-cantante-de-94-anos-padece-de-alzheimer","status":"publish","type":"post","link":"http:\/\/cordobadirecto.com\/index.php\/2021\/02\/01\/la-familia-de-tony-bennett-informo-que-el-cantante-de-94-anos-padece-de-alzheimer\/","title":{"rendered":"La familia de Tony Bennett inform\u00f3 que el cantante de 94 a\u00f1os padece de Alzheimer"},"content":{"rendered":"<div class=\"image\" id=\"image\" readability=\"7\"> <img src=\"http:\/\/cordobadirecto.com\/wp-content\/uploads\/2021\/02\/la-familia-de-tony-bennett-informo-que-el-cantante-de-94-anos-padece-de-alzheimer.jpg\" alt=\"Bennett fue diagnosticado en 2016\" title=\"Bennett fue diagnosticado en 2016\"><\/p>\n<p>Bennett fue diagnosticado en 2016<\/p>\n<\/div>\n<p>El cantante estadounidense <strong>Tony Bennett padece la enfermedad de Alzheimer<\/strong>, inform\u00f3 hoy la familia del artista de 94 a\u00f1os, pero Gayatri Devi, el m\u00e9dico que lo diagnostic\u00f3 resalt\u00f3 que el m\u00fasico <strong>&#8220;realmente es el s\u00edmbolo de esperanza para alguien con un trastorno cognitivo&#8221;<\/strong>.<\/p>\n<p><strong>&#8220;\u00c9l est\u00e1 haciendo tantas cosas, a los 94 a\u00f1os, que muchas personas sin demencia no pueden hacer&#8221;<\/strong>, precis\u00f3 el m\u00e9dico del Hospital Lenox Hill de Nueva<\/p>\n<p>\/&gt;<br \/>La familia de Bennett indic\u00f3 que el vocalista fue diagnosticado en 2016, pero comenz\u00f3 a mostrar signos reales de declive dos a\u00f1os despu\u00e9s, mientras grababa un \u00e1lbum con Lady Gaga, inform\u00f3 el sitio Page Six citado por la agencia ANSA.<\/p>\n<p><strong>&#8220;Hay muchas cosas de \u00e9l que extra\u00f1o&#8221;<\/strong>, dijo su esposa, Susan Bennett. <strong>&#8220;Porque ya no es el viejo Tony&#8230; Pero cuando canta, es el viejo Tony&#8221;<\/strong>.<\/p>\n<p>La enfermedad avanz\u00f3 desde su diagn\u00f3stico aunque Bennett no sufri\u00f3 ni de &#8220;desorientaci\u00f3n&#8221; ni &#8220;episodios de terror, rabia o depresi\u00f3n&#8221;, s\u00edntomas comunes de la enfermedad.<\/p>\n<p>De acuerdo a Page Six, la voz del cl\u00e1sico &#8220;The Way You Look Tonight&#8221; expres\u00f3 preocupaci\u00f3n por su salud por primera vez en 2015 cuando tuvo problemas para recordar los nombres de los m\u00fasicos de su orquesta. Y el diagn\u00f3stico fue confirmado al a\u00f1o siguiente. <\/p>\n","protected":false},"excerpt":{"rendered":"<p>Bennett fue diagnosticado en 2016 El cantante estadounidense Tony Bennett padece la enfermedad de Alzheimer, inform\u00f3 hoy la familia del artista de 94 a\u00f1os, pero Gayatri Devi, el m\u00e9dico que lo diagnostic\u00f3 resalt\u00f3 que el m\u00fasico &#8220;realmente es el s\u00edmbolo de esperanza para alguien con un trastorno cognitivo&#8221;. &#8220;\u00c9l est\u00e1 haciendo tantas cosas, a los [&hellip;]<\/p>\n","protected":false},"author":1,"featured_media":738,"comment_status":"closed","ping_status":"closed","sticky":false,"template":"","format":"standard","meta":[],"categories":[20],"tags":[],"_links":{"self":[{"href":"http:\/\/cordobadirecto.com\/index.php\/wp-json\/wp\/v2\/posts\/737"}],"collection":[{"href":"http:\/\/cordobadirecto.com\/index.php\/wp-json\/wp\/v2\/posts"}],"about":[{"href":"http:\/\/cordobadirecto.com\/index.php\/wp-json\/wp\/v2\/types\/post"}],"author":[{"embeddable":true,"href":"http:\/\/cordobadirecto.com\/index.php\/wp-json\/wp\/v2\/users\/1"}],"replies":[{"embeddable":true,"href":"http:\/\/cordobadirecto.com\/index.php\/wp-json\/wp\/v2\/comments?post=737"}],"version-history":[{"count":0,"href":"http:\/\/cordobadirecto.com\/index.php\/wp-json\/wp\/v2\/posts\/737\/revisions"}],"wp:featuredmedia":[{"embeddable":true,"href":"http:\/\/cordobadirecto.com\/index.php\/wp-json\/wp\/v2\/media\/738"}],"wp:attachment":[{"href":"http:\/\/cordobadirecto.com\/index.php\/wp-json\/wp\/v2\/media?parent=737"}],"wp:term":[{"taxonomy":"category","embeddable":true,"href":"http:\/\/cordobadirecto.com\/index.php\/wp-json\/wp\/v2\/categories?post=737"},{"taxonomy":"post_tag","embeddable":true,"href":"http:\/\/cordobadirecto.com\/index.php\/wp-json\/wp\/v2\/tags?post=737"}],"curies":[{"name":"wp","href":"https:\/\/api.w.org\/{rel}","templated":true}]}}