{"id":7390,"date":"2021-05-31T18:23:34","date_gmt":"2021-05-31T18:23:34","guid":{"rendered":"https:\/\/puntoapunto.com.ar\/?p=278609"},"modified":"2021-05-31T18:23:34","modified_gmt":"2021-05-31T18:23:34","slug":"causa-bacar-condenaron-a-los-integrantes-de-la-familia-barrera","status":"publish","type":"post","link":"http:\/\/cordobadirecto.com\/index.php\/2021\/05\/31\/causa-bacar-condenaron-a-los-integrantes-de-la-familia-barrera\/","title":{"rendered":"Causa Bacar: condenaron a los integrantes de la familia Barrera"},"content":{"rendered":"<div class=\"td-post-content tagdiv-type\" readability=\"55.745454545455\"> <!-- image --><\/p>\n<div class=\"td-post-featured-image\"><a href=\"http:\/\/cordobadirecto.com\/wp-content\/uploads\/2021\/05\/causa-bacar-condenaron-a-los-integrantes-de-la-familia-barrera-6.jpg\" data-caption><img loading=\"lazy\" width=\"696\" height=\"391\" class=\"entry-thumb td-modal-image\" src=\"http:\/\/cordobadirecto.com\/wp-content\/uploads\/2021\/05\/causa-bacar-condenaron-a-los-integrantes-de-la-familia-barrera.jpg\" srcset=\"http:\/\/cordobadirecto.com\/wp-content\/uploads\/2021\/05\/causa-bacar-condenaron-a-los-integrantes-de-la-familia-barrera.jpg 696w, http:\/\/cordobadirecto.com\/wp-content\/uploads\/2021\/05\/causa-bacar-condenaron-a-los-integrantes-de-la-familia-barrera-2.jpg 300w, http:\/\/cordobadirecto.com\/wp-content\/uploads\/2021\/05\/causa-bacar-condenaron-a-los-integrantes-de-la-familia-barrera-3.jpg 768w, http:\/\/cordobadirecto.com\/wp-content\/uploads\/2021\/05\/causa-bacar-condenaron-a-los-integrantes-de-la-familia-barrera-4.jpg 150w, http:\/\/cordobadirecto.com\/wp-content\/uploads\/2021\/05\/causa-bacar-condenaron-a-los-integrantes-de-la-familia-barrera-5.jpg 747w, http:\/\/cordobadirecto.com\/wp-content\/uploads\/2021\/05\/causa-bacar-condenaron-a-los-integrantes-de-la-familia-barrera-6.jpg 950w\" sizes=\"(max-width: 696px) 100vw, 696px\" alt title=\"juan-carlos-barrera-1173433\"><\/a><\/div>\n<p> <!-- content --><\/p>\n<div class=\"td-a-rec td-a-rec-id-content_top tdi_73_66c td_block_template_10\">\n<div class=\"g g-34\">\n<div class=\"g-single a-299\"><a class=\"gofollow\" data-track=\"Mjk5LDM0LDEsNjA=\" href=\"http:\/\/www.grupocanter.com.ar\/landing\/pap\/?utm_source=Punto%20a%20Punto&amp;utm_medium=Banner&amp;utm_campaign=Departamentos&amp;utm_term=Banner%20Pie%20de%20Nota\"><img src=\"http:\/\/cordobadirecto.com\/wp-content\/uploads\/2021\/05\/causa-bacar-condenaron-a-los-integrantes-de-la-familia-barrera.gif\"><\/a><\/div>\n<\/div>\n<\/div>\n<p>En el marco de la causa <a href=\"https:\/\/puntoapunto.com.ar\/tag\/bacar\/\" class=\"st_tag internal_tag\" rel=\"tag\" title=\"Posts tagged with Bacar\">Bacar<\/a>, el Fiscal Carlos Gonella dict\u00f3 sentencia a Juan Carlos Barrera y sus hijos, acusados por el delito de intermediaci\u00f3n financiera ilegal, agravada por publicidad en medios masivos de comunicaci\u00f3n.<\/p>\n<p>Gonella explic\u00f3 en dialogo con <strong>Cadena 3<\/strong> que la sentencia es de tres a\u00f1os de prisi\u00f3n condicional y \u201cuna <strong>multa de $ <\/strong><strong>30 millones<\/strong> para el padre y para su hijo Iv\u00e1n Barrera\u201d. Pablo Barrera, otro de los hijos, recibi\u00f3 una multa de<strong> $ <\/strong><strong>20 millones<\/strong>, con una pena de dos a\u00f1os y medio en suspenso. Mientras que <strong>Mariano Barrera fue absuelto por el juzgado federal<\/strong>.<\/p>\n<p>Los cuatro integrantes de la familia Barrera fueron condenados a <strong>realizar dos a\u00f1os de tareas comunitarias<\/strong>: trabajar\u00e1n en un comedor que entrega platos de comida a 80 personas.<\/p>\n<p>En dialogo con el mimo medio, Sebasti\u00e1n Becerra Ferrer, abogado de Barrera, indic\u00f3 que <strong>apelar\u00e1n a recursos de casaci\u00f3n ya que no est\u00e1n conformes con la condena<\/strong>: \u201cesperaremos al quinto d\u00eda h\u00e1bil para conocer los fundamentos de la sentencia y seguramente interpondremos recursos de casaci\u00f3n\u201d.<\/p>\n<p>No tags for this post. <!-- A generated by theme --> <!-- end A --> <\/div>\n<footer> <!-- post pagination --> <!-- review --> <!-- next prev --><\/p>\n<div class=\"td-block-row td-post-next-prev\">\n<div class=\"td-block-span6 td-post-prev-post\">\n<div class=\"td-post-next-prev-content\"><span>Art\u00edculo anterior<\/span><a href=\"https:\/\/puntoapunto.com.ar\/chia-celebra-sus-8-anos-en-el-mercado-su-trayectoria-y-los-nuevos-proyectos\/\">Ch\u00eda celebra sus 8 a\u00f1os en el mercado: su trayectoria y los nuevos proyectos<\/a><\/div>\n<\/div>\n<\/div>\n<p> <!-- author box --><\/p>\n<div class=\"author-box-wrap\"><a href=\"https:\/\/puntoapunto.com.ar\/author\/pdelareta\/\"><img alt src=\"http:\/\/cordobadirecto.com\/wp-content\/uploads\/2021\/05\/causa-bacar-condenaron-a-los-integrantes-de-la-familia-barrera-1.jpg\" srcset=\"http:\/\/cordobadirecto.com\/wp-content\/uploads\/2021\/05\/causa-bacar-condenaron-a-los-integrantes-de-la-familia-barrera-7.jpg 2x\" class=\"avatar avatar-96 photo\" height=\"96\" width=\"96\" loading=\"lazy\"><\/a><\/div>\n<p> <!-- meta --> <\/footer>\n","protected":false},"excerpt":{"rendered":"<p>En el marco de la causa Bacar, el Fiscal Carlos Gonella dict\u00f3 sentencia a Juan Carlos Barrera y sus hijos, acusados por el delito de intermediaci\u00f3n financiera ilegal, agravada por publicidad en medios masivos de comunicaci\u00f3n. Gonella explic\u00f3 en dialogo con Cadena 3 que la sentencia es de tres a\u00f1os de prisi\u00f3n condicional y \u201cuna [&hellip;]<\/p>\n","protected":false},"author":1,"featured_media":7391,"comment_status":"closed","ping_status":"closed","sticky":false,"template":"","format":"standard","meta":[],"categories":[25],"tags":[],"_links":{"self":[{"href":"http:\/\/cordobadirecto.com\/index.php\/wp-json\/wp\/v2\/posts\/7390"}],"collection":[{"href":"http:\/\/cordobadirecto.com\/index.php\/wp-json\/wp\/v2\/posts"}],"about":[{"href":"http:\/\/cordobadirecto.com\/index.php\/wp-json\/wp\/v2\/types\/post"}],"author":[{"embeddable":true,"href":"http:\/\/cordobadirecto.com\/index.php\/wp-json\/wp\/v2\/users\/1"}],"replies":[{"embeddable":true,"href":"http:\/\/cordobadirecto.com\/index.php\/wp-json\/wp\/v2\/comments?post=7390"}],"version-history":[{"count":0,"href":"http:\/\/cordobadirecto.com\/index.php\/wp-json\/wp\/v2\/posts\/7390\/revisions"}],"wp:featuredmedia":[{"embeddable":true,"href":"http:\/\/cordobadirecto.com\/index.php\/wp-json\/wp\/v2\/media\/7391"}],"wp:attachment":[{"href":"http:\/\/cordobadirecto.com\/index.php\/wp-json\/wp\/v2\/media?parent=7390"}],"wp:term":[{"taxonomy":"category","embeddable":true,"href":"http:\/\/cordobadirecto.com\/index.php\/wp-json\/wp\/v2\/categories?post=7390"},{"taxonomy":"post_tag","embeddable":true,"href":"http:\/\/cordobadirecto.com\/index.php\/wp-json\/wp\/v2\/tags?post=7390"}],"curies":[{"name":"wp","href":"https:\/\/api.w.org\/{rel}","templated":true}]}}