{"id":7396,"date":"2021-05-31T23:51:13","date_gmt":"2021-05-31T23:51:13","guid":{"rendered":"http:\/\/estaciontrip.com.ar\/?p=5726"},"modified":"2021-05-31T23:51:13","modified_gmt":"2021-05-31T23:51:13","slug":"cordoba-mostrara-su-potencial-turistico-en-el-primer-foro-internacional-para-el-desarrollo-economico","status":"publish","type":"post","link":"http:\/\/cordobadirecto.com\/index.php\/2021\/05\/31\/cordoba-mostrara-su-potencial-turistico-en-el-primer-foro-internacional-para-el-desarrollo-economico\/","title":{"rendered":"C\u00f3rdoba mostrar\u00e1 su potencial tur\u00edstico en el primer foro internacional para el desarrollo econ\u00f3mico"},"content":{"rendered":"<div><img src=\"http:\/\/cordobadirecto.com\/wp-content\/uploads\/2021\/05\/cordoba-mostrara-su-potencial-turistico-en-el-primer-foro-internacional-para-el-desarrollo-economico.jpg\" class=\"ff-og-image-inserted\"><\/div>\n<p>C\u00f3rdoba mostrar\u00e1 su potencial tur\u00edstico en el Foro Glocal, el primer evento internacional de cooperaci\u00f3n para fomentar el desarrollo econ\u00f3mico.<\/p>\n<p>Los d\u00edas 2 y 3 de junio pr\u00f3ximos, la Agencia C\u00f3rdoba Turismo participar\u00e1 del <strong>I Foro GLOCAL de Turismo y Desarrollo Econ\u00f3mico<\/strong>. El evento es organizado por la cartera provincial de turismo en un trabajo conjunto con la Agencia para El Desarrollo Econ\u00f3mico de La Ciudad de C\u00f3rdoba (ADEC) y la Federaci\u00f3n Sudamericana de Turismo (FEDESUD).<\/p>\n<p>Acerca de la importancia del encuentro, el presidente de la Agencia C\u00f3rdoba Turismo, Esteban Avil\u00e9s, destac\u00f3 la sede de la Provincia \u00abes el reconocimiento al esfuerzo sectores&nbsp;y actores del turismo\u00bb.<\/p>\n<p>Asimismo, el funcionario hizo hincapi\u00e9 en que \u00abes una gran oportunidad para compartir experiencias, vivencias y proyectos porque en esta coyuntura de crisis y pandemia, lo que sigue es la etapa en base a la experiencia. Por eso, este foro ser\u00e1 bisagra en cuanto a las herramientas que nos dar\u00e1 para legitimar e invertir los recursos que m\u00e1s dinamicen el turismo\u00bb.<\/p>\n<p>En cuanto a la modalidad, Esteban Avil\u00e9s explico que \u00abes internacional, con disertantes destacados de Sudam\u00e9rica y Europa; tambi\u00e9n de C\u00f3rdoba del \u00e1mbito p\u00fablico, privado, universitario y c\u00e1maras del sector tur\u00edstico que le dar\u00e1n un car\u00e1cter transversal. Esto es, todos pueden conectarse en forma gratuita desde una plataforma digital para compartir la experiencia del conocimiento de los referentes, que resulten \u00fatiles al momento de traducir en mejores acciones. Por eso, este foro ser\u00e1 enriquecedor tal cual estar\u00e1 desarrollado\u201d.<\/p>\n<p>Para el titular de Turismo de C\u00f3rdoba, el foro Glocal \u00abser\u00e1 bisagra porque la exposici\u00f3n del fruto del trabajo y la experiencia servir\u00e1n para profundizar las decisiones a tomar. Estamos a\u00fan en un proceso dif\u00edcil con un a\u00f1o similar por delante\u201d.<\/p>\n<p><strong>Objetivos y enlace para inscripci\u00f3n<\/strong><\/p>\n<p>El objetivo es generar un encuentro global para compartir experiencias, pol\u00edticas p\u00fablicas, herramientas de innovaci\u00f3n y proyectar juntos, la reactivaci\u00f3n y renovaci\u00f3n del turismo.&nbsp; El foro GLOCAL se llevar\u00e1 a cabo en el marco del \u201cV Foro Mundial de Desarrollo Econ\u00f3mico Local\u201d que organiza el Programa de Naciones Unidas para el Desarrollo (PNUD) y la Organizaci\u00f3n Internacional del Trabajo (OIT), entre otros. Este a\u00f1o la sede virtual ser\u00e1 la ciudad de C\u00f3rdoba.<\/p>\n<p>El evento est\u00e1 destinado a funcionarios de gobiernos locales, regionales y nacionales, \u00e1reas de turismo, transporte, educaci\u00f3n, innovaci\u00f3n, tecnolog\u00eda, empleo, infraestructura, migraciones y relaciones internacionales, organismos internacionales p\u00fablicos y privados, sector acad\u00e9mico, profesionales y empresarios del sector tur\u00edstico.<\/p>\n<p>Se dar\u00e1n cita los principales referentes del turismo del \u00e1mbito p\u00fablico, empresarial, acad\u00e9mico y de organismos internacionales.<\/p>\n<p>Los ejes tem\u00e1ticos del foro ser\u00e1n el reinicio del turismo, la renovaci\u00f3n y el futuro de la industria; turismo y sostenibilidad; innovaci\u00f3n y desarrollo; y el capital humano y las nuevas habilidades.<\/p>\n<p><strong><span class=\"has-inline-color has-luminous-vivid-amber-color\">Inscripcion grtuita en <a rel=\"noreferrer noopener\" href=\"http:\/\/www.forumglocal.com\" target=\"_blank\">www.forumglocal.com<\/a><\/span><\/strong><\/p>\n","protected":false},"excerpt":{"rendered":"<p>C\u00f3rdoba mostrar\u00e1 su potencial tur\u00edstico en el Foro Glocal, el primer evento internacional de cooperaci\u00f3n para fomentar el desarrollo econ\u00f3mico. Los d\u00edas 2 y 3 de junio pr\u00f3ximos, la Agencia C\u00f3rdoba Turismo participar\u00e1 del I Foro GLOCAL de Turismo y Desarrollo Econ\u00f3mico. El evento es organizado por la cartera provincial de turismo en un trabajo [&hellip;]<\/p>\n","protected":false},"author":1,"featured_media":7397,"comment_status":"closed","ping_status":"closed","sticky":false,"template":"","format":"standard","meta":[],"categories":[22],"tags":[],"_links":{"self":[{"href":"http:\/\/cordobadirecto.com\/index.php\/wp-json\/wp\/v2\/posts\/7396"}],"collection":[{"href":"http:\/\/cordobadirecto.com\/index.php\/wp-json\/wp\/v2\/posts"}],"about":[{"href":"http:\/\/cordobadirecto.com\/index.php\/wp-json\/wp\/v2\/types\/post"}],"author":[{"embeddable":true,"href":"http:\/\/cordobadirecto.com\/index.php\/wp-json\/wp\/v2\/users\/1"}],"replies":[{"embeddable":true,"href":"http:\/\/cordobadirecto.com\/index.php\/wp-json\/wp\/v2\/comments?post=7396"}],"version-history":[{"count":0,"href":"http:\/\/cordobadirecto.com\/index.php\/wp-json\/wp\/v2\/posts\/7396\/revisions"}],"wp:featuredmedia":[{"embeddable":true,"href":"http:\/\/cordobadirecto.com\/index.php\/wp-json\/wp\/v2\/media\/7397"}],"wp:attachment":[{"href":"http:\/\/cordobadirecto.com\/index.php\/wp-json\/wp\/v2\/media?parent=7396"}],"wp:term":[{"taxonomy":"category","embeddable":true,"href":"http:\/\/cordobadirecto.com\/index.php\/wp-json\/wp\/v2\/categories?post=7396"},{"taxonomy":"post_tag","embeddable":true,"href":"http:\/\/cordobadirecto.com\/index.php\/wp-json\/wp\/v2\/tags?post=7396"}],"curies":[{"name":"wp","href":"https:\/\/api.w.org\/{rel}","templated":true}]}}