{"id":7398,"date":"2021-05-31T17:12:20","date_gmt":"2021-05-31T17:12:20","guid":{"rendered":"https:\/\/es.digitaltrends.com\/?p=820076"},"modified":"2021-05-31T17:12:20","modified_gmt":"2021-05-31T17:12:20","slug":"muere-paul-soles-la-voz-original-de-spider-man","status":"publish","type":"post","link":"http:\/\/cordobadirecto.com\/index.php\/2021\/05\/31\/muere-paul-soles-la-voz-original-de-spider-man\/","title":{"rendered":"Muere Paul Soles, la voz original de Spider-Man"},"content":{"rendered":"<p>En la actualidad, Spider-Man es uno de los <a href=\"https:\/\/es.digitaltrends.com\/entretenimiento\/netflix-peliculas-originales-exito\/\">superh\u00e9roes <\/a>m\u00e1s populares que existen. Parte importante de su fama se debe al momento en que abandon\u00f3 la exclusividad del mundo de los c\u00f3mics y salt\u00f3 a otro formato.<\/p>\n<p>En 1967 se estren\u00f3 la exitosa serie animada de Spider-Man y el encargado de doblar la voz de Peter Parker, fue el actor canadiense Paul Soles. Hoy se ha confirmado que Soles falleci\u00f3 a los 90 a\u00f1os.<\/p>\n<p>El actor de doblaje dio vida a Parker durante las tres temporadas que dur\u00f3 el programa, las que fueron transmitidas desde el 9 de septiembre de 1967 hasta el 14 de junio de 1970.<\/p>\n<figure id=\"attachment_820086\" aria-describedby=\"caption-attachment-820086\" class=\"wp-caption aligncenter\"><img src=\"http:\/\/cordobadirecto.com\/wp-content\/uploads\/2021\/06\/muere-paul-soles-la-voz-original-de-spider-man.gif\" data-dt-lazy-src=\"https:\/\/icdn.dtcn.com\/image\/digitaltrends_es\/guvlwdbts4z01-720x720.jpg\" onerror=\"dti_load_error(this)\" class=\"size-large wp-image-820086 dt-lazy-load dt-lazy-pending\" alt=\"Paul Soles\"><figcaption id=\"caption-attachment-820086\" class=\"wp-caption-text\"><span class=\"text\">Paul Soles.<\/span><\/figcaption><\/figure>\n<p>Soles es tambi\u00e9n considerado una de las primeras figuras de la radio y la televisi\u00f3n canadienses en la CBC-TV, y con el tiempo logr\u00f3 desarrollar una destacada carrera en cine, teatro, televisi\u00f3n y radio.<\/p>\n<p>A\u00fan no se conocen m\u00e1s detalles sobre su deceso. La noticia fue confirmada en Facebook por Angela Wright, su agente:<\/p>\n<p>\u201cPaul Soles realmente fue un tesoro canadiense. \u00c9l vivi\u00f3 una vida larga con muchas aventuras a lo largo del camino. Descansa en paz\u201d.<\/p>\n<p>En otros trabajos destacados, Soles puse la voz a Rick Jones y al alter ego de Hulk, Bruce Banner, en <em>The Marvel Super Heroes<\/em>, la primera serie de televisi\u00f3n basada en el elenco de personajes de la editorial.<\/p>\n<p>Ahora, la cl\u00e1sica serie de Spider-Man de 1967 es recordada por su canci\u00f3n, escrita por Paul Francis Webster (ganador de un premio \u00d3scar), que la ha convertido en un contenido frecuentemente viralizado en las redes sociales.<\/p>\n<h4 class=\"h-editors-recs-title\"> Recomendaciones del editor\t<\/h4>\n<p> <span id=\"publisher-md\" itemprop=\"publisher\" itemscope itemtype=\"https:\/\/schema.org\/Organization\"> <span itemprop=\"url\" itemtype=\"https:\/\/schema.org\/Url\" content=\"https:\/\/es.digitaltrends.com\"> <span itemprop=\"logo\" itemscope itemtype=\"https:\/\/schema.org\/ImageObject\"> <meta itemprop=\"url\" content=\"https:\/\/cdn.dtcn.com\/dt\/dt-logo-small.png\"> <meta itemprop=\"width\" content=\"0\"> <meta itemprop=\"height\" content=\"0\"> <\/span> <meta itemprop=\"name\" content=\"Digital Trends Espa\u00f1ol\"> <\/span> <span itemprop=\"image\" itemscope itemtype=\"https:\/\/schema.org\/ImageObject\"> <meta itemprop=\"url\" content=\"https:\/\/icdn.dtcn.com\/image\/digitaltrends_es\/paul-soles-voz-original-de-spider-man.jpg\"> <\/span> <\/span><\/p>\n","protected":false},"excerpt":{"rendered":"<p>En la actualidad, Spider-Man es uno de los superh\u00e9roes m\u00e1s populares que existen. Parte importante de su fama se debe al momento en que abandon\u00f3 la exclusividad del mundo de los c\u00f3mics y salt\u00f3 a otro formato. En 1967 se estren\u00f3 la exitosa serie animada de Spider-Man y el encargado de doblar la voz de [&hellip;]<\/p>\n","protected":false},"author":1,"featured_media":7399,"comment_status":"closed","ping_status":"closed","sticky":false,"template":"","format":"standard","meta":[],"categories":[18],"tags":[],"_links":{"self":[{"href":"http:\/\/cordobadirecto.com\/index.php\/wp-json\/wp\/v2\/posts\/7398"}],"collection":[{"href":"http:\/\/cordobadirecto.com\/index.php\/wp-json\/wp\/v2\/posts"}],"about":[{"href":"http:\/\/cordobadirecto.com\/index.php\/wp-json\/wp\/v2\/types\/post"}],"author":[{"embeddable":true,"href":"http:\/\/cordobadirecto.com\/index.php\/wp-json\/wp\/v2\/users\/1"}],"replies":[{"embeddable":true,"href":"http:\/\/cordobadirecto.com\/index.php\/wp-json\/wp\/v2\/comments?post=7398"}],"version-history":[{"count":0,"href":"http:\/\/cordobadirecto.com\/index.php\/wp-json\/wp\/v2\/posts\/7398\/revisions"}],"wp:featuredmedia":[{"embeddable":true,"href":"http:\/\/cordobadirecto.com\/index.php\/wp-json\/wp\/v2\/media\/7399"}],"wp:attachment":[{"href":"http:\/\/cordobadirecto.com\/index.php\/wp-json\/wp\/v2\/media?parent=7398"}],"wp:term":[{"taxonomy":"category","embeddable":true,"href":"http:\/\/cordobadirecto.com\/index.php\/wp-json\/wp\/v2\/categories?post=7398"},{"taxonomy":"post_tag","embeddable":true,"href":"http:\/\/cordobadirecto.com\/index.php\/wp-json\/wp\/v2\/tags?post=7398"}],"curies":[{"name":"wp","href":"https:\/\/api.w.org\/{rel}","templated":true}]}}