{"id":7460,"date":"2021-06-01T21:25:00","date_gmt":"2021-06-01T21:25:00","guid":{"rendered":"http:\/\/cordobadirecto.com\/index.php\/2021\/06\/01\/canada-le-fallo-a-la-comunidad-indigena-manifesto-el-primer-ministro\/"},"modified":"2021-06-01T21:25:00","modified_gmt":"2021-06-01T21:25:00","slug":"canada-le-fallo-a-la-comunidad-indigena-manifesto-el-primer-ministro","status":"publish","type":"post","link":"http:\/\/cordobadirecto.com\/index.php\/2021\/06\/01\/canada-le-fallo-a-la-comunidad-indigena-manifesto-el-primer-ministro\/","title":{"rendered":"Canad\u00e1 le fall\u00f3 a la comunidad ind\u00edgena, manifest\u00f3 el primer ministro"},"content":{"rendered":"<div class=\"image\" id=\"image\" readability=\"7\"> <img src=\"http:\/\/cordobadirecto.com\/wp-content\/uploads\/2021\/06\/canada-le-fallo-a-la-comunidad-indigena-manifesto-el-primer-ministro.jpg\" alt=\"Trudeau dijo que Canad\u00e1 le fall\u00f3 a la comunidad ind\u00edgena\" title=\"Trudeau dijo que Canad\u00e1 le fall\u00f3 a la comunidad ind\u00edgena\"><\/p>\n<p>Trudeau dijo que Canad\u00e1 le fall\u00f3 a la comunidad ind\u00edgena<\/p>\n<\/div>\n<p>El primer ministro de Canad\u00e1, Justin Trudeau, afirm\u00f3 este martes que su pa\u00eds le fall\u00f3 a la comunidad ind\u00edgena del pa\u00eds, concretamente a los ni\u00f1os cuyos restos fueron encontrados el jueves pasado en una fosa com\u00fan en una antigua escuela residencial en la provincia de Columbia Brit\u00e1nica.<\/p>\n<p><strong>&#8220;Nuestro pa\u00eds les fall\u00f3, les fall\u00f3 a sus comunidades y a sus familias. Esa es la verdad y esa es la verdad que todos debemos afrontar&#8221;, manifest\u00f3 Trudeau <\/strong>en un discurso en la Conferencia Anual de la Federaci\u00f3n de Municipios Canadienses (FCM), citado por la agencia de noticias Sputnik.<\/p>\n<p>Habr\u00e1 &#8220;mucho trabajo&#8221; por delante en las pr\u00f3ximas semanas y meses para hacer frente a la situaci\u00f3n, seg\u00fan Trudeau, que dijo que hab\u00eda convocado una reuni\u00f3n del gabinete el lunes para discutir las medidas concretas que podr\u00eda tomar el Gobierno.<\/p>\n<p>El premier, <strong><a href=\"https:\/\/www.telam.com.ar\/notas\/202105\/556113-trudeau-prometio-acciones-concretas-tras-el-hallazgo-de-fosas-clandestinas.html\" target=\"_blank\" rel=\"noopener\">quien prometi\u00f3 el lunes acciones concretas en apoyo a las comunidades ind\u00edgenas<\/a><\/strong>, hizo de la reconciliaci\u00f3n con los casi 1,7 millones de ind\u00edgenas de Canad\u00e1 una prioridad del gobierno que inici\u00f3 en 2015.<\/p>\n<p>Mientras tanto, pol\u00edticos y l\u00edderes ind\u00edgenas de todo el pa\u00eds a pedir que se tomen medidas al respecto.<\/p>\n<div class=\"js-code\" readability=\"7.1716621253406\">\n<blockquote class=\"twitter-tweet\" readability=\"8.0681198910082\">\n<p lang=\"fr\" dir=\"ltr\">Partout au Canada, on rend hommage aux 215 enfants qui ont \u00e9t\u00e9 enlev\u00e9s de leur foyer et qui ne sont jamais rentr\u00e9s chez eux. On ne les oubliera jamais. Nos pens\u00e9es vont \u00e0 la Premi\u00e8re Nation Tk&#8217;eml\u00faps te Secw\u00e9pemc et \u00e0 toutes les communaut\u00e9s autochtones en cette p\u00e9riode difficile. <a href=\"https:\/\/t.co\/bqqZO3erAk\">pic.twitter.com\/bqqZO3erAk<\/a><\/p>\n<p>\u2014 Justin Trudeau (@JustinTrudeau) <a href=\"https:\/\/twitter.com\/JustinTrudeau\/status\/1399817627212652549?ref_src=twsrc%5Etfw\">June 1, 2021<\/a><\/p><\/blockquote><\/div>\n<p>Uno de ellos fue el jefe nacional de la Asamblea de las Primeras Naciones de Canad\u00e1, Perry Bellegarde, quien inst\u00f3 el lunes a las autoridades a poner en marcha una investigaci\u00f3n sobre todos los antiguos internados, se\u00f1alando que los supervivientes ind\u00edgenas llevaban mucho tiempo intentando llamar la atenci\u00f3n sobre el tema, pero nadie les cre\u00eda.<\/p>\n<p><strong>La noticia se dio a conocer el jueves pasado, cuando la comunidad Tk\u2019emlups te Secwepemc inform\u00f3 que hab\u00eda encontrado restos de 215 alumnos de una escuela cerca de Kamploops, en la provincia occidental de Columbia Brit\u00e1nica<\/strong>; algunos de ellos ten\u00edan apenas tres a\u00f1os.<\/p>\n<p>La Kamloops Indian Residential School fue la m\u00e1s grande de los 139 internados establecidos a fines del siglo XIX para integrar a los pueblos ind\u00edgenas de Canad\u00e1, con hasta 500 estudiantes registrados y asistiendo al mismo tiempo y estuvo abierta desde 1890 a 1969.<\/p>\n<div class=\"js-code\" readability=\"6.4250814332248\">\n<blockquote class=\"twitter-tweet\" readability=\"6.8534201954397\">\n<p lang=\"es\" dir=\"ltr\"><a href=\"https:\/\/twitter.com\/hashtag\/Mundo?src=hash&amp;ref_src=twsrc%5Etfw\">#Mundo<\/a> <br \/>El primer ministro de Canad\u00e1, Justin Trudeau prometi\u00f3 ampliar las investigaciones en los antiguos internados del pa\u00eds despu\u00e9s de que se descubrieran los restos de 215 ni\u00f1os ind\u00edgenas en fosas comunes en uno de los recintos. <a href=\"https:\/\/t.co\/T8sq7PhxoG\">pic.twitter.com\/T8sq7PhxoG<\/a><\/p>\n<p>\u2014 TCS Noticias (@tcsnoticias) <a href=\"https:\/\/twitter.com\/tcsnoticias\/status\/1399599087113031685?ref_src=twsrc%5Etfw\">June 1, 2021<\/a><\/p><\/blockquote><\/div>\n<p><strong>Se calcula que de 1883 a 1998 unos 150.000 ni\u00f1os ind\u00edgenas y mestizos fueron internados a la fuerza en esas escuelas, donde fueron apartados de sus familias, sus lenguas y su cultura, y eran abusados f\u00edsica y sexualmente por autoridades y docentes<\/strong>.<\/p>\n<p>Un informe de la Comisi\u00f3n de la Verdad y la Reconciliaci\u00f3n de Canad\u00e1, publicado en 2015, descubri\u00f3 que alrededor de 3.200 murieron en las escuelas, y que el mayor n\u00famero de muertes tuvo lugar antes de 1940.<\/p>\n<p>Las escuelas tambi\u00e9n tuvieron altas tasas de tuberculosis y otras incidencias sanitarias a finales del siglo XIX y principios del XX, y las tasas de mortalidad se mantuvieron altas hasta la d\u00e9cada de 1950. <\/p>\n","protected":false},"excerpt":{"rendered":"<p>Trudeau dijo que Canad\u00e1 le fall\u00f3 a la comunidad ind\u00edgena El primer ministro de Canad\u00e1, Justin Trudeau, afirm\u00f3 este martes que su pa\u00eds le fall\u00f3 a la comunidad ind\u00edgena del pa\u00eds, concretamente a los ni\u00f1os cuyos restos fueron encontrados el jueves pasado en una fosa com\u00fan en una antigua escuela residencial en la provincia de [&hellip;]<\/p>\n","protected":false},"author":1,"featured_media":7461,"comment_status":"closed","ping_status":"closed","sticky":false,"template":"","format":"standard","meta":[],"categories":[24],"tags":[],"_links":{"self":[{"href":"http:\/\/cordobadirecto.com\/index.php\/wp-json\/wp\/v2\/posts\/7460"}],"collection":[{"href":"http:\/\/cordobadirecto.com\/index.php\/wp-json\/wp\/v2\/posts"}],"about":[{"href":"http:\/\/cordobadirecto.com\/index.php\/wp-json\/wp\/v2\/types\/post"}],"author":[{"embeddable":true,"href":"http:\/\/cordobadirecto.com\/index.php\/wp-json\/wp\/v2\/users\/1"}],"replies":[{"embeddable":true,"href":"http:\/\/cordobadirecto.com\/index.php\/wp-json\/wp\/v2\/comments?post=7460"}],"version-history":[{"count":0,"href":"http:\/\/cordobadirecto.com\/index.php\/wp-json\/wp\/v2\/posts\/7460\/revisions"}],"wp:featuredmedia":[{"embeddable":true,"href":"http:\/\/cordobadirecto.com\/index.php\/wp-json\/wp\/v2\/media\/7461"}],"wp:attachment":[{"href":"http:\/\/cordobadirecto.com\/index.php\/wp-json\/wp\/v2\/media?parent=7460"}],"wp:term":[{"taxonomy":"category","embeddable":true,"href":"http:\/\/cordobadirecto.com\/index.php\/wp-json\/wp\/v2\/categories?post=7460"},{"taxonomy":"post_tag","embeddable":true,"href":"http:\/\/cordobadirecto.com\/index.php\/wp-json\/wp\/v2\/tags?post=7460"}],"curies":[{"name":"wp","href":"https:\/\/api.w.org\/{rel}","templated":true}]}}