{"id":7471,"date":"2021-06-01T21:55:15","date_gmt":"2021-06-01T21:55:15","guid":{"rendered":"https:\/\/www.cordoba.gob.ar\/?p=9881"},"modified":"2021-06-01T21:55:15","modified_gmt":"2021-06-01T21:55:15","slug":"culmino-el-v-foro-mundial-de-desarrollo-economico-local","status":"publish","type":"post","link":"http:\/\/cordobadirecto.com\/index.php\/2021\/06\/01\/culmino-el-v-foro-mundial-de-desarrollo-economico-local\/","title":{"rendered":"Culmin\u00f3 el V Foro Mundial de Desarrollo Econ\u00f3mico Local"},"content":{"rendered":"<ul>\n<li><strong>Tuvo sede en C\u00f3rdoba y super\u00f3 las 210.000 reproducciones en vivo.<\/strong><\/li>\n<li><strong>Fueron cinco jornadas con clases magistrales, plenarios y paneles.<\/strong><\/li>\n<\/ul>\n<hr>\n<p>Luego de cinco jornadas compuestas de clases magistrales, plenarios y paneles y 210.000 reproducciones en vivo, finaliz\u00f3 una nueva edici\u00f3n del V Foro Mundial de Desarrollo Econ\u00f3mico Local con sede en la ciudad de C\u00f3rdoba, Argentina.<\/p>\n<p>El \u00faltimo d\u00eda del V Foro Mundial de Desarrollo Econ\u00f3mico Local no desenton\u00f3 con las jornadas anteriores y dej\u00f3 un cierre al nivel que desarrollaron d\u00edas previos.<\/p>\n<p>Con m\u00e1s de 12 instituciones organizadoras, 200 disertantes de 60 pa\u00edses de todo el mundo distribuidos en los 5 d\u00edas que se desarroll\u00f3 el Foro, se alcanzaron las 58 horas de transmisi\u00f3n, en tres idiomas (espa\u00f1ol, ingl\u00e9s y franc\u00e9s) y m\u00e1s de 210.000 reproducciones en vivo. Cabe destacar tambi\u00e9n el trabajo de casi 50 personas en el equipo de producci\u00f3n.<\/p>\n<p>El \u00faltimo d\u00eda cont\u00f3 con los siguientes talleres y plenarios:<br \/>\u2022 Las m\u00faltiples dimensiones de la pobreza y la desigualdad en un escenario de crisis complejo;<\/p>\n<p>\u2022 Reforzar las capacidades locales y movilizar recursos para adaptar la oferta de formaci\u00f3n profesional a las actividades emergentes y nuevas oportunidades de empleo;<\/p>\n<p>\u2022 Justicia econ\u00f3mica, desarrollo local, convivencia y paz;<\/p>\n<p>\u2022 Sistemas territoriales propicios para la econom\u00eda social;<\/p>\n<p>\u2022 Sistemas locales de formaci\u00f3n para un aprendizaje permanente;<\/p>\n<p>\u2022 Di\u00e1logo sobre las alianzas como una herramienta clave para abordar la localizaci\u00f3n de los Objetivos de Desarrollo Sostenible y avanzar con la Agenda 2030;<\/p>\n<p>\u2022 El aporte del campo a la econom\u00eda de C\u00f3rdoba;<\/p>\n<p>\u2022 Innovaci\u00f3n social, comunidades locales y desarrollo inclusivo y sostenible: las empresas de base comunitaria; el futuro del Trabajo, y econom\u00eda verde.<\/p>\n<p>El acto de cierre del Foro inici\u00f3 con palabras de Hern\u00e1n Soneyro, secretario de la Agencia para el Desarrollo Econ\u00f3mico de C\u00f3rdoba (ADEC) quien sostuvo: <em>\u201cHemos transitado, como anfitriones de este evento, un camino de m\u00e1s de 3 a\u00f1os, con un trabajo conjunto de los equipos de ADEC, atravesando fechas que no pudieron ser, una pandemia y finalmente, el desaf\u00edo de la virtualidad; concretando con \u00e9xito no s\u00f3lo por el trabajo coordinado de las entidades, sino por el voto de confianza del Comit\u00e9 Internacional para que se suceda en Argentina\u201d.<\/em><\/p>\n<p>Soneyro fue el encargado de leer la declaraci\u00f3n final, el compromiso que asumen todas las entidades organizadoras en el \u00e1mbito pol\u00edtico-institucional, la innovaci\u00f3n, la igualdad y la cohesi\u00f3n, y en el del empleo. Adem\u00e1s, anim\u00f3 a todas las entidades participantes a sumarse a estas iniciativas.<\/p>\n<p>De esta manera, las entidades organizadoras del 5\u00ba Foro Mundial, tras el proceso de reflexi\u00f3n e intercambio en busca de v\u00edas para una recuperaci\u00f3n sostenible e inclusiva, se comprometieron a continuar trabajando para reforzar el desarrollo econ\u00f3mico local, particularmente:<\/p>\n<p>\u2022 Compartir mecanismos de respuesta y resiliencia para abordar situaciones de riesgo, crisis o emergencia que minimicen los impactos sobre las personas, los empleos de calidad, las econom\u00edas y las instituciones y que contribuyan a una recuperaci\u00f3n sostenible.<\/p>\n<p>\u2022 Priorizar y promover la innovaci\u00f3n, las soluciones tecnol\u00f3gicas y la reorientaci\u00f3n de los modelos de producci\u00f3n y consumo hacia la sostenibilidad, la equidad y la cohesi\u00f3n, fortaleciendo la capacidad de generaci\u00f3n de riqueza y de empleo al tiempo que dando respuesta a situaciones no resueltas de desigualdad social entre territorios y otras derivadas de situaciones de exclusi\u00f3n, precariedad en el empleo, migraciones forzosas, discriminaci\u00f3n por razones de sexo, otros factores que dificultan la formaci\u00f3n de una ciudadan\u00eda libre.<\/p>\n<p>\u2022 Incrementar el di\u00e1logo social entre organizaciones empresariales, organizaciones sindicales y gobiernos locales y corresponsabilizar a todos los actores del desarrollo, promoviendo alianzas, mejorando la cooperaci\u00f3n entre territorios, orientando las pol\u00edticas hacia modelos econ\u00f3micos verdes, eficientes y sostenibles, para hacer frente a nuevos retos en un mundo que es global y local a la vez.<\/p>\n<p>\u2022 Mantener el proceso de reflexi\u00f3n y debate, impulsando el trabajo en red y la incidencia pol\u00edtica en espacios multinivel y foros internacionales, profundizando en los ejes presentes en el 5\u00ba Foro Mundial como la innovaci\u00f3n territorial, los nuevos modelos de producci\u00f3n sostenible y el trabajo decente, estable y de calidad.<\/p>\n<p>Para leerla completa, click<a href=\"https:\/\/5editioncordoba.ledworldforum.org\/declaracion-final-del-v-wfled-cordoba-argentina-2021\/\"> aqu\u00ed.<\/a><\/p>\n<p>Tambi\u00e9n participaron de la ceremonia de cierre, desde C\u00f3rdoba, Nicol\u00e1s Piloni, Concejal y Consejero titular de ADEC en representaci\u00f3n de la Municipalidad de C\u00f3rdoba y Daniel Passerini, Viceintendente de C\u00f3rdoba, quien expres\u00f3:<\/p>\n<p><em>\u201cQueremos expresar nuestro deseo de que este quinto Foro sea el momento de la bisagra en el cual empezamos a salir de una situaci\u00f3n muy triste para comenzar a vivir una experiencia donde comencemos a transitar esta \u00e9poca con una apertura, con mucha m\u00e1s inclusi\u00f3n, equidad y esperanza\u201d.<\/em><\/p>\n<p>A su turno, Piloni agreg\u00f3: <em>\u201cA partir de hoy, la riqueza de las exposiciones que se han expresado por parte de expertos, acad\u00e9micos y autoridades gubernamentales de los niveles nacionales, provinciales y locales, nos motivan a comenzar un trabajo intenso con miras a la generaci\u00f3n de pol\u00edticas concretas en beneficio del desarrollo econ\u00f3mico en cada una de nuestras comunidades\u201d.<\/em><\/p>\n<p>Adem\u00e1s, estuvieron presentes Mar\u00eda Eugenia Lim\u00f3n, Vicepresidenta de FAMSI y Presidenta de la Diputaci\u00f3n de Huelva; Jhonny Arraya, alcalde de San Jos\u00e9 y copresidente de CGLU; Karl-Heinz Lambertz, Presidente de la Asociaci\u00f3n de regiones fronterizas europeas, y presidente del Parlamento Regional de la comunidad german\u00f3fona de B\u00e9lgica, en representaci\u00f3n de ORU FOGAR; Rie Vejs-Kjeldgaard, directora del Departamento de Alianzas y apoyo a los programas exteriores de la Organizaci\u00f3n Internacional del Trabajo; Johannes Krassnitzer, Coordinador Internacional de la Iniciativa de Articulaci\u00f3n de redes territoriales para el desarrollo humano sostenible del PNUD.<\/p>\n<p>Todas las charlas del V Foro Mundial de Desarrollo Econ\u00f3mico Local se encuentran disponibles en el <a href=\"https:\/\/www.youtube.com\/channel\/UC5g6hN4jflBAtmSG3JvAVgA\">Canal de YouTube del Foro<\/a>.<\/p>\n<div id=\"gallery-1\" class=\"gallery galleryid-9881 gallery-columns-2 gallery-size-medium\">\n<figure class=\"gallery-item\">\n<div class=\"gallery-icon landscape\"> <a href=\"https:\/\/cordoba.gob.ar\/culmino-el-v-foro-mundial-de-desarrollo-economico-local-2\/foro01\/\"><img loading=\"lazy\" width=\"300\" height=\"200\" src=\"http:\/\/cordobadirecto.com\/wp-content\/uploads\/2021\/06\/culmino-el-v-foro-mundial-de-desarrollo-economico-local.jpg\" class=\"attachment-medium size-medium\" alt><\/a> <\/div>\n<\/figure>\n<figure class=\"gallery-item\">\n<div class=\"gallery-icon landscape\"> <a href=\"https:\/\/cordoba.gob.ar\/culmino-el-v-foro-mundial-de-desarrollo-economico-local-2\/foro02\/\"><img loading=\"lazy\" width=\"300\" height=\"200\" src=\"http:\/\/cordobadirecto.com\/wp-content\/uploads\/2021\/06\/culmino-el-v-foro-mundial-de-desarrollo-economico-local-1.jpg\" class=\"attachment-medium size-medium\" alt><\/a> <\/div>\n<\/figure><\/div>\n","protected":false},"excerpt":{"rendered":"<p>Tuvo sede en C\u00f3rdoba y super\u00f3 las 210.000 reproducciones en vivo. Fueron cinco jornadas con clases magistrales, plenarios y paneles. Luego de cinco jornadas compuestas de clases magistrales, plenarios y paneles y 210.000 reproducciones en vivo, finaliz\u00f3 una nueva edici\u00f3n del V Foro Mundial de Desarrollo Econ\u00f3mico Local con sede en la ciudad de C\u00f3rdoba, [&hellip;]<\/p>\n","protected":false},"author":1,"featured_media":7472,"comment_status":"closed","ping_status":"closed","sticky":false,"template":"","format":"standard","meta":[],"categories":[44],"tags":[],"_links":{"self":[{"href":"http:\/\/cordobadirecto.com\/index.php\/wp-json\/wp\/v2\/posts\/7471"}],"collection":[{"href":"http:\/\/cordobadirecto.com\/index.php\/wp-json\/wp\/v2\/posts"}],"about":[{"href":"http:\/\/cordobadirecto.com\/index.php\/wp-json\/wp\/v2\/types\/post"}],"author":[{"embeddable":true,"href":"http:\/\/cordobadirecto.com\/index.php\/wp-json\/wp\/v2\/users\/1"}],"replies":[{"embeddable":true,"href":"http:\/\/cordobadirecto.com\/index.php\/wp-json\/wp\/v2\/comments?post=7471"}],"version-history":[{"count":0,"href":"http:\/\/cordobadirecto.com\/index.php\/wp-json\/wp\/v2\/posts\/7471\/revisions"}],"wp:featuredmedia":[{"embeddable":true,"href":"http:\/\/cordobadirecto.com\/index.php\/wp-json\/wp\/v2\/media\/7472"}],"wp:attachment":[{"href":"http:\/\/cordobadirecto.com\/index.php\/wp-json\/wp\/v2\/media?parent=7471"}],"wp:term":[{"taxonomy":"category","embeddable":true,"href":"http:\/\/cordobadirecto.com\/index.php\/wp-json\/wp\/v2\/categories?post=7471"},{"taxonomy":"post_tag","embeddable":true,"href":"http:\/\/cordobadirecto.com\/index.php\/wp-json\/wp\/v2\/tags?post=7471"}],"curies":[{"name":"wp","href":"https:\/\/api.w.org\/{rel}","templated":true}]}}