{"id":7475,"date":"2021-06-02T05:18:38","date_gmt":"2021-06-02T05:18:38","guid":{"rendered":"http:\/\/www.bbc.com\/mundo\/vert-fut-57291419"},"modified":"2021-06-02T05:18:38","modified_gmt":"2021-06-02T05:18:38","slug":"esta-el-mundo-entrando-en-una-nueva-fase-del-capitalismo","status":"publish","type":"post","link":"http:\/\/cordobadirecto.com\/index.php\/2021\/06\/02\/esta-el-mundo-entrando-en-una-nueva-fase-del-capitalismo\/","title":{"rendered":"\u00bfEst\u00e1 el mundo entrando en una nueva fase del capitalismo?"},"content":{"rendered":"<div dir=\"ltr\" class=\"e1j2237y6 bbc-q4ibpr e57qer20\">\n<div class=\"bbc-1atl7vu e1c9i7u14\">\n<ul role=\"list\" class=\"bbc-cdrraw e1c9i7u12\">\n<li role=\"listitem\" class=\"bbc-1a3w4ok e1c9i7u11\">Matthew Wilburn King*<\/li>\n<li role=\"listitem\" class=\"bbc-1p92jtu e1c9i7u10\">BBC Future<\/li>\n<\/ul>\n<\/div>\n<\/div>\n<p><time datetime=\"2021-06-02\" class=\"bbc-14xtggo e4zesg50\">8 horas<\/time><\/p>\n<div dir=\"ltr\" class=\"bbc-1ka88fa e57qer20\">\n<figure class=\"bbc-1qdcvv9 e6bmn90\">\n<div dir=\"ltr\" class=\"bbc-172p16q e57qer20\">\n<div dir=\"ltr\" class=\"bbc-189y18v e57qer20\" readability=\"6.5\">\n<div data-e2e=\"image-placeholder\" class=\"bbc-1k5hvrj e1whu0\" readability=\"8\"><img srcset=\"http:\/\/cordobadirecto.com\/wp-content\/uploads\/2021\/06\/esta-el-mundo-entrando-en-una-nueva-fase-del-capitalismo-10.jpg 240w, http:\/\/cordobadirecto.com\/wp-content\/uploads\/2021\/06\/esta-el-mundo-entrando-en-una-nueva-fase-del-capitalismo-11.jpg 320w, http:\/\/cordobadirecto.com\/wp-content\/uploads\/2021\/06\/esta-el-mundo-entrando-en-una-nueva-fase-del-capitalismo-12.jpg 480w, http:\/\/cordobadirecto.com\/wp-content\/uploads\/2021\/06\/esta-el-mundo-entrando-en-una-nueva-fase-del-capitalismo-13.jpg 624w, http:\/\/cordobadirecto.com\/wp-content\/uploads\/2021\/06\/esta-el-mundo-entrando-en-una-nueva-fase-del-capitalismo-14.jpg 800w\" alt=\"&quot;Abolir el capitalismo&quot;, dice un cartel en una protesta el 1 de mayo de 2021 en Berl\u00edn.\" src=\"http:\/\/cordobadirecto.com\/wp-content\/uploads\/2021\/06\/esta-el-mundo-entrando-en-una-nueva-fase-del-capitalismo.jpg\" width=\"976\" class=\"bbc-fat2bc e1enwo3v0\"><\/p>\n<p role=\"text\" class=\"bbc-1s1cxbv etq3yw90\"><span class=\"bbc-1gnhmg2 e1yt7oin0\">Fuente de la imagen, <\/span><span lang=\"en-GB\">Getty Images<\/span><\/p>\n<\/div>\n<\/div>\n<\/div>\n<\/figure>\n<\/div>\n<div dir=\"ltr\" class=\"bbc-19j92fr e57qer20\" readability=\"10\">\n<p dir=\"ltr\" class=\"bbc-bm53ic e1cc2ql70\"><b>Hace casi 250 a\u00f1os, el economista y fil\u00f3sofo Adam Smith escribi\u00f3 &#8220;La riqueza de las naciones&#8221;, donde describi\u00f3 el nacimiento de una nueva forma de actividad humana: el capitalismo industrial. <\/b><\/p>\n<\/div>\n<div dir=\"ltr\" class=\"bbc-19j92fr e57qer20\" readability=\"8\">\n<p dir=\"ltr\" class=\"bbc-bm53ic e1cc2ql70\">Este conducir\u00eda a la acumulaci\u00f3n de riqueza m\u00e1s all\u00e1 de lo que \u00e9l y sus contempor\u00e1neos podr\u00edan haber imaginado.<\/p>\n<\/div>\n<div dir=\"ltr\" class=\"bbc-19j92fr e57qer20\" readability=\"10\">\n<p dir=\"ltr\" class=\"bbc-bm53ic e1cc2ql70\">El capitalismo impuls\u00f3 las revoluciones industrial, tecnol\u00f3gica y verde, remodel\u00f3 el mundo natural y <b>transform\u00f3 el papel del Estado<\/b> en relaci\u00f3n con la sociedad. <\/p>\n<\/div>\n<div dir=\"ltr\" class=\"bbc-19j92fr e57qer20\" readability=\"11\">\n<p dir=\"ltr\" class=\"bbc-bm53ic e1cc2ql70\">Sac\u00f3 a innumerables personas de la pobreza durante los \u00faltimos dos siglos, aument\u00f3 significativamente el nivel de vida y llev\u00f3 al desarrollo de innovaciones que mejoraron radicalmente el bienestar humano, adem\u00e1s de hacer posible ir a la Luna y leer este art\u00edculo en internet.<\/p>\n<\/div>\n<div dir=\"ltr\" class=\"bbc-19j92fr e57qer20\" readability=\"8\">\n<p dir=\"ltr\" class=\"bbc-bm53ic e1cc2ql70\">Sin embargo, su historia no es completamente positiva. <\/p>\n<\/div>\n<div dir=\"ltr\" class=\"bbc-19j92fr e57qer20\" readability=\"8\">\n<p dir=\"ltr\" class=\"bbc-bm53ic e1cc2ql70\">En los \u00faltimos a\u00f1os, <b>las deficiencias del capitalismo se han vuelto cada vez m\u00e1s evidentes. <\/b><\/p>\n<\/div>\n<div dir=\"ltr\" class=\"bbc-19j92fr e57qer20\" readability=\"10\">\n<p dir=\"ltr\" class=\"bbc-bm53ic e1cc2ql70\">Dar prioridad a las ganancias a corto plazo para las personas signific\u00f3 en ocasiones que el bienestar a largo plazo de la sociedad y del medio ambiente se haya perdido, especialmente en momentos cuando el mundo se enfrenta a la pandemia de la covid-19 y al cambio clim\u00e1tico.<\/p>\n<\/div>\n<div dir=\"ltr\" class=\"bbc-19j92fr e57qer20\" readability=\"9\">\n<p dir=\"ltr\" class=\"bbc-bm53ic e1cc2ql70\">Y como lo demostraron el malestar pol\u00edtico y la polarizaci\u00f3n en todo el mundo, hay crecientes signos de descontento con el <i class=\"bbc-h1y5j7 ewc4zcb0\">statu quo. <\/i><\/p>\n<\/div>\n<div dir=\"ltr\" class=\"bbc-1ka88fa e57qer20\">\n<figure class=\"bbc-1qdcvv9 e6bmn90\">\n<div dir=\"ltr\" class=\"bbc-172p16q e57qer20\">\n<div dir=\"ltr\" class=\"bbc-189y18v e57qer20\" readability=\"6.5\">\n<div data-e2e=\"image-placeholder\" class=\"bbc-1k5hvrj e1whu0\" readability=\"8\"><noscript><img srcset=\"http:\/\/cordobadirecto.com\/wp-content\/uploads\/2021\/06\/esta-el-mundo-entrando-en-una-nueva-fase-del-capitalismo-15.jpg 240w, http:\/\/cordobadirecto.com\/wp-content\/uploads\/2021\/06\/esta-el-mundo-entrando-en-una-nueva-fase-del-capitalismo-16.jpg 320w, http:\/\/cordobadirecto.com\/wp-content\/uploads\/2021\/06\/esta-el-mundo-entrando-en-una-nueva-fase-del-capitalismo-17.jpg 480w, http:\/\/cordobadirecto.com\/wp-content\/uploads\/2021\/06\/esta-el-mundo-entrando-en-una-nueva-fase-del-capitalismo-18.jpg 624w, http:\/\/cordobadirecto.com\/wp-content\/uploads\/2021\/06\/esta-el-mundo-entrando-en-una-nueva-fase-del-capitalismo-19.jpg 800w\" alt=\"Un hombre camina frente a un tablero de cotizaciones.\" src=\"http:\/\/cordobadirecto.com\/wp-content\/uploads\/2021\/06\/esta-el-mundo-entrando-en-una-nueva-fase-del-capitalismo-1.jpg\" width=\"976\" class=\"bbc-fat2bc e1enwo3v0\"><\/noscript><\/p>\n<p role=\"text\" class=\"bbc-1s1cxbv etq3yw90\"><span class=\"bbc-1gnhmg2 e1yt7oin0\">Fuente de la imagen, <\/span><span lang=\"en-GB\">Getty Images<\/span><\/p>\n<\/div>\n<\/div>\n<\/div>\n<\/figure>\n<\/div>\n<div dir=\"ltr\" class=\"bbc-19j92fr e57qer20\" readability=\"10\">\n<p dir=\"ltr\" class=\"bbc-bm53ic e1cc2ql70\">En una encuesta de 2020 realizada por la firma de marketing y relaciones p\u00fablicas Edelman, el 57% de las personas en todo el mundo dijo que &#8220;el <b>capitalismo tal como existe hoy hace m\u00e1s da\u00f1o que bien<\/b> en el mundo&#8221;.<\/p>\n<\/div>\n<div dir=\"ltr\" class=\"bbc-19j92fr e57qer20\" readability=\"13\">\n<p dir=\"ltr\" class=\"bbc-bm53ic e1cc2ql70\">De hecho, si se juzga por medidas como la desigualdad y el da\u00f1o ambiental, &#8220;el desempe\u00f1o del capitalismo occidental en las \u00faltimas d\u00e9cadas ha sido profundamente problem\u00e1tico&#8221;, escribieron recientemente los economistas Michael Jacobs y Mariana Mazzucato en el libro &#8220;Rethinking Capitalism&#8221; (&#8220;Repensar el capitalismo&#8221;).<\/p>\n<\/div>\n<div dir=\"ltr\" class=\"bbc-19j92fr e57qer20\" readability=\"11\">\n<p dir=\"ltr\" class=\"bbc-bm53ic e1cc2ql70\">Sin embargo, eso no significa que no haya soluciones. &#8220;El capitalismo occidental no est\u00e1 irremediablemente destinado al fracaso, pero es necesario repensarlo&#8221;, argumentan Jacobs y Mazzucato.<\/p>\n<\/div>\n<div dir=\"ltr\" class=\"bbc-19j92fr e57qer20\" readability=\"9\">\n<p dir=\"ltr\" class=\"bbc-bm53ic e1cc2ql70\">Entonces, \u00bfseguir\u00e1 el capitalismo tal como lo conocemos en su forma actua<b>l o podr\u00eda tener otro futuro por delante?<\/b><\/p>\n<\/div>\n<p><h2 id=\"Enfoque-en-el-individuo\" tabindex=\"-1\" class=\"bbc-l3e97o e14hemmw0\">Enfoque en el individuo<\/h2>\n<\/p>\n<div dir=\"ltr\" class=\"bbc-19j92fr e57qer20\" readability=\"9\">\n<p dir=\"ltr\" class=\"bbc-bm53ic e1cc2ql70\">El capitalismo gener\u00f3 miles de libros y millones de palabras, por lo que ser\u00eda imposible explorar todas sus facetas. <\/p>\n<\/div>\n<div dir=\"ltr\" class=\"bbc-19j92fr e57qer20\" readability=\"11\">\n<p dir=\"ltr\" class=\"bbc-bm53ic e1cc2ql70\">Dicho esto, podemos comenzar a comprender hacia d\u00f3nde se dirigir\u00e1 el capitalismo en el futuro explorando d\u00f3nde comenz\u00f3. Esto nos dice que el capitalismo <b>no siempre funcion\u00f3 como lo hace hoy<\/b>, especialmente en Occidente.<\/p>\n<\/div>\n<div dir=\"ltr\" class=\"bbc-19j92fr e57qer20\" readability=\"9\">\n<p dir=\"ltr\" class=\"bbc-bm53ic e1cc2ql70\">Entre los siglos IX y XV, las monarqu\u00edas autocr\u00e1ticas y las jerarqu\u00edas eclesi\u00e1sticas dominaron la sociedad occidental. <\/p>\n<\/div>\n<div dir=\"ltr\" class=\"bbc-19j92fr e57qer20\" readability=\"8\">\n<p dir=\"ltr\" class=\"bbc-bm53ic e1cc2ql70\">Estos sistemas comenzaron a desmoronarse a medida que la gente afirmaba cada vez m\u00e1s su derecho a la libertad individual. <\/p>\n<\/div>\n<div dir=\"ltr\" class=\"bbc-19j92fr e57qer20\" readability=\"11\">\n<p dir=\"ltr\" class=\"bbc-bm53ic e1cc2ql70\">Este impulso por un mayor enfoque en el individuo favoreci\u00f3 al <b>capitalismo como sistema econ\u00f3mico debido a la flexibilidad que permit\u00eda<\/b> para los derechos de propiedad privada, la elecci\u00f3n personal, el esp\u00edritu empresarial y la innovaci\u00f3n. <\/p>\n<\/div>\n<div dir=\"ltr\" class=\"bbc-19j92fr e57qer20\" readability=\"8\">\n<p dir=\"ltr\" class=\"bbc-bm53ic e1cc2ql70\">Tambi\u00e9n favoreci\u00f3 la democracia como sistema de gobierno por su enfoque en la libertad pol\u00edtica individual.<\/p>\n<\/div>\n<div dir=\"ltr\" class=\"bbc-1ka88fa e57qer20\">\n<figure class=\"bbc-1qdcvv9 e6bmn90\">\n<div dir=\"ltr\" class=\"bbc-172p16q e57qer20\">\n<div dir=\"ltr\" class=\"bbc-189y18v e57qer20\" readability=\"6.5\">\n<div data-e2e=\"image-placeholder\" class=\"bbc-1k5hvrj e1whu0\" readability=\"8\"><noscript><img srcset=\"http:\/\/cordobadirecto.com\/wp-content\/uploads\/2021\/06\/esta-el-mundo-entrando-en-una-nueva-fase-del-capitalismo-20.jpg 240w, http:\/\/cordobadirecto.com\/wp-content\/uploads\/2021\/06\/esta-el-mundo-entrando-en-una-nueva-fase-del-capitalismo-21.jpg 320w, http:\/\/cordobadirecto.com\/wp-content\/uploads\/2021\/06\/esta-el-mundo-entrando-en-una-nueva-fase-del-capitalismo-22.jpg 480w, http:\/\/cordobadirecto.com\/wp-content\/uploads\/2021\/06\/esta-el-mundo-entrando-en-una-nueva-fase-del-capitalismo-23.jpg 624w, http:\/\/cordobadirecto.com\/wp-content\/uploads\/2021\/06\/esta-el-mundo-entrando-en-una-nueva-fase-del-capitalismo-24.jpg 800w\" alt=\"Ilustraci\u00f3n de la &quot;Gran Exposici\u00f3n de las obras de la industria de todas las naciones&quot; de 1851.\" src=\"http:\/\/cordobadirecto.com\/wp-content\/uploads\/2021\/06\/esta-el-mundo-entrando-en-una-nueva-fase-del-capitalismo-2.jpg\" width=\"976\" class=\"bbc-fat2bc e1enwo3v0\"><\/noscript><\/p>\n<p role=\"text\" class=\"bbc-1s1cxbv etq3yw90\"><span class=\"bbc-1gnhmg2 e1yt7oin0\">Fuente de la imagen, <\/span><span lang=\"en-GB\">Getty Images<\/span><\/p>\n<\/div>\n<\/div>\n<div dir=\"ltr\" class=\"bbc-3edg7g e57qer20\" readability=\"6.5\"><figcaption dir=\"ltr\" class=\"bbc-1t9zlwf eede9f50\" readability=\"3\"><span class=\"bbc-1gnhmg2 e1yt7oin0\">Pie de foto, <\/span><\/p>\n<p>En 1851, Londres fue sede la &#8220;Gran Exposici\u00f3n de las obras de la industria de todas las naciones&#8221;.<\/p>\n<\/figcaption><\/div>\n<\/div>\n<\/figure>\n<\/div>\n<div dir=\"ltr\" class=\"bbc-19j92fr e57qer20\" readability=\"7\">\n<p dir=\"ltr\" class=\"bbc-bm53ic e1cc2ql70\">El cambio hacia una mayor libertad individual cambi\u00f3 el contrato social. <\/p>\n<\/div>\n<div dir=\"ltr\" class=\"bbc-19j92fr e57qer20\" readability=\"13\">\n<p dir=\"ltr\" class=\"bbc-bm53ic e1cc2ql70\">Anteriormente, quienes estaban en el poder proporcionaban muchos recursos (tierra, alimentos y protecci\u00f3n) a cambio de importantes contribuciones de los ciudadanos (por ejemplo, desde trabajo esclavo hasta trabajo duro con poca paga, altos impuestos y lealtad incondicional). <\/p>\n<\/div>\n<div dir=\"ltr\" class=\"bbc-19j92fr e57qer20\" readability=\"12\">\n<p dir=\"ltr\" class=\"bbc-bm53ic e1cc2ql70\">Con el capitalismo, la gente esperaba menos de las autoridades gobernantes, a cambio de mayores libertades civiles, incluida la libertad individual, pol\u00edtica y econ\u00f3mica.<\/p>\n<\/div>\n<div dir=\"ltr\" class=\"bbc-19j92fr e57qer20\" readability=\"10\">\n<p dir=\"ltr\" class=\"bbc-bm53ic e1cc2ql70\">Pero <b>el capitalismo evolucionar\u00eda<\/b> significativamente durante los siglos siguientes y, especialmente, durante la segunda mitad del siglo XX. <\/p>\n<\/div>\n<div dir=\"ltr\" class=\"bbc-19j92fr e57qer20\" readability=\"11\">\n<p dir=\"ltr\" class=\"bbc-bm53ic e1cc2ql70\">Despu\u00e9s de la Segunda Guerra Mundial, se fund\u00f3 la Sociedad Mont Pelerin, un grupo de expertos en pol\u00edtica econ\u00f3mica, con el objetivo de abordar los desaf\u00edos que enfrentaba Occidente.<\/p>\n<\/div>\n<div dir=\"ltr\" class=\"bbc-19j92fr e57qer20\" readability=\"12\">\n<p dir=\"ltr\" class=\"bbc-bm53ic e1cc2ql70\">Su enfoque espec\u00edfico fue la defensa de los valores pol\u00edticos de una sociedad abierta, el estado de derecho, la libertad de expresi\u00f3n y las pol\u00edticas econ\u00f3micas de libre mercado, aspectos centrales del liberalismo cl\u00e1sico.<\/p>\n<\/div>\n<div dir=\"ltr\" class=\"bbc-19j92fr e57qer20\" readability=\"8\">\n<p dir=\"ltr\" class=\"bbc-bm53ic e1cc2ql70\">Con el tiempo, sus ideas dieron lugar a la escuela macroecon\u00f3mica de la <b>&#8220;econom\u00eda de la oferta&#8221;. <\/b><\/p>\n<\/div>\n<div dir=\"ltr\" class=\"bbc-19j92fr e57qer20\" readability=\"11\">\n<p dir=\"ltr\" class=\"bbc-bm53ic e1cc2ql70\">Esta se basaba en la creencia de que impuestos m\u00e1s bajos y una regulaci\u00f3n m\u00ednima del libre mercado conducir\u00edan a un mayor crecimiento econ\u00f3mico y, por lo tanto, a mejores condiciones de vida para todos.<\/p>\n<\/div>\n<div dir=\"ltr\" class=\"bbc-19j92fr e57qer20\" readability=\"10\">\n<p dir=\"ltr\" class=\"bbc-bm53ic e1cc2ql70\">En la d\u00e9cada de 1980, junto con el surgimiento del neoliberalismo pol\u00edtico, la econom\u00eda de la oferta se convirti\u00f3 en una prioridad para Estados Unidos y muchos gobiernos europeos.<\/p>\n<\/div>\n<div dir=\"ltr\" class=\"bbc-19j92fr e57qer20\" readability=\"9\">\n<p dir=\"ltr\" class=\"bbc-bm53ic e1cc2ql70\">Esta nueva<b> cepa del capitalismo<\/b> llev\u00f3 a un mayor crecimiento econ\u00f3mico en todo el mundo, al tiempo que sac\u00f3 a un n\u00famero sustancial de personas de la pobreza absoluta. <\/p>\n<\/div>\n<div dir=\"ltr\" class=\"bbc-19j92fr e57qer20\" readability=\"14\">\n<p dir=\"ltr\" class=\"bbc-bm53ic e1cc2ql70\">Pero, al mismo tiempo, sus cr\u00edticos argumentan que sus principios de reducci\u00f3n de impuestos y desregulaci\u00f3n empresarial hicieron poco para apoyar la inversi\u00f3n pol\u00edtica en servicios p\u00fablicos, hacer frente al desmoronamiento de la infraestructura p\u00fablica, la mejora de la educaci\u00f3n y la mitigaci\u00f3n de los riesgos para la salud.<\/p>\n<\/div>\n<p><h2 id=\"Desigualdad\" tabindex=\"-1\" class=\"bbc-l3e97o e14hemmw0\">Desigualdad<\/h2>\n<\/p>\n<div dir=\"ltr\" class=\"bbc-19j92fr e57qer20\" readability=\"10\">\n<p dir=\"ltr\" class=\"bbc-bm53ic e1cc2ql70\">Quiz\u00e1s lo m\u00e1s significativo es que en muchas naciones desarrolladas el capitalismo de finales del siglo XX contribuy\u00f3 a una<b> brecha significativa entre la riqueza de las personas m\u00e1s ricas y las m\u00e1s pobres<\/b>, seg\u00fan lo mide el \u00cdndice de Gini.<\/p>\n<\/div>\n<div dir=\"ltr\" class=\"bbc-1ka88fa e57qer20\">\n<figure class=\"bbc-1qdcvv9 e6bmn90\">\n<div dir=\"ltr\" class=\"bbc-172p16q e57qer20\">\n<div dir=\"ltr\" class=\"bbc-189y18v e57qer20\" readability=\"6.5\">\n<div data-e2e=\"image-placeholder\" class=\"bbc-1k5hvrj e1whu0\" readability=\"8\"><noscript><img srcset=\"http:\/\/cordobadirecto.com\/wp-content\/uploads\/2021\/06\/esta-el-mundo-entrando-en-una-nueva-fase-del-capitalismo-25.jpg 240w, http:\/\/cordobadirecto.com\/wp-content\/uploads\/2021\/06\/esta-el-mundo-entrando-en-una-nueva-fase-del-capitalismo-26.jpg 320w, http:\/\/cordobadirecto.com\/wp-content\/uploads\/2021\/06\/esta-el-mundo-entrando-en-una-nueva-fase-del-capitalismo-27.jpg 480w, http:\/\/cordobadirecto.com\/wp-content\/uploads\/2021\/06\/esta-el-mundo-entrando-en-una-nueva-fase-del-capitalismo-28.jpg 624w, http:\/\/cordobadirecto.com\/wp-content\/uploads\/2021\/06\/esta-el-mundo-entrando-en-una-nueva-fase-del-capitalismo-29.jpg 800w\" alt=\"&quot;Que pena incomodar a los acomodados&quot;, dice el cartel que sostiene un manifestante en las protestas que irrumpieron en mayo en Colombia.\" src=\"http:\/\/cordobadirecto.com\/wp-content\/uploads\/2021\/06\/esta-el-mundo-entrando-en-una-nueva-fase-del-capitalismo-3.jpg\" width=\"976\" class=\"bbc-fat2bc e1enwo3v0\"><\/noscript><\/p>\n<p role=\"text\" class=\"bbc-1s1cxbv etq3yw90\"><span class=\"bbc-1gnhmg2 e1yt7oin0\">Fuente de la imagen, <\/span><span lang=\"en-GB\">Getty Images<\/span><\/p>\n<\/div>\n<\/div>\n<\/div>\n<\/figure>\n<\/div>\n<div dir=\"ltr\" class=\"bbc-19j92fr e57qer20\" readability=\"12\">\n<p dir=\"ltr\" class=\"bbc-bm53ic e1cc2ql70\">En algunos pa\u00edses, esa brecha es cada vez mayor. Es particularmente duro en Estados Unidos, donde las personas m\u00e1s pobres no han visto un crecimiento real de ingresos <b>desde 1980<\/b>, mientras que los ingresos de los ultrarricos crecieron en alrededor de un 6% por a\u00f1o.<\/p>\n<\/div>\n<div dir=\"ltr\" class=\"bbc-19j92fr e57qer20\" readability=\"12\">\n<p dir=\"ltr\" class=\"bbc-bm53ic e1cc2ql70\">Casi todos los multimillonarios m\u00e1s ricos del mundo residen en EE.UU. y amasaron fortunas asombrosas, mientras que, al mismo tiempo, el ingreso medio de los hogares en ese pa\u00eds aument\u00f3 modestamente desde inicios del presente siglo.<\/p>\n<\/div>\n<div dir=\"ltr\" class=\"bbc-19j92fr e57qer20\" readability=\"8\">\n<p dir=\"ltr\" class=\"bbc-bm53ic e1cc2ql70\">La brecha de desigualdad<b> puede importar m\u00e1s de lo que a algunos pol\u00edticos y l\u00edderes corporativos les gustar\u00eda creer. <\/b><\/p>\n<\/div>\n<div dir=\"ltr\" class=\"bbc-19j92fr e57qer20\" readability=\"12\">\n<p dir=\"ltr\" class=\"bbc-bm53ic e1cc2ql70\">El capitalismo puede haber sacado a millones de personas en todo el mundo de la pobreza absoluta, pero la desigualdad puede ser corrosiva dentro de una sociedad, dice Denise Stanley, profesora de Econom\u00eda en la Universidad Estatal de California en Fullerton.<\/p>\n<\/div>\n<div dir=\"ltr\" class=\"bbc-19j92fr e57qer20\" readability=\"11\">\n<p dir=\"ltr\" class=\"bbc-bm53ic e1cc2ql70\">&#8220;La pobreza absoluta es b\u00e1sicamente que las personas puedan obtener&#8230; US$4 por d\u00eda por persona. Es una medida de umbral&#8221;, explica, pero advierte que <b>la pobreza relativa puede desequilibrar una sociedad a largo plazo. <\/b><\/p>\n<\/div>\n<div dir=\"ltr\" class=\"bbc-19j92fr e57qer20\" readability=\"10\">\n<p dir=\"ltr\" class=\"bbc-bm53ic e1cc2ql70\">Incluso si la econom\u00eda est\u00e1 creciendo, la desigualdad de ingresos y el estancamiento de los salarios pueden hacer que las personas se sientan menos seguras a medida que disminuye su posici\u00f3n relativa en la econom\u00eda.<\/p>\n<\/div>\n<div dir=\"ltr\" class=\"bbc-19j92fr e57qer20\" readability=\"13\">\n<p dir=\"ltr\" class=\"bbc-bm53ic e1cc2ql70\">Los economistas del comportamiento demostraron que &#8220;nuestro estatus en comparaci\u00f3n con otras personas, nuestra felicidad, deriva m\u00e1s de medidas relativas y de distribuci\u00f3n que de medidas absolutas. Si eso es cierto, entonces el capitalismo tiene un problema&#8221;, dice Stanley.<\/p>\n<\/div>\n<div dir=\"ltr\" class=\"bbc-19j92fr e57qer20\" readability=\"10\">\n<p dir=\"ltr\" class=\"bbc-bm53ic e1cc2ql70\">Como resultado del aumento de la desigualdad, &#8220;la gente tiene menos confianza en las instituciones y experimenta una sensaci\u00f3n de injusticia&#8221;, seg\u00fan el informe Edelman. <\/p>\n<\/div>\n<div dir=\"ltr\" class=\"bbc-1ka88fa e57qer20\">\n<figure class=\"bbc-1qdcvv9 e6bmn90\">\n<div dir=\"ltr\" class=\"bbc-172p16q e57qer20\">\n<div dir=\"ltr\" class=\"bbc-189y18v e57qer20\" readability=\"6.5\">\n<div data-e2e=\"image-placeholder\" class=\"bbc-1k5hvrj e1whu0\" readability=\"8\"><noscript><img srcset=\"http:\/\/cordobadirecto.com\/wp-content\/uploads\/2021\/06\/esta-el-mundo-entrando-en-una-nueva-fase-del-capitalismo-30.jpg 240w, http:\/\/cordobadirecto.com\/wp-content\/uploads\/2021\/06\/esta-el-mundo-entrando-en-una-nueva-fase-del-capitalismo-31.jpg 320w, http:\/\/cordobadirecto.com\/wp-content\/uploads\/2021\/06\/esta-el-mundo-entrando-en-una-nueva-fase-del-capitalismo-32.jpg 480w, http:\/\/cordobadirecto.com\/wp-content\/uploads\/2021\/06\/esta-el-mundo-entrando-en-una-nueva-fase-del-capitalismo-33.jpg 624w, http:\/\/cordobadirecto.com\/wp-content\/uploads\/2021\/06\/esta-el-mundo-entrando-en-una-nueva-fase-del-capitalismo-34.jpg 800w\" alt=\"Contraste entre un barrio rico y un barrio pobre.\" src=\"http:\/\/cordobadirecto.com\/wp-content\/uploads\/2021\/06\/esta-el-mundo-entrando-en-una-nueva-fase-del-capitalismo-4.jpg\" width=\"976\" class=\"bbc-fat2bc e1enwo3v0\"><\/noscript><\/p>\n<p role=\"text\" class=\"bbc-1s1cxbv etq3yw90\"><span class=\"bbc-1gnhmg2 e1yt7oin0\">Fuente de la imagen, <\/span><span lang=\"en-GB\">Getty Images<\/span><\/p>\n<\/div>\n<\/div>\n<\/div>\n<\/figure>\n<\/div>\n<div dir=\"ltr\" class=\"bbc-19j92fr e57qer20\" readability=\"11\">\n<p dir=\"ltr\" class=\"bbc-bm53ic e1cc2ql70\">Pero el impacto en la vida de las personas puede ser m\u00e1s profundo. <b>El capitalismo en su forma actual est\u00e1 destruyendo la vida de muchas personas de la clase trabajadora<\/b>, argumentan los economistas Anne Case y Angus Deaton en su libro &#8220;Deaths of Despair and the Future of Capitalism&#8221; (&#8220;Muertes desesperadas y el futuro del capitalismo&#8221;).<\/p>\n<\/div>\n<div dir=\"ltr\" class=\"bbc-19j92fr e57qer20\" readability=\"12\">\n<p dir=\"ltr\" class=\"bbc-bm53ic e1cc2ql70\">Durante &#8220;las \u00faltimas dos d\u00e9cadas, las muertes por desesperaci\u00f3n por suicidio, sobredosis de drogas y alcoholismo aumentaron dram\u00e1ticamente y ahora se cobran cientos de miles de vidas estadounidenses cada a\u00f1o&#8221;, escriben.<\/p>\n<\/div>\n<div dir=\"ltr\" class=\"bbc-19j92fr e57qer20\" readability=\"8\">\n<p dir=\"ltr\" class=\"bbc-bm53ic e1cc2ql70\">La crisis financiera de 2007-2008 agrav\u00f3 estos problemas. <b>La crisis fue provocada por una desregulaci\u00f3n excesiva<\/b> y golpe\u00f3 especialmente a la clase trabajadora en los pa\u00edses desarrollados. <\/p>\n<\/div>\n<div dir=\"ltr\" class=\"bbc-19j92fr e57qer20\" readability=\"15\">\n<p dir=\"ltr\" class=\"bbc-bm53ic e1cc2ql70\">Los subsiguientes rescates de los grandes bancos generaron resentimiento y &#8220;ayudaron a impulsar el surgimiento de la&#8230; pol\u00edtica polarizada que hemos visto durante la \u00faltima d\u00e9cada&#8221;, seg\u00fan Richard Cordray, primer director de la Oficina de Protecci\u00f3n Financiera del Consumidor de EE.UU. (CFPB) y autor de &#8220;Watchdog: How Protecting Consumers Can Save Our Families, Our Economy, and Our Democracy&#8221; (&#8220;Defensor del consumidor: C\u00f3mo proteger a los consumidores puede salvar a nuestras familias, nuestra econom\u00eda y nuestra democracia&#8221;). <\/p>\n<\/div>\n<p><h2 id=\"Protestas-anticapitalistas\" tabindex=\"-1\" class=\"bbc-l3e97o e14hemmw0\">Protestas anticapitalistas<\/h2>\n<\/p>\n<div dir=\"ltr\" class=\"bbc-19j92fr e57qer20\" readability=\"9\">\n<p dir=\"ltr\" class=\"bbc-bm53ic e1cc2ql70\">Las democracias liberales pueden estar ahora en un punto de inflexi\u00f3n, donde <b>los ciudadanos cuestionan las normas capitalistas de hoy <\/b>con mayor intensidad pol\u00edtica en todo el mundo.<\/p>\n<\/div>\n<div dir=\"ltr\" class=\"bbc-19j92fr e57qer20\" readability=\"11\">\n<p dir=\"ltr\" class=\"bbc-bm53ic e1cc2ql70\">J. Patrice McSherry, profesora de ciencias pol\u00edticas en la Universidad de Long Island en Nueva York, observ\u00f3 este cambio en Chile, por ejemplo. <\/p>\n<\/div>\n<div dir=\"ltr\" class=\"bbc-19j92fr e57qer20\" readability=\"11\">\n<p dir=\"ltr\" class=\"bbc-bm53ic e1cc2ql70\">&#8220;La movilizaci\u00f3n social comenz\u00f3 con un aumento en las tarifas del metro en octubre de 2019, lo que provoc\u00f3 protestas de base amplia que convocaron a m\u00e1s de un mill\u00f3n de personas en manifestaciones&#8221;, dice. <\/p>\n<\/div>\n<div dir=\"ltr\" class=\"bbc-19j92fr e57qer20\" readability=\"10\">\n<p dir=\"ltr\" class=\"bbc-bm53ic e1cc2ql70\">&#8220;El movimiento social expuso las profundas fuentes del descontento en Chile: l<b>a desigualdad arraigada y creciente<\/b>, el costo de vida en constante aumento y la privatizaci\u00f3n extrema en uno de los estados m\u00e1s neoliberales del mundo&#8221;.<\/p>\n<\/div>\n<div dir=\"ltr\" class=\"bbc-19j92fr e57qer20\" readability=\"14\">\n<p dir=\"ltr\" class=\"bbc-bm53ic e1cc2ql70\">Esas quejas se remontan a finales del siglo XX, cuando el gobierno autoritario de Chile introdujo reformas constitucionales que &#8220;institucionalizaron la dominaci\u00f3n econ\u00f3mica y pol\u00edtica del gobierno de facto y consagraron un marco neoliberal que borr\u00f3 el papel del Estado en las \u00e1reas sociales y econ\u00f3micas. Restringi\u00f3 la participaci\u00f3n pol\u00edtica, dio a la derecha (pol\u00edtica) un poder desproporcionado e instal\u00f3 un papel tutelar para las fuerzas armadas&#8221;, escribe McSherry en un art\u00edculo para el Congreso de Am\u00e9rica del Norte sobre Am\u00e9rica Latina, una organizaci\u00f3n sin fines de lucro que rastrea las tendencias en la regi\u00f3n.<\/p>\n<\/div>\n<div dir=\"ltr\" class=\"bbc-1ka88fa e57qer20\">\n<figure class=\"bbc-1qdcvv9 e6bmn90\">\n<div dir=\"ltr\" class=\"bbc-172p16q e57qer20\">\n<div dir=\"ltr\" class=\"bbc-189y18v e57qer20\" readability=\"6.5\">\n<div data-e2e=\"image-placeholder\" class=\"bbc-1k5hvrj e1whu0\" readability=\"8\"><noscript><img srcset=\"http:\/\/cordobadirecto.com\/wp-content\/uploads\/2021\/06\/esta-el-mundo-entrando-en-una-nueva-fase-del-capitalismo-35.jpg 240w, http:\/\/cordobadirecto.com\/wp-content\/uploads\/2021\/06\/esta-el-mundo-entrando-en-una-nueva-fase-del-capitalismo-36.jpg 320w, http:\/\/cordobadirecto.com\/wp-content\/uploads\/2021\/06\/esta-el-mundo-entrando-en-una-nueva-fase-del-capitalismo-37.jpg 480w, http:\/\/cordobadirecto.com\/wp-content\/uploads\/2021\/06\/esta-el-mundo-entrando-en-una-nueva-fase-del-capitalismo-38.jpg 624w, http:\/\/cordobadirecto.com\/wp-content\/uploads\/2021\/06\/esta-el-mundo-entrando-en-una-nueva-fase-del-capitalismo-39.jpg 800w\" alt=\"Mujeres vestidas con un chaleco amarillo organizan una protesta en Francia.\" src=\"http:\/\/cordobadirecto.com\/wp-content\/uploads\/2021\/06\/esta-el-mundo-entrando-en-una-nueva-fase-del-capitalismo-5.jpg\" width=\"976\" class=\"bbc-fat2bc e1enwo3v0\"><\/noscript><\/p>\n<p role=\"text\" class=\"bbc-1s1cxbv etq3yw90\"><span class=\"bbc-1gnhmg2 e1yt7oin0\">Fuente de la imagen, <\/span><span lang=\"en-GB\">Getty Images<\/span><\/p>\n<\/div>\n<\/div>\n<\/div>\n<\/figure>\n<\/div>\n<div dir=\"ltr\" class=\"bbc-19j92fr e57qer20\" readability=\"14\">\n<p dir=\"ltr\" class=\"bbc-bm53ic e1cc2ql70\">De manera similar, el movimiento de los chalecos amarillos que comenz\u00f3 en Francia en 2018 se centr\u00f3 inicialmente en el aumento del costo del combustible, pero se ampli\u00f3 r\u00e1pidamente<b> para incluir quejas similares a las de Chile,<\/b> el costo de vida, la creciente desigualdad y una demanda para que el gobierno deje de ignorar las necesidades de los ciudadanos.<\/p>\n<\/div>\n<div dir=\"ltr\" class=\"bbc-19j92fr e57qer20\" readability=\"9\">\n<p dir=\"ltr\" class=\"bbc-bm53ic e1cc2ql70\">Y en EE.UU., el movimiento pol\u00edtico que gener\u00f3 el trumpismo est\u00e1 posiblemente impulsado por la desigualdad econ\u00f3mica tanto como por la ideolog\u00eda. <\/p>\n<\/div>\n<div dir=\"ltr\" class=\"bbc-19j92fr e57qer20\" readability=\"13\">\n<p dir=\"ltr\" class=\"bbc-bm53ic e1cc2ql70\">El gobierno de Trump obtuvo un amplio apoyo pol\u00edtico para sus enfoques m\u00e1s cerrados del comercio mundial, incluida la retirada del Acuerdo Transpac\u00edfico de Cooperaci\u00f3n Econ\u00f3mica y los aranceles de represalia sobre los bienes y servicios chinos, indios, brasile\u00f1os y argentinos importados a Estados Unidos. <\/p>\n<\/div>\n<div dir=\"ltr\" class=\"bbc-19j92fr e57qer20\" readability=\"10\">\n<p dir=\"ltr\" class=\"bbc-bm53ic e1cc2ql70\">Incluso los aliados de Estados Unidos fueron el objetivo de esta agenda, incluidos Europa, Canad\u00e1 y M\u00e9xico.<\/p>\n<\/div>\n<div dir=\"ltr\" class=\"bbc-19j92fr e57qer20\" readability=\"15\">\n<p dir=\"ltr\" class=\"bbc-bm53ic e1cc2ql70\">Si bien una respuesta a las desventajas del capitalismo en su forma actual es que las naciones adopten una postura defensiva, buscando protegerse minimizando los lazos externos, el proteccionismo <b>&#8220;es miope, particularmente en lo que respecta al comercio&#8221;<\/b>, seg\u00fan Anahita Thoms, Jefe de la Pr\u00e1ctica de Comercio Internacional de Baker McKenzie en Alemania y Joven L\u00edder Global del Foro Econ\u00f3mico Mundial. <\/p>\n<\/div>\n<div dir=\"ltr\" class=\"bbc-19j92fr e57qer20\" readability=\"11\">\n<p dir=\"ltr\" class=\"bbc-bm53ic e1cc2ql70\">&#8220;Si bien puede traer algunos beneficios temporales, a largo plazo pone en peligro la econom\u00eda global en su conjunto y amenaza con deshacer d\u00e9cadas de progreso econ\u00f3mico. Es crucial mantener mercados abiertos favorables a la inversi\u00f3n&#8221;, dice Thoms.<\/p>\n<\/div>\n<div dir=\"ltr\" class=\"bbc-19j92fr e57qer20\" readability=\"9\">\n<p dir=\"ltr\" class=\"bbc-bm53ic e1cc2ql70\">Un desaf\u00edo central para los gobiernos en el siglo XXI ser\u00e1 encontrar <b>la manera de equilibrar estos beneficios a largo plazo del comercio mundial con los da\u00f1os a corto plazo<\/b> que la globalizaci\u00f3n puede traer a las comunidades locales afectadas por los bajos salarios o el desempleo. <\/p>\n<\/div>\n<div dir=\"ltr\" class=\"bbc-19j92fr e57qer20\" readability=\"11\">\n<p dir=\"ltr\" class=\"bbc-bm53ic e1cc2ql70\">Las econom\u00edas no pueden divorciarse por completo de las demandas de las mayor\u00edas democr\u00e1ticas que buscan trabajo, vivienda asequible, educaci\u00f3n, atenci\u00f3n m\u00e9dica y un medio ambiente limpio. <\/p>\n<\/div>\n<div dir=\"ltr\" class=\"bbc-1ka88fa e57qer20\">\n<figure class=\"bbc-1qdcvv9 e6bmn90\">\n<div dir=\"ltr\" class=\"bbc-172p16q e57qer20\">\n<div dir=\"ltr\" class=\"bbc-189y18v e57qer20\" readability=\"6.5\">\n<div data-e2e=\"image-placeholder\" class=\"bbc-1k5hvrj e1whu0\" readability=\"8\"><noscript><img srcset=\"http:\/\/cordobadirecto.com\/wp-content\/uploads\/2021\/06\/esta-el-mundo-entrando-en-una-nueva-fase-del-capitalismo-40.jpg 240w, http:\/\/cordobadirecto.com\/wp-content\/uploads\/2021\/06\/esta-el-mundo-entrando-en-una-nueva-fase-del-capitalismo-41.jpg 320w, http:\/\/cordobadirecto.com\/wp-content\/uploads\/2021\/06\/esta-el-mundo-entrando-en-una-nueva-fase-del-capitalismo-42.jpg 480w, http:\/\/cordobadirecto.com\/wp-content\/uploads\/2021\/06\/esta-el-mundo-entrando-en-una-nueva-fase-del-capitalismo-43.jpg 624w, http:\/\/cordobadirecto.com\/wp-content\/uploads\/2021\/06\/esta-el-mundo-entrando-en-una-nueva-fase-del-capitalismo-44.jpg 800w\" alt=\"Un manifestante sostiene una bandera chilena con la frase &quot;Chile despert\u00f3&quot;.\" src=\"http:\/\/cordobadirecto.com\/wp-content\/uploads\/2021\/06\/esta-el-mundo-entrando-en-una-nueva-fase-del-capitalismo-6.jpg\" width=\"976\" class=\"bbc-fat2bc e1enwo3v0\"><\/noscript><\/p>\n<p role=\"text\" class=\"bbc-1s1cxbv etq3yw90\"><span class=\"bbc-1gnhmg2 e1yt7oin0\">Fuente de la imagen, <\/span><span lang=\"en-GB\">Getty Images<\/span><\/p>\n<\/div>\n<\/div>\n<\/div>\n<\/figure>\n<\/div>\n<div dir=\"ltr\" class=\"bbc-19j92fr e57qer20\" readability=\"12\">\n<p dir=\"ltr\" class=\"bbc-bm53ic e1cc2ql70\">Como muestran los movimientos chileno, chaleco amarillo y trumpista, mucha gente est\u00e1 pidiendo un cambio en el sistema existente para que d\u00e9 cuenta de estas necesidades, en lugar de solo enriquecer los intereses privados.<\/p>\n<\/div>\n<div dir=\"ltr\" class=\"bbc-19j92fr e57qer20\" readability=\"11\">\n<p dir=\"ltr\" class=\"bbc-bm53ic e1cc2ql70\">En resumen, puede que sea hora de reconsiderar el contrato social para el capitalismo, de modo <b>que se vuelva m\u00e1s inclusivo<\/b> de un conjunto m\u00e1s amplio de intereses m\u00e1s all\u00e1 de los derechos y libertades individuales. <\/p>\n<\/div>\n<div dir=\"ltr\" class=\"bbc-19j92fr e57qer20\" readability=\"10\">\n<p dir=\"ltr\" class=\"bbc-bm53ic e1cc2ql70\">Esto no es imposible. El capitalismo ha evolucionado antes y, si va a continuar en el futuro a largo plazo, puede volver a evolucionar.<\/p>\n<\/div>\n<p><h2 id=\"El-futuro-del-capitalismo\" tabindex=\"-1\" class=\"bbc-l3e97o e14hemmw0\">El futuro del capitalismo<\/h2>\n<\/p>\n<div dir=\"ltr\" class=\"bbc-19j92fr e57qer20\" readability=\"8\">\n<p dir=\"ltr\" class=\"bbc-bm53ic e1cc2ql70\">En los \u00faltimos a\u00f1os surgieron diversas ideas y propuestas que apuntan a reescribir el contrato social del capitalismo. <\/p>\n<\/div>\n<div dir=\"ltr\" class=\"bbc-19j92fr e57qer20\" readability=\"8\">\n<p dir=\"ltr\" class=\"bbc-bm53ic e1cc2ql70\">Lo que tienen en com\u00fan es la idea de que las empresas necesitan medidas de \u00e9xito m\u00e1s variadas que simplemente las ganancias y el crecimiento. <\/p>\n<\/div>\n<div dir=\"ltr\" class=\"bbc-19j92fr e57qer20\" readability=\"10\">\n<p dir=\"ltr\" class=\"bbc-bm53ic e1cc2ql70\">En los negocios, existe el <b>&#8220;capitalismo consciente&#8221;<\/b>, inspirado en las pr\u00e1cticas de las llamadas marcas &#8220;\u00e9ticas&#8221;. <\/p>\n<\/div>\n<div dir=\"ltr\" class=\"bbc-19j92fr e57qer20\" readability=\"11\">\n<p dir=\"ltr\" class=\"bbc-bm53ic e1cc2ql70\">En pol\u00edtica, hay un <b>&#8220;capitalismo inclusivo&#8221;<\/b>, defendido tanto por el Banco de Inglaterra como por el Vaticano, que aboga por aprovechar el &#8220;capitalismo para el bien com\u00fan&#8221;. <\/p>\n<\/div>\n<div dir=\"ltr\" class=\"bbc-19j92fr e57qer20\" readability=\"12\">\n<p dir=\"ltr\" class=\"bbc-bm53ic e1cc2ql70\">Y en la sostenibilidad, est\u00e1 la idea de la <b>&#8220;econom\u00eda de la dona&#8221;<\/b>, una teor\u00eda propuesta por la economista y autora Kate Raworth, que sugiere que es posible prosperar econ\u00f3micamente como sociedad y al mismo tiempo permanecer dentro de los l\u00edmites sociales y planetarios.<\/p>\n<\/div>\n<div dir=\"ltr\" class=\"bbc-19j92fr e57qer20\" readability=\"9\">\n<p dir=\"ltr\" class=\"bbc-bm53ic e1cc2ql70\">Luego est\u00e1 el modelo de <b>&#8220;l<\/b><b>o<\/b><b>s cinco capitales&#8221;<\/b> articulado por Jonathan Porritt, el autor de &#8220;Capitalism As If The World Matters&#8221; (Capitalismo como si el mundo importara). <\/p>\n<\/div>\n<div dir=\"ltr\" class=\"bbc-19j92fr e57qer20\" readability=\"12\">\n<p dir=\"ltr\" class=\"bbc-bm53ic e1cc2ql70\">Porritt pide la integraci\u00f3n de cinco pilares del capital humano: <b>natural, humano, social, manufacturado y financiero<\/b>, en los modelos econ\u00f3micos existentes.<\/p>\n<\/div>\n<div dir=\"ltr\" class=\"ek1plzs1 bbc-9m7iam e57qer20\">\n<figure class=\"bbc-1qdcvv9 e6bmn90\">\n<div dir=\"ltr\" class=\"bbc-vx18wi e57qer20\">\n<div dir=\"ltr\" class=\"bbc-rprdln e57qer20\" readability=\"6.5\">\n<div data-e2e=\"image-placeholder\" class=\"bbc-ntsn9l e1whu0\" readability=\"8\"><noscript><img srcset=\"http:\/\/cordobadirecto.com\/wp-content\/uploads\/2021\/06\/esta-el-mundo-entrando-en-una-nueva-fase-del-capitalismo-45.jpg 240w, http:\/\/cordobadirecto.com\/wp-content\/uploads\/2021\/06\/esta-el-mundo-entrando-en-una-nueva-fase-del-capitalismo-46.jpg 320w, http:\/\/cordobadirecto.com\/wp-content\/uploads\/2021\/06\/esta-el-mundo-entrando-en-una-nueva-fase-del-capitalismo-47.jpg 480w, http:\/\/cordobadirecto.com\/wp-content\/uploads\/2021\/06\/esta-el-mundo-entrando-en-una-nueva-fase-del-capitalismo-48.jpg 624w, http:\/\/cordobadirecto.com\/wp-content\/uploads\/2021\/06\/esta-el-mundo-entrando-en-una-nueva-fase-del-capitalismo-49.jpg 716w\" alt=\"Rueda gigante\" src=\"http:\/\/cordobadirecto.com\/wp-content\/uploads\/2021\/06\/esta-el-mundo-entrando-en-una-nueva-fase-del-capitalismo-7.jpg\" width=\"716\" class=\"bbc-fat2bc e1enwo3v0\"><\/noscript><\/p>\n<p role=\"text\" class=\"bbc-1s1cxbv etq3yw90\"><span class=\"bbc-1gnhmg2 e1yt7oin0\">Fuente de la imagen, <\/span><span lang=\"en-GB\">Getty Images<\/span><\/p>\n<\/div>\n<\/div>\n<div dir=\"ltr\" class=\"bbc-3edg7g e57qer20\" readability=\"6.5\"><figcaption dir=\"ltr\" class=\"bbc-1t9zlwf eede9f50\" readability=\"3\"><span class=\"bbc-1gnhmg2 e1yt7oin0\">Pie de foto, <\/span><\/p>\n<p>Es posible que los incentivos incorporados del capitalismo deban expandirse para estar en comuni\u00f3n con la sostenibilidad.<\/p>\n<\/figcaption><\/div>\n<\/div>\n<\/figure>\n<\/div>\n<div dir=\"ltr\" class=\"bbc-19j92fr e57qer20\" readability=\"13\">\n<p dir=\"ltr\" class=\"bbc-bm53ic e1cc2ql70\">Un ejemplo tangible de d\u00f3nde las empresas est\u00e1n comenzando a adoptar &#8220;los cinco capitales&#8221; es el movimiento B-Corporation. Las empresas certificadas se adhieren a la obligaci\u00f3n legal de considerar &#8220;el impacto de sus decisiones en sus trabajadores, clientes, proveedores, comunidad y el medio ambiente&#8221;. <\/p>\n<\/div>\n<div dir=\"ltr\" class=\"bbc-19j92fr e57qer20\" readability=\"9\">\n<p dir=\"ltr\" class=\"bbc-bm53ic e1cc2ql70\">Sus filas ahora incluyen grandes corporaciones como Danone, Patagonia y Ben &amp; Jerry&#8217;s (que es propiedad de Unilever).<\/p>\n<\/div>\n<div dir=\"ltr\" class=\"bbc-19j92fr e57qer20\" readability=\"9\">\n<p dir=\"ltr\" class=\"bbc-bm53ic e1cc2ql70\">Este enfoque se ha vuelto cada vez m\u00e1s com\u00fan, reflejado en una declaraci\u00f3n de 2019 publicada por m\u00e1s de 180 directores ejecutivos corporativos que redefinen &#8220;el prop\u00f3sito de una corporaci\u00f3n&#8221;. <\/p>\n<\/div>\n<div dir=\"ltr\" class=\"bbc-19j92fr e57qer20\" readability=\"13\">\n<p dir=\"ltr\" class=\"bbc-bm53ic e1cc2ql70\">Por primera vez, directores ejecutivos que representan a Wal-Mart, Apple, JP Morgan Chase, Pepsi y otros reconocieron que deben redefinir el papel de las empresas en relaci\u00f3n con la sociedad y el medio ambiente.<\/p>\n<\/div>\n<div dir=\"ltr\" class=\"bbc-19j92fr e57qer20\" readability=\"7\">\n<p dir=\"ltr\" class=\"bbc-bm53ic e1cc2ql70\">Su declaraci\u00f3n propone que <b>las empresas deben hacer m\u00e1s que ofrecer beneficios a sus accionistas. <\/b><\/p>\n<\/div>\n<div dir=\"ltr\" class=\"bbc-19j92fr e57qer20\" readability=\"12\">\n<p dir=\"ltr\" class=\"bbc-bm53ic e1cc2ql70\">Adem\u00e1s, deben invertir en sus empleados y contribuir a la mejora de los elementos humanos, naturales y sociales del capital al que Porritt se refiere en su modelo, en lugar de centrarse \u00fanicamente en el capital financiero.<\/p>\n<\/div>\n<div dir=\"ltr\" class=\"bbc-19j92fr e57qer20\" readability=\"17\">\n<p dir=\"ltr\" class=\"bbc-bm53ic e1cc2ql70\">En una reciente entrevista con Yahoo Finance sobre el futuro del capitalismo, el presidente ejecutivo de Best Buy, Hubert Joly, dijo que &#8220;lo que sucedi\u00f3 es que durante 30 a\u00f1os, desde la d\u00e9cada de 1980 hasta hace 10 a\u00f1os, hemos tenido este enfoque singular sobre las ganancias que fueron excesivas y causaron muchos de estos problemas. Necesitamos relajarnos un poco de estos 30 a\u00f1os. Si tenemos una refundaci\u00f3n de los negocios, t<b>ambi\u00e9n puede ser una refundaci\u00f3n del capitalismo<\/b>&#8230; Creo que esto puede hacerse, tiene que hacerse&#8221;.<\/p>\n<\/div>\n<p><h2 id=\"Una-nueva-direcci\u00f3n\" tabindex=\"-1\" class=\"bbc-l3e97o e14hemmw0\">Una nueva direcci\u00f3n<\/h2>\n<\/p>\n<div dir=\"ltr\" class=\"bbc-19j92fr e57qer20\" readability=\"10\">\n<p dir=\"ltr\" class=\"bbc-bm53ic e1cc2ql70\">Hace m\u00e1s de tres d\u00e9cadas, la Comisi\u00f3n Brundtland de las Naciones Unidas escribi\u00f3 en &#8220;Nuestro futuro com\u00fan&#8221; que hab\u00eda amplia evidencia de que los impactos sociales y ambientales son relevantes y deben incorporarse a los modelos de desarrollo. <\/p>\n<\/div>\n<div dir=\"ltr\" class=\"bbc-1ka88fa e57qer20\">\n<figure class=\"bbc-1qdcvv9 e6bmn90\">\n<div dir=\"ltr\" class=\"bbc-172p16q e57qer20\">\n<div dir=\"ltr\" class=\"bbc-189y18v e57qer20\" readability=\"6.5\">\n<div data-e2e=\"image-placeholder\" class=\"bbc-1k5hvrj e1whu0\" readability=\"8\"><noscript><img srcset=\"http:\/\/cordobadirecto.com\/wp-content\/uploads\/2021\/06\/esta-el-mundo-entrando-en-una-nueva-fase-del-capitalismo-50.jpg 240w, http:\/\/cordobadirecto.com\/wp-content\/uploads\/2021\/06\/esta-el-mundo-entrando-en-una-nueva-fase-del-capitalismo-51.jpg 320w, http:\/\/cordobadirecto.com\/wp-content\/uploads\/2021\/06\/esta-el-mundo-entrando-en-una-nueva-fase-del-capitalismo-52.jpg 480w, http:\/\/cordobadirecto.com\/wp-content\/uploads\/2021\/06\/esta-el-mundo-entrando-en-una-nueva-fase-del-capitalismo-53.jpg 624w, http:\/\/cordobadirecto.com\/wp-content\/uploads\/2021\/06\/esta-el-mundo-entrando-en-una-nueva-fase-del-capitalismo-54.jpg 800w\" alt=\"Ni\u00f1as marchando en una protesta en Colombia sosteniendo un cartel con la leyenda: &quot;Marcho porque quiero un mundo feliz&quot;.\" src=\"http:\/\/cordobadirecto.com\/wp-content\/uploads\/2021\/06\/esta-el-mundo-entrando-en-una-nueva-fase-del-capitalismo-8.jpg\" width=\"976\" class=\"bbc-fat2bc e1enwo3v0\"><\/noscript><\/p>\n<p role=\"text\" class=\"bbc-1s1cxbv etq3yw90\"><span class=\"bbc-1gnhmg2 e1yt7oin0\">Fuente de la imagen, <\/span><span lang=\"en-GB\">Getty Images<\/span><\/p>\n<\/div>\n<\/div>\n<\/div>\n<\/figure>\n<\/div>\n<div dir=\"ltr\" class=\"bbc-19j92fr e57qer20\" readability=\"11\">\n<p dir=\"ltr\" class=\"bbc-bm53ic e1cc2ql70\">Ahora es obvio que estos temas tambi\u00e9n deben considerarse dentro del contrato social que sustenta el capitalismo, para que sea m\u00e1s inclusivo, hol\u00edstico e integrado con los valores humanos b\u00e1sicos.<\/p>\n<\/div>\n<div dir=\"ltr\" class=\"bbc-19j92fr e57qer20\" readability=\"9\">\n<p dir=\"ltr\" class=\"bbc-bm53ic e1cc2ql70\">En \u00faltima instancia, vale la pena recordar que los ciudadanos en una democracia capitalista y liberal tienen poder. <\/p>\n<\/div>\n<div dir=\"ltr\" class=\"bbc-19j92fr e57qer20\" readability=\"10\">\n<p dir=\"ltr\" class=\"bbc-bm53ic e1cc2ql70\">De manera colectiva, <b>pueden apoyar a las empresas alineadas con sus creencias<\/b> y exigir continuamente nuevas leyes y pol\u00edticas que transformen el panorama competitivo de las empresas para que puedan mejorar sus pr\u00e1cticas.<\/p>\n<\/div>\n<div dir=\"ltr\" class=\"bbc-19j92fr e57qer20\" readability=\"9\">\n<p dir=\"ltr\" class=\"bbc-bm53ic e1cc2ql70\">Cuando Adam Smith estaba observando el capitalismo industrial naciente en 1776, no pod\u00eda prever cu\u00e1nto transformar\u00eda nuestras sociedades en la actualidad. <\/p>\n<\/div>\n<div dir=\"ltr\" class=\"bbc-19j92fr e57qer20\" readability=\"9\">\n<p dir=\"ltr\" class=\"bbc-bm53ic e1cc2ql70\">Por tanto, podr\u00edamos estar igualmente ciegos ante c\u00f3mo podr\u00eda verse el capitalismo en otros dos siglos. <\/p>\n<\/div>\n<div dir=\"ltr\" class=\"bbc-19j92fr e57qer20\" readability=\"9\">\n<p dir=\"ltr\" class=\"bbc-bm53ic e1cc2ql70\">Sin embargo, eso no significa que no debamos preguntarnos c\u00f3mo podr\u00eda evolucionar hacia algo mejor a corto plazo.<b> El futuro del capitalismo y nuestro planeta depende de ello.<\/b><\/p>\n<\/div>\n<div dir=\"ltr\" class=\"bbc-19j92fr e57qer20\" readability=\"10\">\n<p dir=\"ltr\" class=\"bbc-bm53ic e1cc2ql70\">* Matthew Wilburn King es consultor y conservacionista internacional basado en Boulder, Colorado, y presidente y director de Common Foundation. <\/p>\n<\/div>\n<div dir=\"ltr\" class=\"bbc-1ka88fa e57qer20\">\n<figure class=\"bbc-1qdcvv9 e6bmn90\">\n<div dir=\"ltr\" class=\"bbc-172p16q e57qer20\">\n<div dir=\"ltr\" class=\"bbc-189y18v e57qer20\">\n<div data-e2e=\"image-placeholder\" class=\"bbc-367mqz e1whu0\"><noscript><img srcset=\"http:\/\/cordobadirecto.com\/wp-content\/uploads\/2021\/06\/esta-el-mundo-entrando-en-una-nueva-fase-del-capitalismo-55.jpg 240w, http:\/\/cordobadirecto.com\/wp-content\/uploads\/2021\/06\/esta-el-mundo-entrando-en-una-nueva-fase-del-capitalismo-56.jpg 320w, http:\/\/cordobadirecto.com\/wp-content\/uploads\/2021\/06\/esta-el-mundo-entrando-en-una-nueva-fase-del-capitalismo-57.jpg 464w\" alt=\"L\u00ednea\" src=\"http:\/\/cordobadirecto.com\/wp-content\/uploads\/2021\/06\/esta-el-mundo-entrando-en-una-nueva-fase-del-capitalismo-9.jpg\" width=\"464\" class=\"bbc-fat2bc e1enwo3v0\"><\/noscript><\/div>\n<\/div>\n<\/div>\n<\/figure>\n<\/div>\n<div dir=\"ltr\" class=\"bbc-19j92fr e57qer20\" readability=\"8\">\n<p dir=\"ltr\" class=\"bbc-bm53ic e1cc2ql70\"><i class=\"bbc-h1y5j7 ewc4zcb0\">Ahora puedes recibir notificaciones de BBC Mundo. Descarga la nueva versi\u00f3n de nuestra app y act\u00edvalas para no perderte nuestro mejor contenido.<\/i><\/p>\n<\/div>\n","protected":false},"excerpt":{"rendered":"<p>Matthew Wilburn King* BBC Future 8 horas Fuente de la imagen, Getty Images Hace casi 250 a\u00f1os, el economista y fil\u00f3sofo Adam Smith escribi\u00f3 &#8220;La riqueza de las naciones&#8221;, donde describi\u00f3 el nacimiento de una nueva forma de actividad humana: el capitalismo industrial. Este conducir\u00eda a la acumulaci\u00f3n de riqueza m\u00e1s all\u00e1 de lo que [&hellip;]<\/p>\n","protected":false},"author":1,"featured_media":7476,"comment_status":"closed","ping_status":"closed","sticky":false,"template":"","format":"standard","meta":[],"categories":[24],"tags":[],"_links":{"self":[{"href":"http:\/\/cordobadirecto.com\/index.php\/wp-json\/wp\/v2\/posts\/7475"}],"collection":[{"href":"http:\/\/cordobadirecto.com\/index.php\/wp-json\/wp\/v2\/posts"}],"about":[{"href":"http:\/\/cordobadirecto.com\/index.php\/wp-json\/wp\/v2\/types\/post"}],"author":[{"embeddable":true,"href":"http:\/\/cordobadirecto.com\/index.php\/wp-json\/wp\/v2\/users\/1"}],"replies":[{"embeddable":true,"href":"http:\/\/cordobadirecto.com\/index.php\/wp-json\/wp\/v2\/comments?post=7475"}],"version-history":[{"count":0,"href":"http:\/\/cordobadirecto.com\/index.php\/wp-json\/wp\/v2\/posts\/7475\/revisions"}],"wp:featuredmedia":[{"embeddable":true,"href":"http:\/\/cordobadirecto.com\/index.php\/wp-json\/wp\/v2\/media\/7476"}],"wp:attachment":[{"href":"http:\/\/cordobadirecto.com\/index.php\/wp-json\/wp\/v2\/media?parent=7475"}],"wp:term":[{"taxonomy":"category","embeddable":true,"href":"http:\/\/cordobadirecto.com\/index.php\/wp-json\/wp\/v2\/categories?post=7475"},{"taxonomy":"post_tag","embeddable":true,"href":"http:\/\/cordobadirecto.com\/index.php\/wp-json\/wp\/v2\/tags?post=7475"}],"curies":[{"name":"wp","href":"https:\/\/api.w.org\/{rel}","templated":true}]}}