{"id":7481,"date":"2021-06-02T14:18:40","date_gmt":"2021-06-02T14:18:40","guid":{"rendered":"http:\/\/cordobadirecto.com\/index.php\/2021\/06\/02\/el-golfista-angel-cabrera-sera-extraditado-y-afrontara-un-juicio-por-violencia-de-genero\/"},"modified":"2021-06-02T14:18:40","modified_gmt":"2021-06-02T14:18:40","slug":"el-golfista-angel-cabrera-sera-extraditado-y-afrontara-un-juicio-por-violencia-de-genero","status":"publish","type":"post","link":"http:\/\/cordobadirecto.com\/index.php\/2021\/06\/02\/el-golfista-angel-cabrera-sera-extraditado-y-afrontara-un-juicio-por-violencia-de-genero\/","title":{"rendered":"El golfista \u00c1ngel Cabrera ser\u00e1 extraditado y afrontar\u00e1 un juicio por violencia de g\u00e9nero"},"content":{"rendered":"<div class=\"image\" id=\"image\" readability=\"8\"> <img src=\"http:\/\/cordobadirecto.com\/wp-content\/uploads\/2021\/06\/el-golfista-angel-cabrera-sera-extraditado-y-afrontara-un-juicio-por-violencia-de-genero.jpg\" alt=\"Luego de fugarse, el golfista \" title=\"Luego de fugarse, el golfista \"><\/p>\n<p>Luego de fugarse, el golfista <\/p>\n<\/div>\n<p>El golfista cordob\u00e9s <strong>\u00c1ngel &#8216;Pato&#8217; Cabrera<\/strong>, extraditado de Brasil, llegar\u00e1 el pr\u00f3ximo 9 de junio a C\u00f3rdoba, donde debe enfrentar un <strong>juicio por causas de violencia de g\u00e9nero<\/strong> que fueron promovidas por su expareja, <strong>Cecilia Torres Mana<\/strong>, inform\u00f3 el representante legal de la v\u00edctima.<\/p>\n<p>El abogado <strong>Carlos Nayi<\/strong>, quien representa a Torres Mana, manifest\u00f3 a T\u00e9lam que Cabrera llegar\u00e1 a la ciudad de C\u00f3rdoba el mi\u00e9rcoles de la pr\u00f3xima semana, acompa\u00f1ado por una comisi\u00f3n de Interpol, y que <strong>ser\u00e1 alojado en la dependencia carcelaria de Bouwer<\/strong>, donde esperar\u00e1 la fecha del proceso de enjuiciamiento a cargo de la C\u00e1mara Segunda del Crimen.<\/p>\n<p>El golfista argentino se encuentra detenido en una dependencia federal de R\u00edo de Janeiro, donde fue ubicado por Interpol luego de la emisi\u00f3n de un <strong>alerta roja para su captura internacional<\/strong>. Cabrera debe enfrentar un juicio por dos causas acumuladas, una por &#8220;lesiones leves calificadas y amenazas&#8221;, y otra por &#8220;lesiones leves calificadas y hurto&#8221;, denunciadas en 2017 y 2018 por Torres Mana.<\/p>\n<p>Cabrera, de 51 a\u00f1os, ganador del US Open 2007 y del Masters de Augusta en 2009, viaj\u00f3 el 20 de julio del 2020, sin autorizaci\u00f3n judicial, desde su domicilio en Villa Allende hacia Estados Unidos para participar de un torneo de golf.<\/p>\n<div class=\"image\" id=\"image\" readability=\"8\"> <img src=\"http:\/\/cordobadirecto.com\/wp-content\/uploads\/2021\/06\/el-golfista-angel-cabrera-sera-extraditado-y-afrontara-un-juicio-por-violencia-de-genero-1.jpg\" alt=\"\u00c1ngel Cabrera hab\u00eda viajado sin autorizaci\u00f3n judicial a los Estados Unidos para participar de un torneo de golf.\" title=\"\u00c1ngel Cabrera hab\u00eda viajado sin autorizaci\u00f3n judicial a los Estados Unidos para participar de un torneo de golf.\"><\/p>\n<p>\u00c1ngel Cabrera hab\u00eda viajado sin autorizaci\u00f3n judicial a los Estados Unidos para participar de un torneo de golf.<\/p>\n<\/div>\n<p>La Justicia advirti\u00f3 la ausencia dos semanas despu\u00e9s, a poco de establecer la fecha para el juicio que debe enfrentar y tambi\u00e9n a d\u00edas de nuevas denuncias presentadas por su expareja, lo que motiv\u00f3 que la Justicia local tramitara la captura internacional.<\/p>\n","protected":false},"excerpt":{"rendered":"<p>Luego de fugarse, el golfista El golfista cordob\u00e9s \u00c1ngel &#8216;Pato&#8217; Cabrera, extraditado de Brasil, llegar\u00e1 el pr\u00f3ximo 9 de junio a C\u00f3rdoba, donde debe enfrentar un juicio por causas de violencia de g\u00e9nero que fueron promovidas por su expareja, Cecilia Torres Mana, inform\u00f3 el representante legal de la v\u00edctima. El abogado Carlos Nayi, quien representa [&hellip;]<\/p>\n","protected":false},"author":1,"featured_media":7482,"comment_status":"closed","ping_status":"closed","sticky":false,"template":"","format":"standard","meta":[],"categories":[21],"tags":[],"_links":{"self":[{"href":"http:\/\/cordobadirecto.com\/index.php\/wp-json\/wp\/v2\/posts\/7481"}],"collection":[{"href":"http:\/\/cordobadirecto.com\/index.php\/wp-json\/wp\/v2\/posts"}],"about":[{"href":"http:\/\/cordobadirecto.com\/index.php\/wp-json\/wp\/v2\/types\/post"}],"author":[{"embeddable":true,"href":"http:\/\/cordobadirecto.com\/index.php\/wp-json\/wp\/v2\/users\/1"}],"replies":[{"embeddable":true,"href":"http:\/\/cordobadirecto.com\/index.php\/wp-json\/wp\/v2\/comments?post=7481"}],"version-history":[{"count":0,"href":"http:\/\/cordobadirecto.com\/index.php\/wp-json\/wp\/v2\/posts\/7481\/revisions"}],"wp:featuredmedia":[{"embeddable":true,"href":"http:\/\/cordobadirecto.com\/index.php\/wp-json\/wp\/v2\/media\/7482"}],"wp:attachment":[{"href":"http:\/\/cordobadirecto.com\/index.php\/wp-json\/wp\/v2\/media?parent=7481"}],"wp:term":[{"taxonomy":"category","embeddable":true,"href":"http:\/\/cordobadirecto.com\/index.php\/wp-json\/wp\/v2\/categories?post=7481"},{"taxonomy":"post_tag","embeddable":true,"href":"http:\/\/cordobadirecto.com\/index.php\/wp-json\/wp\/v2\/tags?post=7481"}],"curies":[{"name":"wp","href":"https:\/\/api.w.org\/{rel}","templated":true}]}}