{"id":7483,"date":"2021-06-02T14:18:49","date_gmt":"2021-06-02T14:18:49","guid":{"rendered":"https:\/\/lmdiario.com.ar\/contenido\/291284\/fedecom-las-ventas-minoristas-cayeron-147-durante-mayo-en-cordoba"},"modified":"2021-06-02T14:18:49","modified_gmt":"2021-06-02T14:18:49","slug":"fedecom-las-ventas-minoristas-cayeron-147-durante-mayo-en-cordoba","status":"publish","type":"post","link":"http:\/\/cordobadirecto.com\/index.php\/2021\/06\/02\/fedecom-las-ventas-minoristas-cayeron-147-durante-mayo-en-cordoba\/","title":{"rendered":"Fedecom: las ventas minoristas cayeron 14,7% durante mayo en C\u00f3rdoba"},"content":{"rendered":"<div readability=\"34\"> <img alt=\"ventas centro\" class=\"img-responsive\" data-alto-grande=\"436\" data-ancho-grande=\"900\" height=\"436\" loading=\"lazy\" sizes=\"auto\" src=\"http:\/\/cordobadirecto.com\/wp-content\/uploads\/2021\/06\/fedecom-las-ventas-minoristas-cayeron-147-durante-mayo-en-cordoba.jpg\" srcset=\"http:\/\/cordobadirecto.com\/wp-content\/uploads\/2021\/06\/fedecom-las-ventas-minoristas-cayeron-147-durante-mayo-en-cordoba.jpg 800w, http:\/\/cordobadirecto.com\/wp-content\/uploads\/2021\/06\/fedecom-las-ventas-minoristas-cayeron-147-durante-mayo-en-cordoba-1.jpg 240w, http:\/\/cordobadirecto.com\/wp-content\/uploads\/2021\/06\/fedecom-las-ventas-minoristas-cayeron-147-durante-mayo-en-cordoba-2.jpg 900w\" width=\"900\"> <\/p>\n<p> <span>Las ventas minoristas de los comercios pymes finalizaron mayo con una ca\u00edda del 14,7% frente a igual mes del 2020.<\/span> <span>Foto: gentileza.<\/span> <\/p>\n<\/p><\/div>\n<div readability=\"130\">\n<p><strong>Las ventas minoristas de los comercios pymes de la provincia de C\u00f3rdoba finalizaron mayo con una ca\u00edda del 14,7% frente a igual mes del a\u00f1o anterior<\/strong>; <strong>si se compara con mayo del a\u00f1o 2019,<\/strong> tambi\u00e9n se observa <strong>una contracci\u00f3n, en este caso &nbsp;del 9,4%, de acuerdo con los datos relevados por la Federaci\u00f3n Comercial de C\u00f3rdoba (Fedecom)<\/strong> y sus c\u00e1maras y centros comerciales adheridos.&nbsp;<\/p>\n<p><strong>Vale recordar que en mayo de 2020, mes en el que las restricciones impuestas para morigerar los contagios por la pandemia de coronavirus<\/strong> se hicieron sentir con m\u00e1s fuerza, <strong>las ventas hab\u00edan ca\u00eddo 54,1% en relaci\u00f3n a mayo de 2019.<\/strong><\/p>\n<p><strong>\u201cPese a que durante mayo del a\u00f1o pasado el comercio pr\u00e1cticamente no trabaj\u00f3,<\/strong> con excepci\u00f3n de los rubros considerados esenciales,<strong> la comparaci\u00f3n del nivel de actividad del mes pasado,<\/strong> en relaci\u00f3n al del a\u00f1o anterior muestra una contracci\u00f3n. Eso refleja el deterioro acumulado del <strong>consumo de las familias que ya no tienen margen para gastar<\/strong>, que est\u00e1n endeudadas, que en muchos casos est\u00e1n sin trabajo o sin poder ejercerlo a ra\u00edz de las restricciones establecidas por la segunda ola de contagios, con lo cual no tienen ingresos\u201d, explic\u00f3<strong> Ezequiel Cerezo, presidente de Fedecom.<\/strong><\/p>\n<p><strong>\u201cEsto es lo que pretendemos transmitir cuando pedimos al Gobierno que no se subestime el impacto que implica tener una pyme cerrada durante nueve d\u00edas\u201d<\/strong>, refiri\u00f3 al hacer menci\u00f3n al confinamiento determinado durante los \u00faltimos d\u00edas de mayo. Y agreg\u00f3: \u201cA pesar que est\u00e1 demostrado que el comercio no contagia, que en los negocios se respetan las medidas sanitarias establecidas, ahora tenemos por delante <strong>un nuevo fin de semana con restricciones estrictas que impiden a la mayor\u00eda circular, trabajar, o comprar<\/strong>. Y para el comercio no es menor, ya el s\u00e1bado es un d\u00eda que mucha gente aprovecha para hacer compras. <strong>Adem\u00e1s, se aplicar\u00e1 unas semanas antes a la celebraci\u00f3n del D\u00eda del Padre, dej\u00e1ndonos con menos margen\u201d.<\/strong><\/p>\n<p>Para hacer evidente el desempe\u00f1o del sector, <strong>el Departamento de Estad\u00edsticas de Fedecom present\u00f3 por separado el comportamiento de los diferentes rubros en cantidades vendidas<\/strong>, en el primer caso con el comparativo interanual respecto a igual periodo del a\u00f1o anterior, y luego en relaci\u00f3n a mayo de 2019.<\/p>\n<p><strong>Mayo 2021 versus mayo 2020<\/strong><\/p>\n<p>Alimentos y bebidas (-8,1%);<br \/>Art\u00edculos deportivos y de recreaci\u00f3n (-20,5%);<br \/>Calzados y marroquiner\u00eda (-22,7%);<br \/>Electrodom\u00e9sticos y art\u00edculos electr\u00f3nicos (-18,9%);&nbsp;<br \/>Farmacia (-4,2%);<br \/>Ferreter\u00eda, materiales el\u00e9ctricos y materiales para la construcci\u00f3n (-6,1%);<br \/>Indumentaria (-21,4%);&nbsp;<br \/>Jugueter\u00eda y librer\u00edas (-16,8%);&nbsp;<br \/>Muebles y decoraci\u00f3n (-19,3%);&nbsp;<br \/>Neum\u00e1ticos y repuestos (-8,5%);<br \/>Perfumer\u00eda y cosm\u00e9tica (-18,6%)<\/p>\n<p><strong>Mayo 2021 versus mayo 2019<\/strong><\/p>\n<p>Alimentos y bebidas (-6,8%);<br \/>Art\u00edculos deportivos y de recreaci\u00f3n (-9,6%);<br \/>Calzados y marroquiner\u00eda (-12,7%);<br \/>Electrodom\u00e9sticos y art\u00edculos electr\u00f3nicos (-12,5%);&nbsp;<br \/>Farmacia (3,1%);<br \/>Ferreter\u00eda, materiales el\u00e9ctricos y materiales para la construcci\u00f3n (-5,9%)<br \/>Indumentaria (-12,4%);&nbsp;<br \/>Jugueter\u00eda y librer\u00edas (-9,5%);&nbsp;<br \/>Muebles y decoraci\u00f3n (-14,1%);&nbsp;<br \/>Neum\u00e1ticos y repuestos (-8,3%);<br \/>Perfumer\u00eda y cosm\u00e9tica (-13,9%)<\/p>\n<p><strong>Formas de pago y pesimismo<\/strong><\/p>\n<p>En lo referido a formas de pago, <strong>el 61% de las transacciones realizadas el mes pasado se realizaron con medios electr\u00f3nicos, un 32% en efectivo y un 7% con cr\u00e9ditos propios.&nbsp;<\/strong><\/p>\n<p>Respecto a la situaci\u00f3n actual del comercio, <strong>el 60% de los encuestados manifest\u00f3 que es de regular a mala.&nbsp;<\/strong><\/p>\n<\/p><\/div>\n","protected":false},"excerpt":{"rendered":"<p>Las ventas minoristas de los comercios pymes finalizaron mayo con una ca\u00edda del 14,7% frente a igual mes del 2020. Foto: gentileza. Las ventas minoristas de los comercios pymes de la provincia de C\u00f3rdoba finalizaron mayo con una ca\u00edda del 14,7% frente a igual mes del a\u00f1o anterior; si se compara con mayo del a\u00f1o [&hellip;]<\/p>\n","protected":false},"author":1,"featured_media":7484,"comment_status":"open","ping_status":"closed","sticky":false,"template":"","format":"standard","meta":[],"categories":[23,25],"tags":[],"_links":{"self":[{"href":"http:\/\/cordobadirecto.com\/index.php\/wp-json\/wp\/v2\/posts\/7483"}],"collection":[{"href":"http:\/\/cordobadirecto.com\/index.php\/wp-json\/wp\/v2\/posts"}],"about":[{"href":"http:\/\/cordobadirecto.com\/index.php\/wp-json\/wp\/v2\/types\/post"}],"author":[{"embeddable":true,"href":"http:\/\/cordobadirecto.com\/index.php\/wp-json\/wp\/v2\/users\/1"}],"replies":[{"embeddable":true,"href":"http:\/\/cordobadirecto.com\/index.php\/wp-json\/wp\/v2\/comments?post=7483"}],"version-history":[{"count":0,"href":"http:\/\/cordobadirecto.com\/index.php\/wp-json\/wp\/v2\/posts\/7483\/revisions"}],"wp:featuredmedia":[{"embeddable":true,"href":"http:\/\/cordobadirecto.com\/index.php\/wp-json\/wp\/v2\/media\/7484"}],"wp:attachment":[{"href":"http:\/\/cordobadirecto.com\/index.php\/wp-json\/wp\/v2\/media?parent=7483"}],"wp:term":[{"taxonomy":"category","embeddable":true,"href":"http:\/\/cordobadirecto.com\/index.php\/wp-json\/wp\/v2\/categories?post=7483"},{"taxonomy":"post_tag","embeddable":true,"href":"http:\/\/cordobadirecto.com\/index.php\/wp-json\/wp\/v2\/tags?post=7483"}],"curies":[{"name":"wp","href":"https:\/\/api.w.org\/{rel}","templated":true}]}}