{"id":7487,"date":"2021-06-02T14:19:02","date_gmt":"2021-06-02T14:19:02","guid":{"rendered":"http:\/\/cordobadirecto.com\/index.php\/2021\/06\/02\/ariel-leyra-presenta-la-nueva-edicion-de-unisono-por-la-tv-publica\/"},"modified":"2021-06-02T14:19:02","modified_gmt":"2021-06-02T14:19:02","slug":"ariel-leyra-presenta-la-nueva-edicion-de-unisono-por-la-tv-publica","status":"publish","type":"post","link":"http:\/\/cordobadirecto.com\/index.php\/2021\/06\/02\/ariel-leyra-presenta-la-nueva-edicion-de-unisono-por-la-tv-publica\/","title":{"rendered":"Ariel Leyra presenta la nueva edici\u00f3n de &#8220;Un\u00edsono&#8221; por la TV P\u00fablica"},"content":{"rendered":"<div class=\"image\" id=\"image\" readability=\"8\"> <img src=\"http:\/\/cordobadirecto.com\/wp-content\/uploads\/2021\/06\/ariel-leyra-presenta-la-nueva-edicion-de-unisono-por-la-tv-publica.jpg\" alt=\"El cantautor Ariel Leyra ser\u00e1 el anfitri\u00f3n de &quot;Un\u00edsono&quot; este s\u00e1bado 5 de junio, a las 19.\" title=\"El cantautor Ariel Leyra ser\u00e1 el anfitri\u00f3n de &quot;Un\u00edsono&quot; este s\u00e1bado 5 de junio, a las 19.\"><\/p>\n<p>El cantautor Ariel Leyra ser\u00e1 el anfitri\u00f3n de &#8220;Un\u00edsono&#8221; este s\u00e1bado 5 de junio, a las 19.<\/p>\n<\/div>\n<p>El <strong>cantautor Ariel Leyra ser\u00e1 este s\u00e1bado 5 de junio, a las 19, el anfitri\u00f3n de &#8220;Un\u00edsono&#8221;<\/strong>, el programa realizado por el <strong>Instituto Nacional de la M\u00fasica (Inamu) y emitido por la TV P\u00fablica<\/strong>, en el que artistas de todo el pa\u00eds comparten sus trabajos.<\/p>\n<p>Esta entrega contar\u00e1 con la participaci\u00f3n de Mar\u00eda y Cosecha, de la ciudad de Buenos Aires; Lunfardo Tr\u00edo, de Neuqu\u00e9n; Leo Villagra, de Tucum\u00e1n; Guala, de la provincia de Buenos Aires; Nicol\u00e1s Chamorro, Mat\u00edas Rojas y Atilio Notargiacomo, de Entre R\u00edos; y Leandro Bonfiglio, de Santa Fe.<\/p>\n<p>Tambi\u00e9n habr\u00e1 una intervenci\u00f3n especial a trav\u00e9s de un video del Grupo de Entrenamiento en Comedia Musical.<\/p>\n<p>A lo largo de 68 emisiones, el ciclo, que se puso en marcha al inicio del Aislamiento Social Preventivo y Obligatorio (ASPO) por la pandemia de coronavirus, <strong>incluy\u00f3 el paso de m\u00e1s de 485 grupos y solistas de todo el territorio nacional de los m\u00e1s variados estilos<\/strong>. <\/p>\n","protected":false},"excerpt":{"rendered":"<p>El cantautor Ariel Leyra ser\u00e1 el anfitri\u00f3n de &#8220;Un\u00edsono&#8221; este s\u00e1bado 5 de junio, a las 19. El cantautor Ariel Leyra ser\u00e1 este s\u00e1bado 5 de junio, a las 19, el anfitri\u00f3n de &#8220;Un\u00edsono&#8221;, el programa realizado por el Instituto Nacional de la M\u00fasica (Inamu) y emitido por la TV P\u00fablica, en el que artistas [&hellip;]<\/p>\n","protected":false},"author":1,"featured_media":7488,"comment_status":"closed","ping_status":"closed","sticky":false,"template":"","format":"standard","meta":[],"categories":[20],"tags":[],"_links":{"self":[{"href":"http:\/\/cordobadirecto.com\/index.php\/wp-json\/wp\/v2\/posts\/7487"}],"collection":[{"href":"http:\/\/cordobadirecto.com\/index.php\/wp-json\/wp\/v2\/posts"}],"about":[{"href":"http:\/\/cordobadirecto.com\/index.php\/wp-json\/wp\/v2\/types\/post"}],"author":[{"embeddable":true,"href":"http:\/\/cordobadirecto.com\/index.php\/wp-json\/wp\/v2\/users\/1"}],"replies":[{"embeddable":true,"href":"http:\/\/cordobadirecto.com\/index.php\/wp-json\/wp\/v2\/comments?post=7487"}],"version-history":[{"count":0,"href":"http:\/\/cordobadirecto.com\/index.php\/wp-json\/wp\/v2\/posts\/7487\/revisions"}],"wp:featuredmedia":[{"embeddable":true,"href":"http:\/\/cordobadirecto.com\/index.php\/wp-json\/wp\/v2\/media\/7488"}],"wp:attachment":[{"href":"http:\/\/cordobadirecto.com\/index.php\/wp-json\/wp\/v2\/media?parent=7487"}],"wp:term":[{"taxonomy":"category","embeddable":true,"href":"http:\/\/cordobadirecto.com\/index.php\/wp-json\/wp\/v2\/categories?post=7487"},{"taxonomy":"post_tag","embeddable":true,"href":"http:\/\/cordobadirecto.com\/index.php\/wp-json\/wp\/v2\/tags?post=7487"}],"curies":[{"name":"wp","href":"https:\/\/api.w.org\/{rel}","templated":true}]}}