{"id":7516,"date":"2021-06-02T15:18:00","date_gmt":"2021-06-02T15:18:00","guid":{"rendered":"http:\/\/cordobadirecto.com\/index.php\/2021\/06\/02\/tenemos-que-ser-muy-cautelosos-dijo-boris-johnson-ante-la-reapertura-total\/"},"modified":"2021-06-02T15:18:00","modified_gmt":"2021-06-02T15:18:00","slug":"tenemos-que-ser-muy-cautelosos-dijo-boris-johnson-ante-la-reapertura-total","status":"publish","type":"post","link":"http:\/\/cordobadirecto.com\/index.php\/2021\/06\/02\/tenemos-que-ser-muy-cautelosos-dijo-boris-johnson-ante-la-reapertura-total\/","title":{"rendered":"&#8220;Tenemos que ser muy cautelosos&#8221;, dijo Boris Johnson ante la reapertura total"},"content":{"rendered":"<div class=\"image\" id=\"image\" readability=\"9\"> <img src=\"http:\/\/cordobadirecto.com\/wp-content\/uploads\/2021\/06\/tenemos-que-ser-muy-cautelosos-dijo-boris-johnson-ante-la-reapertura-total.jpg\" alt=\"&quot;Tenemos que ser muy cautelosos porque los datos sobre las tasas de infecci\u00f3n muestran un aumento&quot;, afirm\u00f3 Johnson.\" title=\"&quot;Tenemos que ser muy cautelosos porque los datos sobre las tasas de infecci\u00f3n muestran un aumento&quot;, afirm\u00f3 Johnson.\"><\/p>\n<p>&#8220;Tenemos que ser muy cautelosos porque los datos sobre las tasas de infecci\u00f3n muestran un aumento&#8221;, afirm\u00f3 Johnson.<\/p>\n<\/div>\n<p>&nbsp;<\/p>\n<p>El <strong>primer ministro brit\u00e1nico, Boris Johnson<\/strong>, asegur\u00f3 este mi\u00e9rcoles que los datos sobre los aumentos de casos de coronavirus siguen siendo ambiguos y aunque aclar\u00f3 que se mantiene <strong>por el momento el plan de flexibilizar la cuarentena el 21 de junio, indic\u00f3 que &#8220;es necesario esperar un poco m\u00e1s para tomar una decisi\u00f3n definitiva&#8221;<\/strong>.<\/p>\n<p>&#8220;No veo nada en los datos en este momento que signifique que no podamos seguir adelante con el cuarto paso de la apertura el 21 de junio. Pero tenemos que ser muy cautelosos porque los datos de la ONS (Oficina Nacional de Estad\u00edsticas) sobre las tasas de infecci\u00f3n muestran un aumento&#8221;, afirm\u00f3 Johnson en declaraciones a los medios locales.<\/p>\n<p>&#8220;Lo que tenemos que averiguar es hasta qu\u00e9 punto el programa de vacunaci\u00f3n nos ha protegido lo suficiente -sobre todo a las personas mayores y vulnerables contra un nuevo aumento&#8221;, afirm\u00f3 el premier.<\/p>\n<p><strong>Seg\u00fan Julian Tang, vir\u00f3logo consultor de la Universidad de Leicester, la hoja de ruta trazada por el Gobierno para levantar la cuarentena,deber\u00eda retrasarse ya que el virus ahora se est\u00e1 &#8220;multiplicando r\u00e1pidamente&#8221;.<\/strong><\/p>\n<p>&#8220;Si abre todo, ver\u00e1 un aumento mayor, entonces el Gobierno entrar\u00e1 en p\u00e1nico y cerrar\u00e1 todo de nuevo&#8221;, dijo a la cadena de televisi\u00f3n Sky News.<\/p>\n<p>Asegur\u00f3 que desde un punto de vista puramente virol\u00f3gico hay que saber qu\u00e9 se est\u00e1 haciendo ahora para controlar el virus en el futuro.<\/p>\n<p>&#8220;En alg\u00fan momento hay que abrirse, pero eso deber\u00eda suceder cuando<strong> al menos el 70% de la poblaci\u00f3n haya recibido dos dosis y el Gobierno tendr\u00e1 que decidir con qu\u00e9 nivel de virus podemos vivir<\/strong>&#8220;, subray\u00f3.<\/p>\n<p>&#8220;Los inmun\u00f3logos que sue\u00f1an con erradicar este virus solo est\u00e1n so\u00f1ando: los virus respiratorios son estacionales y ninguno fue erradicado&#8221;, sentenci\u00f3.<\/p>\n<div class=\"image\" id=\"image\" readability=\"9\"> <img src=\"http:\/\/cordobadirecto.com\/wp-content\/uploads\/2021\/06\/tenemos-que-ser-muy-cautelosos-dijo-boris-johnson-ante-la-reapertura-total-1.jpg\" alt=\"La mejora es el resultado de una campa\u00f1a de vacunaci\u00f3n masiva con la primera dosis a m\u00e1s 74,9% de la poblaci\u00f3n adulta.\" title=\"La mejora es el resultado de una campa\u00f1a de vacunaci\u00f3n masiva con la primera dosis a m\u00e1s 74,9% de la poblaci\u00f3n adulta.\"><\/p>\n<p>La mejora es el resultado de una campa\u00f1a de vacunaci\u00f3n masiva con la primera dosis a m\u00e1s 74,9% de la poblaci\u00f3n adulta.<\/p>\n<\/div>\n<p>&nbsp;<\/p>\n<p><strong>Este martes, el Reino Unido no registr\u00f3 ning\u00fan muerto por Covid-19, por primera vez desde fines de julio pasado <\/strong>gracias a una campa\u00f1a de vacunaci\u00f3n muy avanzada.<\/p>\n<p>Seg\u00fan el \u00faltimo balance oficial, el pa\u00eds contabiliz\u00f3 3.165 contagios adicionales en 24 horas, lo que lleva el total a casi 4,5 millones e indica un repunte de los casos respecto a las \u00faltimas semanas.<\/p>\n<p>Sin embargo, la ONS indic\u00f3 que la tasa de infecci\u00f3n sigue siendo &#8220;baja&#8221; respecto a momentos anteriores de la pandemia.<\/p>\n<p>Vacunaci\u00f3n masiva<\/p>\n<p>La mejora es el resultado de una campa\u00f1a de vacunaci\u00f3n masiva lanzada el 8 de diciembre que permiti\u00f3 administrar una primera dosis a m\u00e1s de <strong>39 millones de personas (74,9% de la poblaci\u00f3n adulta) y una segunda a m\u00e1s de 25 millones (48,9%)<\/strong>.<\/p>\n<p>Tras un largo y estricto tercer confinamiento este invierno, el Reino Unido est\u00e1 levantando progresivamente las restricciones.<\/p>\n<p>Pero la \u00faltima etapa de esta desescalada, prevista para el 21 de junio, se ve amenazada por el auge de la variante del coronavirus detectada originalmente en India y denominada por la OMS como Delta.<\/p>\n<p>Seg\u00fan la OMS, ya hay 3.424 casos confirmados de esta variante en el Reino Unido, m\u00e1s del doble del total de la semana anterior y existe evidencia de que la variante Delta puede ser m\u00e1s transmisible que la variante Kent, ahora conocida como Alpha, que surgi\u00f3 el a\u00f1o pasado en el Reino Unido, aunque los cient\u00edficos no est\u00e1n seguros de cu\u00e1nto. <\/p>\n","protected":false},"excerpt":{"rendered":"<p>&#8220;Tenemos que ser muy cautelosos porque los datos sobre las tasas de infecci\u00f3n muestran un aumento&#8221;, afirm\u00f3 Johnson. &nbsp; El primer ministro brit\u00e1nico, Boris Johnson, asegur\u00f3 este mi\u00e9rcoles que los datos sobre los aumentos de casos de coronavirus siguen siendo ambiguos y aunque aclar\u00f3 que se mantiene por el momento el plan de flexibilizar la [&hellip;]<\/p>\n","protected":false},"author":1,"featured_media":7517,"comment_status":"closed","ping_status":"closed","sticky":false,"template":"","format":"standard","meta":[],"categories":[24],"tags":[],"_links":{"self":[{"href":"http:\/\/cordobadirecto.com\/index.php\/wp-json\/wp\/v2\/posts\/7516"}],"collection":[{"href":"http:\/\/cordobadirecto.com\/index.php\/wp-json\/wp\/v2\/posts"}],"about":[{"href":"http:\/\/cordobadirecto.com\/index.php\/wp-json\/wp\/v2\/types\/post"}],"author":[{"embeddable":true,"href":"http:\/\/cordobadirecto.com\/index.php\/wp-json\/wp\/v2\/users\/1"}],"replies":[{"embeddable":true,"href":"http:\/\/cordobadirecto.com\/index.php\/wp-json\/wp\/v2\/comments?post=7516"}],"version-history":[{"count":0,"href":"http:\/\/cordobadirecto.com\/index.php\/wp-json\/wp\/v2\/posts\/7516\/revisions"}],"wp:featuredmedia":[{"embeddable":true,"href":"http:\/\/cordobadirecto.com\/index.php\/wp-json\/wp\/v2\/media\/7517"}],"wp:attachment":[{"href":"http:\/\/cordobadirecto.com\/index.php\/wp-json\/wp\/v2\/media?parent=7516"}],"wp:term":[{"taxonomy":"category","embeddable":true,"href":"http:\/\/cordobadirecto.com\/index.php\/wp-json\/wp\/v2\/categories?post=7516"},{"taxonomy":"post_tag","embeddable":true,"href":"http:\/\/cordobadirecto.com\/index.php\/wp-json\/wp\/v2\/tags?post=7516"}],"curies":[{"name":"wp","href":"https:\/\/api.w.org\/{rel}","templated":true}]}}