{"id":7522,"date":"2021-06-02T18:55:16","date_gmt":"2021-06-02T18:55:16","guid":{"rendered":"https:\/\/cordoba.gob.ar\/?p=9961"},"modified":"2021-06-02T18:55:16","modified_gmt":"2021-06-02T18:55:16","slug":"comenzo-el-primer-glocal-forum-de-turismo-y-desarrollo-economico","status":"publish","type":"post","link":"http:\/\/cordobadirecto.com\/index.php\/2021\/06\/02\/comenzo-el-primer-glocal-forum-de-turismo-y-desarrollo-economico\/","title":{"rendered":"Comenz\u00f3 el primer GLOCAL Forum de Turismo y Desarrollo Econ\u00f3mico"},"content":{"rendered":"<div><img src=\"http:\/\/cordobadirecto.com\/wp-content\/uploads\/2021\/06\/comenzo-el-primer-glocal-forum-de-turismo-y-desarrollo-economico.jpg\" class=\"ff-og-image-inserted\"><\/div>\n<p>La Municipalidad de C\u00f3rdoba junto a la Agencia C\u00f3rdoba Turismo, la Agencia para el Desarrollo Econ\u00f3mico de la Ciudad de C\u00f3rdoba (ADEC), la Federaci\u00f3n Sudamericana de Turismo, y Wanderlust Global Life organizan el I Foro GLOCAL de Turismo y Desarrollo Econ\u00f3mico.<\/p>\n<p>El evento de car\u00e1cter internacional que se lleva a cabo los d\u00edas 2 y 3 de junio, es el primer encuentro de referentes del turismo a nivel global y local. El mismo posibilita compartir distintas visiones, experiencias y pol\u00edticas, herramientas de innovaci\u00f3n, propuestas educativas y de formaci\u00f3n, con el fin de proyectar una reactivaci\u00f3n y renovaci\u00f3n de la actividad tur\u00edstica en el mundo.<\/p>\n<p>La iniciativa cuenta con una conferencia magistral, y cuatro paneles y mesas redondas con expositores de todo el mundo. Est\u00e1 destinado a Funcionarios de gobiernos locales, regionales y nacionales, \u00e1reas de turismo, transporte, educaci\u00f3n, innovaci\u00f3n, tecnolog\u00eda, empleo, infraestructura, migraciones y relaciones internacionales, organismos internacionales p\u00fablicos y privados, acad\u00e9micos de universidades de todo el mundo, profesionales y empresarios del sector.<\/p>\n<p>El acto de apertura estuvo encabezado por Johannes Krassnitzer, coordinador internacional de la iniciativa ART (Articulaci\u00f3n de redes territoriales para el desarrollo humano sostenible) del Programa de las Naciones Unidas para el Desarrollo (PNUD), Miguel Siciliano, Secretario de Gobierno de la Municipalidad de C\u00f3rdoba, Esteban Avil\u00e9s, Presidente de la Agencia C\u00f3rdoba Turismo de la Provincia de C\u00f3rdoba y Javier Basanta Chao, Vicepresidente 1\u00b0 de la Agencia para el Desarrollo Econ\u00f3mico de la Ciudad de C\u00f3rdoba (ADEC).<\/p>\n<p><em>\u201cDesde la Municipalidad de C\u00f3rdoba y la Secretar\u00eda de Gobierno contamos con las direcciones generales de Turismo y Promoci\u00f3n de la ciudad que en esta coyuntura permitieron una oportunidad de alta articulaci\u00f3n en temas que tienen que ver con la cultura, el patrimonio, el deporte, y diferentes mesas distritales. Con los ODS2030 como horizonte trazamos un importante proceso de di\u00e1logo con el sector privado, las c\u00e1maras y otros actores, para que meses tan dif\u00edciles el Municipio est\u00e9 presente dise\u00f1ando un futuro mejor\u201d<\/em>, expres\u00f3 el secretario de Gobierno, Miguel Siciliano.<\/p>\n","protected":false},"excerpt":{"rendered":"<p>La Municipalidad de C\u00f3rdoba junto a la Agencia C\u00f3rdoba Turismo, la Agencia para el Desarrollo Econ\u00f3mico de la Ciudad de C\u00f3rdoba (ADEC), la Federaci\u00f3n Sudamericana de Turismo, y Wanderlust Global Life organizan el I Foro GLOCAL de Turismo y Desarrollo Econ\u00f3mico. El evento de car\u00e1cter internacional que se lleva a cabo los d\u00edas 2 y [&hellip;]<\/p>\n","protected":false},"author":1,"featured_media":7523,"comment_status":"closed","ping_status":"closed","sticky":false,"template":"","format":"standard","meta":[],"categories":[44],"tags":[],"_links":{"self":[{"href":"http:\/\/cordobadirecto.com\/index.php\/wp-json\/wp\/v2\/posts\/7522"}],"collection":[{"href":"http:\/\/cordobadirecto.com\/index.php\/wp-json\/wp\/v2\/posts"}],"about":[{"href":"http:\/\/cordobadirecto.com\/index.php\/wp-json\/wp\/v2\/types\/post"}],"author":[{"embeddable":true,"href":"http:\/\/cordobadirecto.com\/index.php\/wp-json\/wp\/v2\/users\/1"}],"replies":[{"embeddable":true,"href":"http:\/\/cordobadirecto.com\/index.php\/wp-json\/wp\/v2\/comments?post=7522"}],"version-history":[{"count":0,"href":"http:\/\/cordobadirecto.com\/index.php\/wp-json\/wp\/v2\/posts\/7522\/revisions"}],"wp:featuredmedia":[{"embeddable":true,"href":"http:\/\/cordobadirecto.com\/index.php\/wp-json\/wp\/v2\/media\/7523"}],"wp:attachment":[{"href":"http:\/\/cordobadirecto.com\/index.php\/wp-json\/wp\/v2\/media?parent=7522"}],"wp:term":[{"taxonomy":"category","embeddable":true,"href":"http:\/\/cordobadirecto.com\/index.php\/wp-json\/wp\/v2\/categories?post=7522"},{"taxonomy":"post_tag","embeddable":true,"href":"http:\/\/cordobadirecto.com\/index.php\/wp-json\/wp\/v2\/tags?post=7522"}],"curies":[{"name":"wp","href":"https:\/\/api.w.org\/{rel}","templated":true}]}}