{"id":7524,"date":"2021-06-03T01:48:55","date_gmt":"2021-06-03T01:48:55","guid":{"rendered":"https:\/\/puntoapunto.com.ar\/?p=278831"},"modified":"2021-06-03T01:48:55","modified_gmt":"2021-06-03T01:48:55","slug":"infoterra","status":"publish","type":"post","link":"http:\/\/cordobadirecto.com\/index.php\/2021\/06\/03\/infoterra\/","title":{"rendered":"Infoterra"},"content":{"rendered":"<p><!-- image --><\/p>\n<div class=\"td-post-featured-image\"><a href=\"http:\/\/cordobadirecto.com\/wp-content\/uploads\/2021\/06\/infoterra.jpg\" data-caption><img loading=\"lazy\" width=\"667\" height=\"400\" class=\"entry-thumb td-modal-image\" src=\"http:\/\/cordobadirecto.com\/wp-content\/uploads\/2021\/06\/infoterra.jpg\" srcset=\"http:\/\/cordobadirecto.com\/wp-content\/uploads\/2021\/06\/infoterra.jpg 667w, http:\/\/cordobadirecto.com\/wp-content\/uploads\/2021\/06\/infoterra-1.jpg 300w, http:\/\/cordobadirecto.com\/wp-content\/uploads\/2021\/06\/infoterra-2.jpg 150w\" sizes=\"(max-width: 667px) 100vw, 667px\" alt title=\"ec99e253-6a02-4a76-a1d4-932fc9d87151\"><\/a><\/div>\n<p> <!-- content --><\/p>\n<div class=\"td-a-rec td-a-rec-id-content_top tdi_73_796 td_block_template_10\">\n<div class=\"g g-34\">\n<div class=\"g-single a-299\"><a class=\"gofollow\" data-track=\"Mjk5LDM0LDEsNjA=\" href=\"http:\/\/www.grupocanter.com.ar\/landing\/pap\/?utm_source=Punto%20a%20Punto&amp;utm_medium=Banner&amp;utm_campaign=Departamentos&amp;utm_term=Banner%20Pie%20de%20Nota\"><img src=\"http:\/\/cordobadirecto.com\/wp-content\/uploads\/2021\/06\/infoterra.gif\"><\/a><\/div>\n<\/div>\n<\/div>\n<h4><strong>\u00bfC\u00f3mo se encuentra la empresa hoy?<\/strong><\/h4>\n<p>\u201cParad\u00f3jicamente, podemos decir que nuestra empresa hoy se encuentra consolidada. La pandemia si bien es una realidad no deseada, nos puso en guardia y en un <a href=\"https:\/\/puntoapunto.com.ar\/tag\/ritmo\/\" class=\"st_tag internal_tag\" rel=\"tag\" title=\"Posts tagged with ritmo\">ritmo<\/a>, quiz\u00e1s como una estrategia defensiva y de supervivencia, pero que nos llev\u00f3 a una transformaci\u00f3n y superaci\u00f3n, que no esper\u00e1bamos en los plazos que ten\u00edamos\u201d.<\/p>\n<h5><strong>Entrevista a Clemente Hidalgo Medina, director de Infoterra<\/strong><\/h5>\n<p>\u201cEstamos en condiciones de fijar nuestra impronta en la comercializaci\u00f3n de<br \/>productos inmobiliarios\u201d<\/p>\n<p><strong>\u2013 \u00bfCu\u00e1les son los principales ejes de trabajo en los cuales est\u00e1n haciendo foco?<\/strong><\/p>\n<p>\u2013 Nos enfocamos en dos aspectos principalmente: Por un lado, nuestro core-business, que son los loteos, sobre todo en las Sierras de C\u00f3rdoba y en segundo lugar en la organizaci\u00f3n integral de nuestra empresa, que hoy se presenta con una propuesta diferente en el mercado.<\/p>\n<p><strong>\u2013 \u00bfC\u00f3mo fue el proceso de adecuaci\u00f3n a esta nueva realidad signada por el Covid19?<\/strong><\/p>\n<p>\u2013 El proceso no fue sencillo, pero nos oblig\u00f3 a multiplicar recursos para ganar menos y sostenernos al principio, pero una vez que aprendimos a surfear comercialmente en el mundo digital, encontramos nuestro espacio dentro del mismo y hoy estamos en condiciones de fijar nuestra impronta en la comercializaci\u00f3n de bienes ra\u00edces en general.<\/p>\n<p><strong>\u2013 \u00bfC\u00f3mo siguen los emprendimientos que est\u00e1n desarrollando y\/o comercializando?<\/strong><\/p>\n<p>\u2013 Afortunadamente, nunca dejaron de crecer, la curva de resultados es ascendente, no de manera exagerada, pero no se corta ni cae, lo cual es mucho en estas \u00e9pocas. Seguimos sumando aliados y creciendo en las <a href=\"https:\/\/puntoapunto.com.ar\/tag\/ventas\/\" class=\"st_tag internal_tag\" rel=\"tag\" title=\"Posts tagged with ventas\">ventas<\/a>. De all\u00ed que nuestro lema sea: \u201cProyectando Buenas Ra\u00edces\u201d.<\/p>\n<p><strong>\u2013 \u00bfC\u00f3mo se encuentra el nivel de actividad actual? \u00bfPerspectivas?<\/strong><\/p>\n<p>\u2013 Nuestro nivel de actividad es satisfactorio, gracias al esfuerzo de un equipo muy comprometido. No obstante, como buenos emprendedores, tanto nosotros como nuestros asociados aspiramos a m\u00e1s y las perspectivas y los indicadores que venimos midiendo indican de que estamos en el <a href=\"https:\/\/puntoapunto.com.ar\/tag\/camino\/\" class=\"st_tag internal_tag\" rel=\"tag\" title=\"Posts tagged with camino\">camino<\/a> que nos permitir\u00e1 seguir creciendo.<\/p>\n<p><strong>\u2013 \u00bfPrincipales planes y proyectos?<\/strong><\/p>\n<p>\u2013 Estamos con varios emprendimientos a punto y otros en estado embrional, pero que se incorporar\u00e1n en lo que resta de este a\u00f1o, a nuestra cartera de productos. Por otra parte, iniciamos un proceso de inserci\u00f3n a distintos mercados, a partir de una estrategia de comunicaci\u00f3n, hecha a la medida de nuestra Organizaci\u00f3n, que inclusive contar\u00e1 con espacios propios en algunos medios.<\/p>\n<h4><strong>La clave del a\u00f1o<\/strong><\/h4>\n<p>\u201cLa clave de este a\u00f1o es la excelencia en la comunicaci\u00f3n, de lo que ofrecemos, tanto a nuestros potenciales clientes como a aquellos que nos conf\u00edan el desarrollo de sus productos. Hemos descubierto que, en estas \u00e9pocas, la objetividad y pertinencia de las distintas propuestas, son en s\u00ed mismas una verdadera propuesta de valor de las empresas\u201d.<\/p>\n<h4><strong>Ejecutivos<\/strong><\/h4>\n<ul>\n<li>Clemente Hidalgo Medina \u2013 Director<\/li>\n<li>Pablo Yrizarre \u2013 Director<\/li>\n<\/ul>\n<h4><strong>Datos<\/strong><\/h4>\n<ul>\n<li>V\u00e9lez Sarsfield 745<\/li>\n<li>(0<a href=\"https:\/\/puntoapunto.com.ar\/tag\/3\/\" class=\"st_tag internal_tag\" rel=\"tag\" title=\"Posts tagged with 3\">3<\/a>51) 6<a href=\"https:\/\/puntoapunto.com.ar\/tag\/60\/\" class=\"st_tag internal_tag\" rel=\"tag\" title=\"Posts tagged with 60\">60<\/a>-5618<\/li>\n<li>C\u00f3rdoba<\/li>\n<li>contacto@infoterra.com.ar<\/li>\n<li>www.infoterra.com.ar<\/li>\n<li>Facebook: infoterra.cba<\/li>\n<li>Instagram: @infoterra.cba<\/li>\n<\/ul>\n<p>No tags for this post. <!-- A generated by theme --> <!-- end A --> <\/p>\n","protected":false},"excerpt":{"rendered":"<p>\u00bfC\u00f3mo se encuentra la empresa hoy? \u201cParad\u00f3jicamente, podemos decir que nuestra empresa hoy se encuentra consolidada. La pandemia si bien es una realidad no deseada, nos puso en guardia y en un ritmo, quiz\u00e1s como una estrategia defensiva y de supervivencia, pero que nos llev\u00f3 a una transformaci\u00f3n y superaci\u00f3n, que no esper\u00e1bamos en los [&hellip;]<\/p>\n","protected":false},"author":1,"featured_media":7525,"comment_status":"closed","ping_status":"closed","sticky":false,"template":"","format":"standard","meta":[],"categories":[25],"tags":[],"_links":{"self":[{"href":"http:\/\/cordobadirecto.com\/index.php\/wp-json\/wp\/v2\/posts\/7524"}],"collection":[{"href":"http:\/\/cordobadirecto.com\/index.php\/wp-json\/wp\/v2\/posts"}],"about":[{"href":"http:\/\/cordobadirecto.com\/index.php\/wp-json\/wp\/v2\/types\/post"}],"author":[{"embeddable":true,"href":"http:\/\/cordobadirecto.com\/index.php\/wp-json\/wp\/v2\/users\/1"}],"replies":[{"embeddable":true,"href":"http:\/\/cordobadirecto.com\/index.php\/wp-json\/wp\/v2\/comments?post=7524"}],"version-history":[{"count":0,"href":"http:\/\/cordobadirecto.com\/index.php\/wp-json\/wp\/v2\/posts\/7524\/revisions"}],"wp:featuredmedia":[{"embeddable":true,"href":"http:\/\/cordobadirecto.com\/index.php\/wp-json\/wp\/v2\/media\/7525"}],"wp:attachment":[{"href":"http:\/\/cordobadirecto.com\/index.php\/wp-json\/wp\/v2\/media?parent=7524"}],"wp:term":[{"taxonomy":"category","embeddable":true,"href":"http:\/\/cordobadirecto.com\/index.php\/wp-json\/wp\/v2\/categories?post=7524"},{"taxonomy":"post_tag","embeddable":true,"href":"http:\/\/cordobadirecto.com\/index.php\/wp-json\/wp\/v2\/tags?post=7524"}],"curies":[{"name":"wp","href":"https:\/\/api.w.org\/{rel}","templated":true}]}}