{"id":7535,"date":"2021-06-03T11:32:00","date_gmt":"2021-06-03T11:32:00","guid":{"rendered":"http:\/\/cordobadirecto.com\/index.php\/2021\/06\/03\/italia-comenzara-a-vacunar-a-mayores-de-12-anos-en-algunas-regiones\/"},"modified":"2021-06-03T11:32:00","modified_gmt":"2021-06-03T11:32:00","slug":"italia-comenzara-a-vacunar-a-mayores-de-12-anos-en-algunas-regiones","status":"publish","type":"post","link":"http:\/\/cordobadirecto.com\/index.php\/2021\/06\/03\/italia-comenzara-a-vacunar-a-mayores-de-12-anos-en-algunas-regiones\/","title":{"rendered":"Italia comenzar\u00e1 a vacunar a mayores de 12 a\u00f1os en algunas regiones"},"content":{"rendered":"<div class=\"image\" id=\"image\" readability=\"8\"> <img src=\"http:\/\/cordobadirecto.com\/wp-content\/uploads\/2021\/06\/italia-comenzara-a-vacunar-a-mayores-de-12-anos-en-algunas-regiones.jpg\" alt=\"Italia inici\u00f3 a fines de marzo una flexibilizaci\u00f3n gradual de las restricciones a la movilidad y a las actividades comerciales\" title=\"Italia inici\u00f3 a fines de marzo una flexibilizaci\u00f3n gradual de las restricciones a la movilidad y a las actividades comerciales\"><\/p>\n<p>Italia inici\u00f3 a fines de marzo una flexibilizaci\u00f3n gradual de las restricciones a la movilidad y a las actividades comerciales<\/p>\n<\/div>\n<p>Cuatro regiones italianas, entre ellas el motor econ\u00f3mico Lombard\u00eda, iniciaron este jueves la entrega de turnos para vacunaci\u00f3n contra el coronavirus a personas de entre 12 y 15 a\u00f1os, mientras <strong>el resto del pa\u00eds abre la inoculaci\u00f3n a todos los mayores de edad.<\/strong><\/p>\n<p><strong>Lombard\u00eda, V\u00e9neto, Campania y Calabria comenzaron este jueves a dar turnos a personas de entre 12 y 15 a\u00f1os<\/strong>, luego de la autorizaci\u00f3n de la agencia farmacol\u00f3gica nacional para que esa franja de edad pueda recibir la vacuna de la firma Pfizer.<\/p>\n<p>Seg\u00fan informa el diario Repubblica, el resto de las regiones prev\u00e9 abrir la semana pr\u00f3xima la vacunaci\u00f3n a los j\u00f3venes de 12 a 15 a\u00f1os, considerada una franja &#8220;muy importante&#8221; por el ministro de Salud, Roberto Speranza, de cara a la reapertura del ciclo escolar de septiembre, tras el receso estival.<\/p>\n<p>A partir de este jueves<strong> Italia tambi\u00e9n permite la vacunaci\u00f3n en empresas de todo el pa\u00eds,<\/strong> <strong>en b\u00fasqueda de acelerar la recuperaci\u00f3n econ\u00f3mica tras la ca\u00edda de 8,8% del Producto Bruto Interno<\/strong> (PBI) de 2020, y con el objetivo de lograr un rebote de &#8220;m\u00e1s de 4%&#8221; este a\u00f1o, seg\u00fan las proyecciones oficiales.<\/p>\n<p>En regiones como Lacio, donde se encuentra la capital Roma, se inici\u00f3 tambi\u00e9n con la vacunaci\u00f3n en centros comerciales.<\/p>\n<p>Hasta el momento, <strong>Italia complet\u00f3 el ciclo de vacunaci\u00f3n a 12.397.459 personas, el 22,85% de la poblaci\u00f3n mayor de 12 a\u00f1os,<\/strong> seg\u00fan el informe oficial a primera hora de este jueves.<\/p>\n<p>Italia inici\u00f3 a fines de marzo una flexibilizaci\u00f3n gradual de las restricciones a la movilidad y a las actividades comerciales, en medio de una campa\u00f1a de vacunaci\u00f3n que<strong> suministra m\u00e1s de 500.000 dosis diarias.<\/strong><\/p>\n<p>En los \u00faltimos dos d\u00edas, el pa\u00eds registr\u00f3 una tasa de 1,1% y 1,2% casos positivos de coronavirus cada 100 test hechos a nivel nacional, los n\u00fameros m\u00e1s bajos desde el inicio de la pandemia. <\/p>\n","protected":false},"excerpt":{"rendered":"<p>Italia inici\u00f3 a fines de marzo una flexibilizaci\u00f3n gradual de las restricciones a la movilidad y a las actividades comerciales Cuatro regiones italianas, entre ellas el motor econ\u00f3mico Lombard\u00eda, iniciaron este jueves la entrega de turnos para vacunaci\u00f3n contra el coronavirus a personas de entre 12 y 15 a\u00f1os, mientras el resto del pa\u00eds abre [&hellip;]<\/p>\n","protected":false},"author":1,"featured_media":7536,"comment_status":"closed","ping_status":"closed","sticky":false,"template":"","format":"standard","meta":[],"categories":[24],"tags":[],"_links":{"self":[{"href":"http:\/\/cordobadirecto.com\/index.php\/wp-json\/wp\/v2\/posts\/7535"}],"collection":[{"href":"http:\/\/cordobadirecto.com\/index.php\/wp-json\/wp\/v2\/posts"}],"about":[{"href":"http:\/\/cordobadirecto.com\/index.php\/wp-json\/wp\/v2\/types\/post"}],"author":[{"embeddable":true,"href":"http:\/\/cordobadirecto.com\/index.php\/wp-json\/wp\/v2\/users\/1"}],"replies":[{"embeddable":true,"href":"http:\/\/cordobadirecto.com\/index.php\/wp-json\/wp\/v2\/comments?post=7535"}],"version-history":[{"count":0,"href":"http:\/\/cordobadirecto.com\/index.php\/wp-json\/wp\/v2\/posts\/7535\/revisions"}],"wp:featuredmedia":[{"embeddable":true,"href":"http:\/\/cordobadirecto.com\/index.php\/wp-json\/wp\/v2\/media\/7536"}],"wp:attachment":[{"href":"http:\/\/cordobadirecto.com\/index.php\/wp-json\/wp\/v2\/media?parent=7535"}],"wp:term":[{"taxonomy":"category","embeddable":true,"href":"http:\/\/cordobadirecto.com\/index.php\/wp-json\/wp\/v2\/categories?post=7535"},{"taxonomy":"post_tag","embeddable":true,"href":"http:\/\/cordobadirecto.com\/index.php\/wp-json\/wp\/v2\/tags?post=7535"}],"curies":[{"name":"wp","href":"https:\/\/api.w.org\/{rel}","templated":true}]}}