{"id":7537,"date":"2021-06-03T11:06:02","date_gmt":"2021-06-03T11:06:02","guid":{"rendered":"http:\/\/www.bbc.com\/mundo\/noticias-america-latina-57242719"},"modified":"2021-06-03T11:06:02","modified_gmt":"2021-06-03T11:06:02","slug":"como-llego-chile-a-tener-la-mayor-comunidad-de-palestinos-fuera-del-mundo-arabe","status":"publish","type":"post","link":"http:\/\/cordobadirecto.com\/index.php\/2021\/06\/03\/como-llego-chile-a-tener-la-mayor-comunidad-de-palestinos-fuera-del-mundo-arabe\/","title":{"rendered":"C\u00f3mo lleg\u00f3 Chile a tener la mayor comunidad de palestinos fuera del mundo \u00e1rabe"},"content":{"rendered":"<div dir=\"ltr\" class=\"e1j2237y5 bbc-q4ibpr e57qer20\">\n<div class=\"bbc-1atl7vu e1c9i7u14\">\n<ul role=\"list\" class=\"bbc-cdrraw e1c9i7u12\">\n<li role=\"listitem\" class=\"bbc-1a3w4ok e1c9i7u11\">Redacci\u00f3n <\/li>\n<li role=\"listitem\" class=\"bbc-1p92jtu e1c9i7u10\">BBC News Mundo<\/li>\n<\/ul>\n<\/div>\n<\/div>\n<p><time datetime=\"2021-06-03\" class=\"bbc-14xtggo e4zesg50\">3 horas<\/time><\/p>\n<div dir=\"ltr\" class=\"bbc-1ka88fa e57qer20\">\n<figure class=\"bbc-1qdcvv9 e6bmn90\">\n<div dir=\"ltr\" class=\"bbc-172p16q e57qer20\">\n<div dir=\"ltr\" class=\"bbc-189y18v e57qer20\" readability=\"6.5\">\n<div data-e2e=\"image-placeholder\" class=\"bbc-1k5hvrj e1whu0\" readability=\"8\"><img srcset=\"http:\/\/cordobadirecto.com\/wp-content\/uploads\/2021\/06\/como-llego-chile-a-tener-la-mayor-comunidad-de-palestinos-fuera-del-mundo-arabe-7.jpg 240w, http:\/\/cordobadirecto.com\/wp-content\/uploads\/2021\/06\/como-llego-chile-a-tener-la-mayor-comunidad-de-palestinos-fuera-del-mundo-arabe-8.jpg 320w, http:\/\/cordobadirecto.com\/wp-content\/uploads\/2021\/06\/como-llego-chile-a-tener-la-mayor-comunidad-de-palestinos-fuera-del-mundo-arabe-9.jpg 480w, http:\/\/cordobadirecto.com\/wp-content\/uploads\/2021\/06\/como-llego-chile-a-tener-la-mayor-comunidad-de-palestinos-fuera-del-mundo-arabe-10.jpg 624w, http:\/\/cordobadirecto.com\/wp-content\/uploads\/2021\/06\/como-llego-chile-a-tener-la-mayor-comunidad-de-palestinos-fuera-del-mundo-arabe-11.jpg 800w\" alt=\"Mujer de origen palestino lleva la bandera de su pa\u00eds en la frente.\" src=\"http:\/\/cordobadirecto.com\/wp-content\/uploads\/2021\/06\/como-llego-chile-a-tener-la-mayor-comunidad-de-palestinos-fuera-del-mundo-arabe.jpg\" width=\"976\" class=\"bbc-fat2bc e1enwo3v0\"><\/p>\n<p role=\"text\" class=\"bbc-1s1cxbv etq3yw90\"><span class=\"bbc-1gnhmg2 e1yt7oin0\">Fuente de la imagen, <\/span><span lang=\"en-GB\">Getty Images<\/span><\/p>\n<\/div>\n<\/div>\n<div dir=\"ltr\" class=\"bbc-3edg7g e57qer20\" readability=\"7\"><figcaption dir=\"ltr\" class=\"bbc-1t9zlwf eede9f50\" readability=\"4\"><span class=\"bbc-1gnhmg2 e1yt7oin0\">Pie de foto, <\/span><\/p>\n<p>En Chile, una mujer protesta a favor de Palestina durante el conflicto con Israel que estall\u00f3 el 10 de mayo pasado.<\/p>\n<\/figcaption><\/div>\n<\/div>\n<\/figure>\n<\/div>\n<div dir=\"ltr\" class=\"bbc-19j92fr e57qer20\" readability=\"10\">\n<p dir=\"ltr\" class=\"bbc-bm53ic e1cc2ql70\"><b>Una imagen proyectada en un imponente edificio en el centro de la capital chilena, Santiago, llam\u00f3 la atenci\u00f3n entre sus habitantes el martes 18 de mayo por la noche. <\/b><\/p>\n<\/div>\n<div dir=\"ltr\" class=\"bbc-19j92fr e57qer20\" readability=\"9\">\n<p dir=\"ltr\" class=\"bbc-bm53ic e1cc2ql70\"><b>&#8220;Salvemos palestina&#8221;<\/b>, dec\u00eda el mensaje que pod\u00eda ser observado desde distintos puntos de la ciudad. <\/p>\n<\/div>\n<div dir=\"ltr\" class=\"bbc-19j92fr e57qer20\" readability=\"10\">\n<p dir=\"ltr\" class=\"bbc-bm53ic e1cc2ql70\">Al mismo tiempo, extensas caravanas de autos tocando bocinas y diversas agrupaciones sujetando banderas y pancartas hac\u00edan visible el fuerte apoyo al pueblo palestino que se dio en Chile durante los 11 d\u00edas de enfrentamientos entre este Estado e Israel. <\/p>\n<\/div>\n<div dir=\"ltr\" class=\"bbc-19j92fr e57qer20\" readability=\"14\">\n<p dir=\"ltr\" class=\"bbc-bm53ic e1cc2ql70\">El conflicto estall\u00f3 el 10 de mayo pasado con decenas de ataques a\u00e9reos de Israel sobre la <b>Franja de Gaza<\/b>, lo que dej\u00f3 un saldo de 248 muertos, incluidos 66 ni\u00f1os, y casi 2.000 heridos, adem\u00e1s de numerosas \u00e1reas reducidas a escombros. Los cohetes de Ham\u00e1s dejaron 12 fallecidos en territorio israel\u00ed. <\/p>\n<\/div>\n<div dir=\"ltr\" class=\"bbc-19j92fr e57qer20\" readability=\"11\">\n<p dir=\"ltr\" class=\"bbc-bm53ic e1cc2ql70\">A 13 mil kil\u00f3metros de distancia, la comunidad palestina en Chile segu\u00eda de cerca la disputa, muchos de ellos consternados por sus propios familiares que deb\u00edan ser rescatados de entre edificios bombardeados. <\/p>\n<\/div>\n<div dir=\"ltr\" class=\"bbc-19j92fr e57qer20\" readability=\"8\">\n<p dir=\"ltr\" class=\"bbc-bm53ic e1cc2ql70\">No es la primera vez que en el pa\u00eds sudamericano se produce un apoyo tan masivo a Palestina como el que se vio en esos d\u00edas. <\/p>\n<\/div>\n<div dir=\"ltr\" class=\"bbc-1ka88fa e57qer20\">\n<figure class=\"bbc-1qdcvv9 e6bmn90\">\n<div dir=\"ltr\" class=\"bbc-172p16q e57qer20\">\n<div dir=\"ltr\" class=\"bbc-189y18v e57qer20\" readability=\"6.5\">\n<div data-e2e=\"image-placeholder\" class=\"bbc-1k5hvrj e1whu0\" readability=\"8\"><noscript><img srcset=\"http:\/\/cordobadirecto.com\/wp-content\/uploads\/2021\/06\/como-llego-chile-a-tener-la-mayor-comunidad-de-palestinos-fuera-del-mundo-arabe-12.jpg 240w, http:\/\/cordobadirecto.com\/wp-content\/uploads\/2021\/06\/como-llego-chile-a-tener-la-mayor-comunidad-de-palestinos-fuera-del-mundo-arabe-13.jpg 320w, http:\/\/cordobadirecto.com\/wp-content\/uploads\/2021\/06\/como-llego-chile-a-tener-la-mayor-comunidad-de-palestinos-fuera-del-mundo-arabe-14.jpg 480w, http:\/\/cordobadirecto.com\/wp-content\/uploads\/2021\/06\/como-llego-chile-a-tener-la-mayor-comunidad-de-palestinos-fuera-del-mundo-arabe-15.jpg 624w, http:\/\/cordobadirecto.com\/wp-content\/uploads\/2021\/06\/como-llego-chile-a-tener-la-mayor-comunidad-de-palestinos-fuera-del-mundo-arabe-16.jpg 800w\" alt=\"El edificio Torre Telef\u00f3nica, ubicado en Plaza Italia, en el centro de Santiago, fue iluminado con la frase &quot;Salvemos Palestina&quot; el martes 18 de mayo.\" src=\"http:\/\/cordobadirecto.com\/wp-content\/uploads\/2021\/06\/como-llego-chile-a-tener-la-mayor-comunidad-de-palestinos-fuera-del-mundo-arabe-1.jpg\" width=\"976\" class=\"bbc-fat2bc e1enwo3v0\"><\/noscript><\/p>\n<p role=\"text\" class=\"bbc-1s1cxbv etq3yw90\"><span class=\"bbc-1gnhmg2 e1yt7oin0\">Fuente de la imagen, <\/span><span lang=\"en-GB\">Joaqu\u00edn Grau<\/span><\/p>\n<\/div>\n<\/div>\n<div dir=\"ltr\" class=\"bbc-3edg7g e57qer20\" readability=\"8\"><figcaption dir=\"ltr\" class=\"bbc-1t9zlwf eede9f50\" readability=\"6\"><span class=\"bbc-1gnhmg2 e1yt7oin0\">Pie de foto, <\/span><\/p>\n<p>El edificio Torre Telef\u00f3nica, ubicado en Plaza Italia, en el centro de Santiago, fue iluminado con la frase &#8220;Salvemos Palestina&#8221; el martes 18 de mayo.<\/p>\n<\/figcaption><\/div>\n<\/div>\n<\/figure>\n<\/div>\n<div dir=\"ltr\" class=\"bbc-19j92fr e57qer20\" readability=\"9\">\n<p dir=\"ltr\" class=\"bbc-bm53ic e1cc2ql70\">\u00bfLa explicaci\u00f3n? Seg\u00fan varias investigaciones y estudios, Chile cuenta con la comunidad de palestinos <b>m\u00e1s numerosa \u2014y una de las m\u00e1s antiguas\u2014 fuera de Medio Oriente<\/b>. <\/p>\n<\/div>\n<div dir=\"ltr\" class=\"bbc-19j92fr e57qer20\" readability=\"9\">\n<p dir=\"ltr\" class=\"bbc-bm53ic e1cc2ql70\">A pesar de que es dif\u00edcil saber con exactitud cu\u00e1ntos son realmente, la Federaci\u00f3n Palestina de Chile asegura que hoy superan las <b>500 mil personas. <\/b><\/p>\n<\/div>\n<div dir=\"ltr\" class=\"bbc-19j92fr e57qer20\" readability=\"8\">\n<p dir=\"ltr\" class=\"bbc-bm53ic e1cc2ql70\">Pero \u00bfc\u00f3mo lleg\u00f3 a suceder algo as\u00ed? \u00bfPor qu\u00e9 esta comunidad decidi\u00f3 radicarse en un pa\u00eds tan lejano del resto del mundo? <\/p>\n<\/div>\n<p><h2 id=\"Por-qu\u00e9-Chile\" tabindex=\"-1\" class=\"bbc-l3e97o e14hemmw0\">\u00bfPor qu\u00e9 Chile?<\/h2>\n<\/p>\n<div dir=\"ltr\" class=\"bbc-19j92fr e57qer20\" readability=\"8\">\n<p dir=\"ltr\" class=\"bbc-bm53ic e1cc2ql70\">Para entender el fen\u00f3meno migratorio palestino a Chile, hay que retroceder a fines del siglo XIX.<\/p>\n<\/div>\n<div dir=\"ltr\" class=\"bbc-19j92fr e57qer20\" readability=\"16\">\n<p dir=\"ltr\" class=\"bbc-bm53ic e1cc2ql70\">La regi\u00f3n de Palestina, entre el r\u00edo Jord\u00e1n y el mar Mediterr\u00e1neo, considerada sagrada para musulmanes, jud\u00edos y cat\u00f3licos, pertenec\u00eda por aquellos a\u00f1os al<b> Imperio Otomano.<\/b> Pero una fuerte inmigraci\u00f3n jud\u00eda, fomentada por las aspiraciones sionistas, comenzaba a generar resistencia entre las comunidades.<\/p>\n<\/div>\n<div dir=\"ltr\" class=\"bbc-19j92fr e57qer20\" readability=\"14\">\n<p dir=\"ltr\" class=\"bbc-bm53ic e1cc2ql70\">&#8220;La salida de palestinos, sirios y libaneses se da en medio de una situaci\u00f3n de crisis econ\u00f3mica, decadencia del Imperio Otomano y represi\u00f3n a los primeros movimientos nacionalistas \u00e1rabes en la zona&#8221;, le explica a BBC Mundo <b>Ricardo Marzuca<\/b>, acad\u00e9mico del Centro de Estudios \u00c1rabes de la Universidad de Chile. <\/p>\n<\/div>\n<div dir=\"ltr\" class=\"bbc-19j92fr e57qer20\" readability=\"7\">\n<p dir=\"ltr\" class=\"bbc-bm53ic e1cc2ql70\">Am\u00e9rica era visto por esta comunidad como un &#8220;mundo nuevo&#8221; lleno de oportunidades.<\/p>\n<\/div>\n<div dir=\"ltr\" class=\"bbc-19j92fr e57qer20\" readability=\"12\">\n<p dir=\"ltr\" class=\"bbc-bm53ic e1cc2ql70\">De esta manera, muchos j\u00f3venes palestinos siguieron la ruta a Europa y por mar a <b>Buenos Aires.<\/b> Pero en vez de quedarse en la capital argentina, m\u00e1s rica y europeizada, algunos prefirieron cruzar los Andes y seguir hacia Chile.<\/p>\n<\/div>\n<div dir=\"ltr\" class=\"bbc-19j92fr e57qer20\" readability=\"13\">\n<p dir=\"ltr\" class=\"bbc-bm53ic e1cc2ql70\">Entre 1885 y 1940, los \u00e1rabes sumaban entre <b>8.000 y 10.000 personas en Chile<\/b>, seg\u00fan el libro &#8220;El mundo \u00e1rabe y Am\u00e9rica Latina&#8221;, la mitad de ellos palestinos que en su mayor\u00eda proven\u00edan de solo tres localidades: Bel\u00e9n, Beit Jala y Beit Sahour.<\/p>\n<\/div>\n<div dir=\"ltr\" class=\"bbc-19j92fr e57qer20\" readability=\"13\">\n<p dir=\"ltr\" class=\"bbc-bm53ic e1cc2ql70\">Pero luego vino una segunda ola migratoria, a\u00fan m\u00e1s importante, tras la Primera y Segunda Guerra Mundial, donde se produjo la desintegraci\u00f3n del Imperio Otomano y la creaci\u00f3n de Israel, el <b>14 de mayo de 1948.<\/b><\/p>\n<\/div>\n<div dir=\"ltr\" class=\"bbc-19j92fr e57qer20\" readability=\"15\">\n<p dir=\"ltr\" class=\"bbc-bm53ic e1cc2ql70\">Desde ese momento, debido al aumento de la tensi\u00f3n en el territorio, para los palestinos comenz\u00f3 la <b>Nakba<\/b>, la llamada &#8220;destrucci\u00f3n&#8221; o &#8220;cat\u00e1strofe&#8221;: el inicio de la tragedia nacional. Y fue entonces cuando, consideran, alrededor de <b>750.000<\/b> palestinos huyeron a otros pa\u00edses o fueron expulsados por tropas jud\u00edas. <\/p>\n<\/div>\n<div dir=\"ltr\" class=\"bbc-19j92fr e57qer20\" readability=\"12\">\n<p dir=\"ltr\" class=\"bbc-bm53ic e1cc2ql70\">Al igual que otros pa\u00edses j\u00f3venes, Chile necesitaba de inmigrantes para afianzar su econom\u00eda y controlar el territorio. Y aunque la \u00e9lite chilena apost\u00f3 siempre por los europeos \u2014a quienes desde principios del siglo XIX ofrec\u00eda tierras y derechos\u2014, \u00e1rabes y palestinos apostaron por esta naci\u00f3n sudamericana.<\/p>\n<\/div>\n<div dir=\"ltr\" class=\"bbc-1ka88fa e57qer20\">\n<figure class=\"bbc-1qdcvv9 e6bmn90\">\n<div dir=\"ltr\" class=\"bbc-172p16q e57qer20\">\n<div dir=\"ltr\" class=\"bbc-189y18v e57qer20\" readability=\"6.5\">\n<div data-e2e=\"image-placeholder\" class=\"bbc-1k5hvrj e1whu0\" readability=\"8\"><noscript><img srcset=\"http:\/\/cordobadirecto.com\/wp-content\/uploads\/2021\/06\/como-llego-chile-a-tener-la-mayor-comunidad-de-palestinos-fuera-del-mundo-arabe-17.jpg 240w, http:\/\/cordobadirecto.com\/wp-content\/uploads\/2021\/06\/como-llego-chile-a-tener-la-mayor-comunidad-de-palestinos-fuera-del-mundo-arabe-18.jpg 320w, http:\/\/cordobadirecto.com\/wp-content\/uploads\/2021\/06\/como-llego-chile-a-tener-la-mayor-comunidad-de-palestinos-fuera-del-mundo-arabe-19.jpg 480w, http:\/\/cordobadirecto.com\/wp-content\/uploads\/2021\/06\/como-llego-chile-a-tener-la-mayor-comunidad-de-palestinos-fuera-del-mundo-arabe-20.jpg 624w, http:\/\/cordobadirecto.com\/wp-content\/uploads\/2021\/06\/como-llego-chile-a-tener-la-mayor-comunidad-de-palestinos-fuera-del-mundo-arabe-21.jpg 800w\" alt=\"Palestinos en Chile\" src=\"http:\/\/cordobadirecto.com\/wp-content\/uploads\/2021\/06\/como-llego-chile-a-tener-la-mayor-comunidad-de-palestinos-fuera-del-mundo-arabe-2.jpg\" width=\"976\" class=\"bbc-fat2bc e1enwo3v0\"><\/noscript><\/p>\n<p role=\"text\" class=\"bbc-1s1cxbv etq3yw90\"><span class=\"bbc-1gnhmg2 e1yt7oin0\">Fuente de la imagen, <\/span><span lang=\"en-GB\">Getty Images<\/span><\/p>\n<\/div>\n<\/div>\n<div dir=\"ltr\" class=\"bbc-3edg7g e57qer20\" readability=\"6\"><figcaption dir=\"ltr\" class=\"bbc-1t9zlwf eede9f50\" readability=\"2\"><span class=\"bbc-1gnhmg2 e1yt7oin0\">Pie de foto, <\/span><\/p>\n<p>Se calcula que hoy hay m\u00e1s de 500 mil migrantes palestinos en Chile.<\/p>\n<\/figcaption><\/div>\n<\/div>\n<\/figure>\n<\/div>\n<div dir=\"ltr\" class=\"bbc-19j92fr e57qer20\" readability=\"10\">\n<p dir=\"ltr\" class=\"bbc-bm53ic e1cc2ql70\">&#8220;Se produjo una suerte de efecto en cadena, donde determinados grupos llegaron a Chile y fueron trayendo a sus familiares&#8221;, explica Marzuca. <\/p>\n<\/div>\n<div dir=\"ltr\" class=\"bbc-19j92fr e57qer20\" readability=\"13\">\n<p dir=\"ltr\" class=\"bbc-bm53ic e1cc2ql70\">&#8220;Hay un conjunto de factores que impulsaron su asentamiento: el <b>clima<\/b>, pues hay ciertas similitudes entre el territorio palestino y el caso chileno; la <b>libertad<\/b>, algo que se echaba mucho de menos por la represi\u00f3n del imperio otomano y despu\u00e9s la represi\u00f3n del mandato brit\u00e1nico; y la <b>prosperidad econ\u00f3mica&#8221;<\/b>, agrega el acad\u00e9mico. <\/p>\n<\/div>\n<p><h2 id=\"Industria-textil\" tabindex=\"-1\" class=\"bbc-l3e97o e14hemmw0\">Industria textil<\/h2>\n<\/p>\n<div dir=\"ltr\" class=\"bbc-19j92fr e57qer20\" readability=\"9\">\n<p dir=\"ltr\" class=\"bbc-bm53ic e1cc2ql70\">Los llegados de Medio Oriente optaron por el <b>comercio y los textiles, <\/b>una decisi\u00f3n que ser\u00eda clave en la prosperidad que har\u00eda crecer la colonia.<\/p>\n<\/div>\n<div dir=\"ltr\" class=\"bbc-19j92fr e57qer20\" readability=\"11\">\n<p dir=\"ltr\" class=\"bbc-bm53ic e1cc2ql70\">Segu\u00edan su tradici\u00f3n, conoc\u00edan &#8220;el regateo&#8221;, pero tambi\u00e9n atend\u00edan una demanda pendiente. Llegaban con art\u00edculos de paqueter\u00eda al campo o a las ciudades chilenas donde hab\u00eda poco para comprar.<\/p>\n<\/div>\n<div dir=\"ltr\" class=\"bbc-19j92fr e57qer20\" readability=\"12\">\n<p dir=\"ltr\" class=\"bbc-bm53ic e1cc2ql70\">As\u00ed, los primeros exponentes de la familia <b>Abumohor<\/b>\u2014quienes hoy representan uno de los grupos econ\u00f3micos m\u00e1s grandes de Chile, con negocios en el comercio, el sector financiero e incluso el f\u00fatbol\u2014 recorr\u00edan el pa\u00eds ofreciendo mercader\u00eda al por mayor. <\/p>\n<\/div>\n<div dir=\"ltr\" class=\"bbc-19j92fr e57qer20\" readability=\"16\">\n<p dir=\"ltr\" class=\"bbc-bm53ic e1cc2ql70\">En la ciudad de Talca, en los a\u00f1os 50, se inauguraba la empresa <b>Casa Saieh,<\/b> tambi\u00e9n de una familia de origen palestino. Sus herederos se convertir\u00edan m\u00e1s tarde en reconocidos empresarios: <b>\u00c1lvaro Saieh<\/b>, propietario y presidente del grupo empresarial <b>CorpGroup,<\/b> actualmente posee inversiones en el sector financiero, en el retail e incluso medios de comunicaci\u00f3n como el peri\u00f3dico La Tercera. <\/p>\n<\/div>\n<div dir=\"ltr\" class=\"bbc-19j92fr e57qer20\" readability=\"12\">\n<p dir=\"ltr\" class=\"bbc-bm53ic e1cc2ql70\">Otros inmigrantes empezaron a fabricar algod\u00f3n o sedas, reemplazando la factura artesanal local o las caras importaciones europeas. Apellidos de origen palestino como Hirmas, Said, Yarur y Sumar se convertir\u00edan en sin\u00f3nimo de una poderosa industria textil.<\/p>\n<\/div>\n<div dir=\"ltr\" class=\"bbc-1ka88fa e57qer20\">\n<figure class=\"bbc-1qdcvv9 e6bmn90\">\n<div dir=\"ltr\" class=\"bbc-172p16q e57qer20\">\n<div dir=\"ltr\" class=\"bbc-189y18v e57qer20\" readability=\"6.5\">\n<div data-e2e=\"image-placeholder\" class=\"bbc-1k5hvrj e1whu0\" readability=\"8\"><noscript><img srcset=\"http:\/\/cordobadirecto.com\/wp-content\/uploads\/2021\/06\/como-llego-chile-a-tener-la-mayor-comunidad-de-palestinos-fuera-del-mundo-arabe-22.jpg 240w, http:\/\/cordobadirecto.com\/wp-content\/uploads\/2021\/06\/como-llego-chile-a-tener-la-mayor-comunidad-de-palestinos-fuera-del-mundo-arabe-23.jpg 320w, http:\/\/cordobadirecto.com\/wp-content\/uploads\/2021\/06\/como-llego-chile-a-tener-la-mayor-comunidad-de-palestinos-fuera-del-mundo-arabe-24.jpg 480w, http:\/\/cordobadirecto.com\/wp-content\/uploads\/2021\/06\/como-llego-chile-a-tener-la-mayor-comunidad-de-palestinos-fuera-del-mundo-arabe-25.jpg 624w, http:\/\/cordobadirecto.com\/wp-content\/uploads\/2021\/06\/como-llego-chile-a-tener-la-mayor-comunidad-de-palestinos-fuera-del-mundo-arabe-26.jpg 800w\" alt=\"Textiles de palestina\" src=\"http:\/\/cordobadirecto.com\/wp-content\/uploads\/2021\/06\/como-llego-chile-a-tener-la-mayor-comunidad-de-palestinos-fuera-del-mundo-arabe-3.jpg\" width=\"976\" class=\"bbc-fat2bc e1enwo3v0\"><\/noscript><\/p>\n<p role=\"text\" class=\"bbc-1s1cxbv etq3yw90\"><span class=\"bbc-1gnhmg2 e1yt7oin0\">Fuente de la imagen, <\/span><span lang=\"en-GB\">Getty Images<\/span><\/p>\n<\/div>\n<\/div>\n<div dir=\"ltr\" class=\"bbc-3edg7g e57qer20\" readability=\"7\"><figcaption dir=\"ltr\" class=\"bbc-1t9zlwf eede9f50\" readability=\"4\"><span class=\"bbc-1gnhmg2 e1yt7oin0\">Pie de foto, <\/span><\/p>\n<p>Las textiles de origen palestino marcaron una \u00e9poca econ\u00f3mica, pol\u00edtica y social en Chile hasta fines de los setenta.<\/p>\n<\/figcaption><\/div>\n<\/div>\n<\/figure>\n<\/div>\n<div dir=\"ltr\" class=\"bbc-19j92fr e57qer20\" readability=\"13\">\n<p dir=\"ltr\" class=\"bbc-bm53ic e1cc2ql70\">&#8220;Inicialmente los palestinos se dedicaron a ser vendedores ambulantes, luego se insertaron en el peque\u00f1o comercio y despu\u00e9s, en la d\u00e9cada del 30, se produjo un importante aporte de estas familias al desarrollo textil&#8221;, afirma Marzuca. <\/p>\n<\/div>\n<div dir=\"ltr\" class=\"bbc-19j92fr e57qer20\" readability=\"10\">\n<p dir=\"ltr\" class=\"bbc-bm53ic e1cc2ql70\">As\u00ed, <b>los textiles de origen palestino marcar\u00edan una \u00e9poca<\/b> econ\u00f3mica, pol\u00edtica y social en Chile hasta fines de los 70. <\/p>\n<\/div>\n<div dir=\"ltr\" class=\"bbc-19j92fr e57qer20\" readability=\"16\">\n<p dir=\"ltr\" class=\"bbc-bm53ic e1cc2ql70\">Tras la rotunda apertura de la econom\u00eda en los 80 y 90, y ante la intensa competencia china, la mayor\u00eda de las fortunas palestinas se expandieron hacia una variedad de negocios: financiero, inmobiliario, agr\u00edcola, vi\u00f1atero, agr\u00edcola, alimentario y medios de comunicaci\u00f3n.<\/p>\n<\/div>\n<p><h2 id=\"Turcofobia\" tabindex=\"-1\" class=\"bbc-l3e97o e14hemmw0\">&#8220;Turcofobia&#8221;<\/h2>\n<\/p>\n<div dir=\"ltr\" class=\"bbc-19j92fr e57qer20\" readability=\"7\">\n<p dir=\"ltr\" class=\"bbc-bm53ic e1cc2ql70\">Pero no fue todo tan f\u00e1cil. <\/p>\n<\/div>\n<div dir=\"ltr\" class=\"bbc-19j92fr e57qer20\" readability=\"9\">\n<p dir=\"ltr\" class=\"bbc-bm53ic e1cc2ql70\">A pesar de que historiadores y expertos afirman que la integraci\u00f3n palestina en Chile ha sido &#8220;tremendamente exitosa&#8221;, tambi\u00e9n hubo momentos complejos. <\/p>\n<\/div>\n<div dir=\"ltr\" class=\"bbc-19j92fr e57qer20\" readability=\"10\">\n<p dir=\"ltr\" class=\"bbc-bm53ic e1cc2ql70\">Los provenientes del mundo \u00e1rabe debieron soportar una <b>actitud de rechazo<\/b> de parte de los chilenos que se prolong\u00f3 por largo tiempo y que hizo dif\u00edcil su estad\u00eda, sobretodo durante los primeros a\u00f1os del flujo migratorio. <\/p>\n<\/div>\n<div dir=\"ltr\" class=\"bbc-19j92fr e57qer20\" readability=\"8\">\n<p dir=\"ltr\" class=\"bbc-bm53ic e1cc2ql70\">Se les denomin\u00f3 peyorativamente <b>&#8220;turcos&#8221;<\/b> lo que hiri\u00f3 a la colonia palestina pues no solo se les asignaba una nacionalidad que no correspond\u00eda sino que se les identificaba con sus opresores. <\/p>\n<\/div>\n<div dir=\"ltr\" class=\"bbc-19j92fr e57qer20\" readability=\"11\">\n<p dir=\"ltr\" class=\"bbc-bm53ic e1cc2ql70\">La fuerte estigmatizaci\u00f3n para con esta comunidad se deb\u00eda en parte a que en las altas esferas sociales chilenas exist\u00eda preferencia hacia los migrantes europeos a quienes, incluso, se les facilit\u00f3 tierras para su colonizaci\u00f3n. <\/p>\n<\/div>\n<div dir=\"ltr\" class=\"bbc-19j92fr e57qer20\" readability=\"14\">\n<p dir=\"ltr\" class=\"bbc-bm53ic e1cc2ql70\">&#8220;En Am\u00e9rica Latina, as\u00ed como en buena parte del mundo, primaba el paradigma orientalista civilizatorio y se produjo el fen\u00f3meno conocido como la <b>turcofobia.<\/b> Es decir, el rechazo a los inmigrantes \u00e1rabes por la clasificaci\u00f3n de raza que hicieron los europeos; que lo que ven\u00eda de Europa era s\u00edmbolo de civilizaci\u00f3n&#8221;, explica Marzuca.<\/p>\n<\/div>\n<div dir=\"ltr\" class=\"bbc-19j92fr e57qer20\" readability=\"14\">\n<p dir=\"ltr\" class=\"bbc-bm53ic e1cc2ql70\">&#8220;Hubo un rechazo de ciertas \u00e9lites, de la alta sociedad chilena, donde los palestinos eran mal vistos. Se dec\u00eda que no aportar\u00edan a la sociedad, que eran ambiciosos, licenciosos desde el punto de vista sexual&#8221;, agrega el acad\u00e9mico. <\/p>\n<\/div>\n<div dir=\"ltr\" class=\"bbc-19j92fr e57qer20\" readability=\"9\">\n<p dir=\"ltr\" class=\"bbc-bm53ic e1cc2ql70\">Sin embargo, poco a poco los palestinos utilizaron un conjunto de instrumentos para abrirse paso en la sociedad chilena. <\/p>\n<\/div>\n<div dir=\"ltr\" class=\"bbc-1ka88fa e57qer20\">\n<figure class=\"bbc-1qdcvv9 e6bmn90\">\n<div dir=\"ltr\" class=\"bbc-172p16q e57qer20\">\n<div dir=\"ltr\" class=\"bbc-189y18v e57qer20\" readability=\"6.5\">\n<div data-e2e=\"image-placeholder\" class=\"bbc-1k5hvrj e1whu0\" readability=\"8\"><noscript><img srcset=\"http:\/\/cordobadirecto.com\/wp-content\/uploads\/2021\/06\/como-llego-chile-a-tener-la-mayor-comunidad-de-palestinos-fuera-del-mundo-arabe-27.jpg 240w, http:\/\/cordobadirecto.com\/wp-content\/uploads\/2021\/06\/como-llego-chile-a-tener-la-mayor-comunidad-de-palestinos-fuera-del-mundo-arabe-28.jpg 320w, http:\/\/cordobadirecto.com\/wp-content\/uploads\/2021\/06\/como-llego-chile-a-tener-la-mayor-comunidad-de-palestinos-fuera-del-mundo-arabe-29.jpg 480w, http:\/\/cordobadirecto.com\/wp-content\/uploads\/2021\/06\/como-llego-chile-a-tener-la-mayor-comunidad-de-palestinos-fuera-del-mundo-arabe-30.jpg 624w, http:\/\/cordobadirecto.com\/wp-content\/uploads\/2021\/06\/como-llego-chile-a-tener-la-mayor-comunidad-de-palestinos-fuera-del-mundo-arabe-31.jpg 800w\" alt=\"Club Deportivo Palestino\" src=\"http:\/\/cordobadirecto.com\/wp-content\/uploads\/2021\/06\/como-llego-chile-a-tener-la-mayor-comunidad-de-palestinos-fuera-del-mundo-arabe-4.jpg\" width=\"976\" class=\"bbc-fat2bc e1enwo3v0\"><\/noscript><\/p>\n<p role=\"text\" class=\"bbc-1s1cxbv etq3yw90\"><span class=\"bbc-1gnhmg2 e1yt7oin0\">Fuente de la imagen, <\/span><span lang=\"en-GB\">Getty Images<\/span><\/p>\n<\/div>\n<\/div>\n<div dir=\"ltr\" class=\"bbc-3edg7g e57qer20\" readability=\"6.5\"><figcaption dir=\"ltr\" class=\"bbc-1t9zlwf eede9f50\" readability=\"3\"><span class=\"bbc-1gnhmg2 e1yt7oin0\">Pie de foto, <\/span><\/p>\n<p>El Club Deportivo Palestino es un popular equipo de f\u00fatbol profesional en Chile que fue fundado en 1920.<\/p>\n<\/figcaption><\/div>\n<\/div>\n<\/figure>\n<\/div>\n<div dir=\"ltr\" class=\"bbc-19j92fr e57qer20\" readability=\"11\">\n<p dir=\"ltr\" class=\"bbc-bm53ic e1cc2ql70\">Adem\u00e1s de su aporte al desarrollo econ\u00f3mico, tambi\u00e9n crearon instituciones de distinto tipo, desde un equipo de f\u00fatbol\u2014el Club Palestino\u2014 hasta sociedades de beneficiencia y organizaciones culturales. <\/p>\n<\/div>\n<div dir=\"ltr\" class=\"bbc-19j92fr e57qer20\" readability=\"9\">\n<p dir=\"ltr\" class=\"bbc-bm53ic e1cc2ql70\">Tambi\u00e9n fueron exitosos en su asentamiento en distintas ciudades a lo largo de Chile, clave para formar lazos con varias comunidades chilenas. <\/p>\n<\/div>\n<div dir=\"ltr\" class=\"bbc-19j92fr e57qer20\" readability=\"14\">\n<p dir=\"ltr\" class=\"bbc-bm53ic e1cc2ql70\">Y en <b>Santiago<\/b>, conquistaron el famoso <b>&#8220;barrio <\/b><b>P<\/b><b>atronato&#8221;<\/b>, que hasta el d\u00eda de hoy se siente como una peque\u00f1a palestina, con restaurantes que ofrecen hojas de parra rellena, carne asada o los populares dulces \u00e1rabes, siempre al son de la m\u00fasica tan caracter\u00edstica de esta di\u00e1spora. <\/p>\n<\/div>\n<div dir=\"ltr\" class=\"bbc-19j92fr e57qer20\" readability=\"15\">\n<p dir=\"ltr\" class=\"bbc-bm53ic e1cc2ql70\">&#8220;Hay un dicho que se repite mucho en Chile: que en cada provincia hay una plaza, una iglesia, un ret\u00e9n de polic\u00edas y un paisano. \u00a1Estamos metidos en todos lados!&#8221;, dice a BBC Mundo <b>Maurice Khamis<\/b>, presidente de la Federaci\u00f3n Palestina de Chile, quien lleg\u00f3 en el a\u00f1o 1952 a Chile junto a su familia desde Palestina.<\/p>\n<\/div>\n<div dir=\"ltr\" class=\"bbc-19j92fr e57qer20\" readability=\"10\">\n<p dir=\"ltr\" class=\"bbc-bm53ic e1cc2ql70\">&#8220;El hecho de que en Chile el 90% de los palestinos proviene de la provincia de Bel\u00e9n y somos cristianos, nos hace ser organizados y unidos. Estamos todos entrelazados&#8221;, agrega Khamis. <\/p>\n<\/div>\n<p><h2 id=\"La-sangre-tira\" tabindex=\"-1\" class=\"bbc-l3e97o e14hemmw0\">&#8220;La sangre tira&#8221;<\/h2>\n<\/p>\n<div dir=\"ltr\" class=\"bbc-19j92fr e57qer20\" readability=\"12\">\n<p dir=\"ltr\" class=\"bbc-bm53ic e1cc2ql70\">Y as\u00ed es como llegamos hasta este punto, donde en Chile algunas de las grandes fortunas llevan apellidos provenientes de pueblos cercanos a Jerusal\u00e9n y se reiteran en el \u00e1mbito de la justicia, la pol\u00edtica, la cultura y los negocios. <\/p>\n<\/div>\n<div dir=\"ltr\" class=\"bbc-19j92fr e57qer20\" readability=\"13\">\n<p dir=\"ltr\" class=\"bbc-bm53ic e1cc2ql70\">El impulso comercial se retrata en empresas como Parque Arauco, asociado a la <b>familia Said<\/b>, con centros comerciales en Chile, Per\u00fa y Colombia; o el Banco de Cr\u00e9dito e Inversiones, fundado en 1937 por <b>Juan Yarur Lolas <\/b>y todav\u00eda uno de los m\u00e1s grandes de la plaza.<\/p>\n<\/div>\n<div dir=\"ltr\" class=\"bbc-19j92fr e57qer20\" readability=\"15\">\n<p dir=\"ltr\" class=\"bbc-bm53ic e1cc2ql70\">La comunidad palestina tambi\u00e9n cuenta con importantes figuras pol\u00edticas. L\u00edderes de partido, senadores, diputados, alcaldes y concejales son palestinos. Sin ir m\u00e1s lejos, uno de los candidatos presidenciales mejor posicionados que hoy existen en este pa\u00eds pertenece a la comunidad: <b>Daniel Jadue<\/b>, del Partido Comunista. <\/p>\n<\/div>\n<div dir=\"ltr\" class=\"bbc-1ka88fa e57qer20\">\n<figure class=\"bbc-1qdcvv9 e6bmn90\">\n<div dir=\"ltr\" class=\"bbc-172p16q e57qer20\">\n<div dir=\"ltr\" class=\"bbc-189y18v e57qer20\" readability=\"6.5\">\n<div data-e2e=\"image-placeholder\" class=\"bbc-1k5hvrj e1whu0\" readability=\"8\"><noscript><img srcset=\"http:\/\/cordobadirecto.com\/wp-content\/uploads\/2021\/06\/como-llego-chile-a-tener-la-mayor-comunidad-de-palestinos-fuera-del-mundo-arabe-32.jpg 240w, http:\/\/cordobadirecto.com\/wp-content\/uploads\/2021\/06\/como-llego-chile-a-tener-la-mayor-comunidad-de-palestinos-fuera-del-mundo-arabe-33.jpg 320w, http:\/\/cordobadirecto.com\/wp-content\/uploads\/2021\/06\/como-llego-chile-a-tener-la-mayor-comunidad-de-palestinos-fuera-del-mundo-arabe-34.jpg 480w, http:\/\/cordobadirecto.com\/wp-content\/uploads\/2021\/06\/como-llego-chile-a-tener-la-mayor-comunidad-de-palestinos-fuera-del-mundo-arabe-35.jpg 624w, http:\/\/cordobadirecto.com\/wp-content\/uploads\/2021\/06\/como-llego-chile-a-tener-la-mayor-comunidad-de-palestinos-fuera-del-mundo-arabe-36.jpg 800w\" alt=\"Palestinos en chile\" src=\"http:\/\/cordobadirecto.com\/wp-content\/uploads\/2021\/06\/como-llego-chile-a-tener-la-mayor-comunidad-de-palestinos-fuera-del-mundo-arabe-5.jpg\" width=\"976\" class=\"bbc-fat2bc e1enwo3v0\"><\/noscript><\/p>\n<p role=\"text\" class=\"bbc-1s1cxbv etq3yw90\"><span class=\"bbc-1gnhmg2 e1yt7oin0\">Fuente de la imagen, <\/span><span lang=\"en-GB\">Getty Images<\/span><\/p>\n<\/div>\n<\/div>\n<div dir=\"ltr\" class=\"bbc-3edg7g e57qer20\" readability=\"6\"><figcaption dir=\"ltr\" class=\"bbc-1t9zlwf eede9f50\" readability=\"2\"><span class=\"bbc-1gnhmg2 e1yt7oin0\">Pie de foto, <\/span><\/p>\n<p>La comunidad palestina en Chile nunca se desconect\u00f3 de las sociedades de origen.<\/p>\n<\/figcaption><\/div>\n<\/div>\n<\/figure>\n<\/div>\n<div dir=\"ltr\" class=\"bbc-19j92fr e57qer20\" readability=\"13\">\n<p dir=\"ltr\" class=\"bbc-bm53ic e1cc2ql70\">&#8220;Nosotros estamos insertos en todas las \u00e1reas de la sociedad. Mis hijos, por ejemplo, est\u00e1n casados con chilenos, no con personas de origen palestino. Hay una integraci\u00f3n total&#8221;, dice Maurice Khamis.<\/p>\n<\/div>\n<div dir=\"ltr\" class=\"bbc-19j92fr e57qer20\" readability=\"11\">\n<p dir=\"ltr\" class=\"bbc-bm53ic e1cc2ql70\">A\u00fan as\u00ed, seg\u00fan el acad\u00e9mico Ricardo Marzuca, los palestinos <b>&#8220;nunca se desconectaron de las sociedades de origen&#8221;<\/b> lo que se explicar\u00eda en parte por la gravedad de los acontecimientos que han marcado a esta zona en las \u00faltimas d\u00e9cadas. <\/p>\n<\/div>\n<div dir=\"ltr\" class=\"bbc-19j92fr e57qer20\" readability=\"9\">\n<p dir=\"ltr\" class=\"bbc-bm53ic e1cc2ql70\">&#8220;Hubo una \u00e9poca en que el sentimiento palestino en Chile no era tan evidente. Pero eso cambi\u00f3. Hoy se ha transparentado lo que pasa all\u00e1 y se visibilizaron los problemas&#8221;, dice Khamis.<\/p>\n<\/div>\n<div dir=\"ltr\" class=\"bbc-19j92fr e57qer20\" readability=\"9\">\n<p dir=\"ltr\" class=\"bbc-bm53ic e1cc2ql70\">&#8220;Por mucho que estemos asimilados ac\u00e1, la sangre no se hace agua. La sangre tira&#8221;, concluye. <\/p>\n<\/div>\n<div dir=\"ltr\" class=\"bbc-1ka88fa e57qer20\">\n<figure class=\"bbc-1qdcvv9 e6bmn90\">\n<div dir=\"ltr\" class=\"bbc-172p16q e57qer20\">\n<div dir=\"ltr\" class=\"bbc-189y18v e57qer20\">\n<div data-e2e=\"image-placeholder\" class=\"bbc-uhmmqj e1whu0\"><noscript><img srcset=\"http:\/\/cordobadirecto.com\/wp-content\/uploads\/2021\/06\/como-llego-chile-a-tener-la-mayor-comunidad-de-palestinos-fuera-del-mundo-arabe.png 240w, http:\/\/cordobadirecto.com\/wp-content\/uploads\/2021\/06\/como-llego-chile-a-tener-la-mayor-comunidad-de-palestinos-fuera-del-mundo-arabe-37.jpg 320w, http:\/\/cordobadirecto.com\/wp-content\/uploads\/2021\/06\/como-llego-chile-a-tener-la-mayor-comunidad-de-palestinos-fuera-del-mundo-arabe-38.jpg 480w, http:\/\/cordobadirecto.com\/wp-content\/uploads\/2021\/06\/como-llego-chile-a-tener-la-mayor-comunidad-de-palestinos-fuera-del-mundo-arabe-39.jpg 624w\" alt=\"line\" src=\"http:\/\/cordobadirecto.com\/wp-content\/uploads\/2021\/06\/como-llego-chile-a-tener-la-mayor-comunidad-de-palestinos-fuera-del-mundo-arabe-6.jpg\" width=\"624\" class=\"bbc-fat2bc e1enwo3v0\"><\/noscript><\/div>\n<\/div>\n<\/div>\n<\/figure>\n<\/div>\n<div dir=\"ltr\" class=\"bbc-19j92fr e57qer20\" readability=\"8\">\n<p dir=\"ltr\" class=\"bbc-bm53ic e1cc2ql70\"><i class=\"bbc-h1y5j7 ewc4zcb0\">Ahora puedes recibir notificaciones de BBC Mundo. Descarga la nueva versi\u00f3n de nuestra app y act\u00edvalas para no perderte nuestro mejor contenido.<\/i><\/p>\n<\/div>\n","protected":false},"excerpt":{"rendered":"<p>Redacci\u00f3n BBC News Mundo 3 horas Fuente de la imagen, Getty Images Pie de foto, En Chile, una mujer protesta a favor de Palestina durante el conflicto con Israel que estall\u00f3 el 10 de mayo pasado. Una imagen proyectada en un imponente edificio en el centro de la capital chilena, Santiago, llam\u00f3 la atenci\u00f3n entre [&hellip;]<\/p>\n","protected":false},"author":1,"featured_media":7538,"comment_status":"closed","ping_status":"closed","sticky":false,"template":"","format":"standard","meta":[],"categories":[24],"tags":[],"_links":{"self":[{"href":"http:\/\/cordobadirecto.com\/index.php\/wp-json\/wp\/v2\/posts\/7537"}],"collection":[{"href":"http:\/\/cordobadirecto.com\/index.php\/wp-json\/wp\/v2\/posts"}],"about":[{"href":"http:\/\/cordobadirecto.com\/index.php\/wp-json\/wp\/v2\/types\/post"}],"author":[{"embeddable":true,"href":"http:\/\/cordobadirecto.com\/index.php\/wp-json\/wp\/v2\/users\/1"}],"replies":[{"embeddable":true,"href":"http:\/\/cordobadirecto.com\/index.php\/wp-json\/wp\/v2\/comments?post=7537"}],"version-history":[{"count":0,"href":"http:\/\/cordobadirecto.com\/index.php\/wp-json\/wp\/v2\/posts\/7537\/revisions"}],"wp:featuredmedia":[{"embeddable":true,"href":"http:\/\/cordobadirecto.com\/index.php\/wp-json\/wp\/v2\/media\/7538"}],"wp:attachment":[{"href":"http:\/\/cordobadirecto.com\/index.php\/wp-json\/wp\/v2\/media?parent=7537"}],"wp:term":[{"taxonomy":"category","embeddable":true,"href":"http:\/\/cordobadirecto.com\/index.php\/wp-json\/wp\/v2\/categories?post=7537"},{"taxonomy":"post_tag","embeddable":true,"href":"http:\/\/cordobadirecto.com\/index.php\/wp-json\/wp\/v2\/tags?post=7537"}],"curies":[{"name":"wp","href":"https:\/\/api.w.org\/{rel}","templated":true}]}}