{"id":7584,"date":"2021-06-03T03:00:00","date_gmt":"2021-06-03T03:00:00","guid":{"rendered":"http:\/\/cordobadirecto.com\/index.php\/2021\/06\/03\/lanzaron-un-modulo-alimentario-a-995-que-consta-de-16-articulos\/"},"modified":"2021-06-03T03:00:00","modified_gmt":"2021-06-03T03:00:00","slug":"lanzaron-un-modulo-alimentario-a-995-que-consta-de-16-articulos","status":"publish","type":"post","link":"http:\/\/cordobadirecto.com\/index.php\/2021\/06\/03\/lanzaron-un-modulo-alimentario-a-995-que-consta-de-16-articulos\/","title":{"rendered":"Lanzaron un m\u00f3dulo alimentario a $995 que consta de 16 art\u00edculos"},"content":{"rendered":"<p>El Centro de Almaceneros, Autoservicios y Comerciantes Minoristas de <b>C\u00f3rdoba<\/b> present\u00f3 \u201cMes\u201d, un m\u00f3dulo social <b>econ\u00f3mico<\/b> compuesto por&nbsp;&#8230; <\/p>\n","protected":false},"excerpt":{"rendered":"<p>El Centro de Almaceneros, Autoservicios y Comerciantes Minoristas de C\u00f3rdoba present\u00f3 \u201cMes\u201d, un m\u00f3dulo social econ\u00f3mico compuesto por&nbsp;&#8230;<\/p>\n","protected":false},"author":1,"featured_media":0,"comment_status":"closed","ping_status":"closed","sticky":false,"template":"","format":"standard","meta":[],"categories":[40],"tags":[],"_links":{"self":[{"href":"http:\/\/cordobadirecto.com\/index.php\/wp-json\/wp\/v2\/posts\/7584"}],"collection":[{"href":"http:\/\/cordobadirecto.com\/index.php\/wp-json\/wp\/v2\/posts"}],"about":[{"href":"http:\/\/cordobadirecto.com\/index.php\/wp-json\/wp\/v2\/types\/post"}],"author":[{"embeddable":true,"href":"http:\/\/cordobadirecto.com\/index.php\/wp-json\/wp\/v2\/users\/1"}],"replies":[{"embeddable":true,"href":"http:\/\/cordobadirecto.com\/index.php\/wp-json\/wp\/v2\/comments?post=7584"}],"version-history":[{"count":0,"href":"http:\/\/cordobadirecto.com\/index.php\/wp-json\/wp\/v2\/posts\/7584\/revisions"}],"wp:attachment":[{"href":"http:\/\/cordobadirecto.com\/index.php\/wp-json\/wp\/v2\/media?parent=7584"}],"wp:term":[{"taxonomy":"category","embeddable":true,"href":"http:\/\/cordobadirecto.com\/index.php\/wp-json\/wp\/v2\/categories?post=7584"},{"taxonomy":"post_tag","embeddable":true,"href":"http:\/\/cordobadirecto.com\/index.php\/wp-json\/wp\/v2\/tags?post=7584"}],"curies":[{"name":"wp","href":"https:\/\/api.w.org\/{rel}","templated":true}]}}