{"id":76222,"date":"2022-09-02T23:06:20","date_gmt":"2022-09-02T23:06:20","guid":{"rendered":"https:\/\/www.bbc.com\/mundo\/noticias-america-latina-62697953"},"modified":"2022-09-02T23:06:20","modified_gmt":"2022-09-02T23:06:20","slug":"cristina-fernandez-de-kirchner-las-fallas-en-el-operativo-de-seguridad-durante-el-atentado-contra-la-vicepresidenta-de-argentina","status":"publish","type":"post","link":"http:\/\/cordobadirecto.com\/index.php\/2022\/09\/02\/cristina-fernandez-de-kirchner-las-fallas-en-el-operativo-de-seguridad-durante-el-atentado-contra-la-vicepresidenta-de-argentina\/","title":{"rendered":"Cristina Fern\u00e1ndez de Kirchner: las fallas en el operativo de seguridad durante el atentado contra la vicepresidenta de Argentina"},"content":{"rendered":"<div dir=\"ltr\" class=\"e1j2237y6 bbc-q4ibpr ebmt73l0\">\n<div class=\"bbc-1atl7vu euvj3t14\">\n<ul role=\"list\" class=\"bbc-k0l9bd euvj3t12\">\n<li role=\"listitem\" class=\"bbc-1a3w4ok euvj3t11\">Ver\u00f3nica Smink <\/li>\n<li role=\"listitem\" class=\"bbc-1p92jtu euvj3t10\">BBC News Mundo, Argentina<\/li>\n<\/ul>\n<\/div>\n<\/div>\n<p><time datetime=\"2022-09-02\" class=\"bbc-1dafq0j e1mklfmt0\">2 horas<\/time><\/p>\n<div dir=\"ltr\" class=\"bbc-1ka88fa ebmt73l0\">\n<figure class=\"bbc-1qdcvv9 e1aczekt0\">\n<div dir=\"ltr\" class=\"bbc-172p16q ebmt73l0\">\n<div dir=\"ltr\" class=\"bbc-189y18v ebmt73l0\" readability=\"6.5\">\n<div data-e2e=\"image-placeholder\" class=\"bbc-997y1y eihqrxw0\" readability=\"8\"><picture class=\"bbc-yfiktt e1mo64ex1\"><source srcset=\"https:\/\/ichef.bbci.co.uk\/news\/240\/cpsprodpb\/17A94\/production\/_126561969_1.jpg.webp 240w, https:\/\/ichef.bbci.co.uk\/news\/320\/cpsprodpb\/17A94\/production\/_126561969_1.jpg.webp 320w, https:\/\/ichef.bbci.co.uk\/news\/480\/cpsprodpb\/17A94\/production\/_126561969_1.jpg.webp 480w, https:\/\/ichef.bbci.co.uk\/news\/624\/cpsprodpb\/17A94\/production\/_126561969_1.jpg.webp 624w, https:\/\/ichef.bbci.co.uk\/news\/800\/cpsprodpb\/17A94\/production\/_126561969_1.jpg.webp 800w\" type=\"image\/webp\" sizes=\"(min-width: 1008px) 645px, 100vw\"><source srcset=\"https:\/\/ichef.bbci.co.uk\/news\/240\/cpsprodpb\/17A94\/production\/_126561969_1.jpg 240w, https:\/\/ichef.bbci.co.uk\/news\/320\/cpsprodpb\/17A94\/production\/_126561969_1.jpg 320w, https:\/\/ichef.bbci.co.uk\/news\/480\/cpsprodpb\/17A94\/production\/_126561969_1.jpg 480w, https:\/\/ichef.bbci.co.uk\/news\/624\/cpsprodpb\/17A94\/production\/_126561969_1.jpg 624w, https:\/\/ichef.bbci.co.uk\/news\/800\/cpsprodpb\/17A94\/production\/_126561969_1.jpg 800w\" type=\"image\/jpeg\" sizes=\"(min-width: 1008px) 645px, 100vw\"><img loading=\"lazy\" src=\"http:\/\/cordobadirecto.com\/wp-content\/uploads\/2022\/09\/cristina-fernandez-de-kirchner-las-fallas-en-el-operativo-de-seguridad-durante-el-atentado-contra-la-vicepresidenta-de-argentina.jpg\" alt=\"argentina\" width=\"976\" height=\"549\" class=\"e3vrtyk0 bbc-rb7xa0 e1mo64ex0\"><\/picture>\n<p role=\"text\" class=\"bbc-1s1cxbv ewbcsnk0\"><span class=\"bbc-1gnhmg2 ed7bp6y0\">Fuente de la imagen, <\/span><span lang=\"en-GB\">Reuters<\/span><\/p>\n<\/div>\n<\/div>\n<div dir=\"ltr\" class=\"bbc-3edg7g ebmt73l0\" readability=\"6\"><figcaption dir=\"ltr\" class=\"bbc-rhuvwm e6i104o0\" readability=\"2\"><span class=\"bbc-1gnhmg2 ed7bp6y0\">Pie de foto, <\/span><\/p>\n<p>El momento en que el arma apunta a la vicepresidenta.<\/p>\n<\/figcaption><\/div>\n<\/div>\n<\/figure>\n<\/div>\n<div dir=\"ltr\" class=\"bbc-19j92fr ebmt73l0\" readability=\"11\">\n<p dir=\"ltr\" class=\"bbc-hhl7in e17g058b0\"><b>La imagen de la vicepresidenta de Argentina, Cristina Fern\u00e1ndez de Kirchner, con un arma apunt\u00e1ndole a cent\u00edmetros de su rostro ha dado la vuelta al mundo y sigue generando escalofr\u00edos incluso entre quienes no saben nada sobre este pa\u00eds sudamericano o su carism\u00e1tica exmandataria.<\/b><\/p>\n<\/div>\n<div dir=\"ltr\" class=\"bbc-19j92fr ebmt73l0\" readability=\"13\">\n<p dir=\"ltr\" class=\"bbc-hhl7in e17g058b0\">&#8220;Cristina permanece con vida porque, por alguna raz\u00f3n, el arma que contaba con cinco balas no se dispar\u00f3 pese a haber sido gatillada&#8221;, cont\u00f3 el propio presidente <b>Alberto Fern\u00e1ndez <\/b>durante una cadena nacional que realiz\u00f3 sobre la medianoche para informar sobre el atentado y declarar feriado nacional al pr\u00f3ximo d\u00eda.<\/p>\n<\/div>\n<div dir=\"ltr\" class=\"bbc-19j92fr ebmt73l0\" readability=\"8\">\n<p dir=\"ltr\" class=\"bbc-hhl7in e17g058b0\">Pero lo que se preguntan muchos de quienes han visto las dram\u00e1ticas grabaciones del ataque frustrado es: \u00bfc\u00f3mo es posible que un agresor haya podido acercarse tanto a una vicepresidenta?<\/p>\n<\/div>\n<div dir=\"ltr\" class=\"bbc-19j92fr ebmt73l0\" readability=\"7\">\n<p dir=\"ltr\" class=\"bbc-hhl7in e17g058b0\">Y \u00bfpor qu\u00e9 la custodia de la dos veces exmandataria no pudo prevenir el ataque?<\/p>\n<\/div>\n<div dir=\"ltr\" class=\"bbc-19j92fr ebmt73l0\" readability=\"11\">\n<p dir=\"ltr\" class=\"bbc-hhl7in e17g058b0\">Para entender lo primero, hay que situarse en el lugar de los hechos y entender<b> el contexto en el que se dio este inesperado atentado<\/b>, que ha generado el repudio de gran parte de la sociedad y clase dirigente argentina.<\/p>\n<\/div>\n<div dir=\"ltr\" class=\"bbc-19j92fr ebmt73l0\" readability=\"12\">\n<p dir=\"ltr\" class=\"bbc-hhl7in e17g058b0\">Todo sucedi\u00f3 cerca de las 21 horas de Buenos Aires, cuando Cristina Kirchner, quien como vicepresidente tiene la funci\u00f3n de presidir el Senado, <b>regresaba a su hogar<\/b> tras concluir su jornada en el Congreso.<\/p>\n<\/div>\n<div dir=\"ltr\" class=\"bbc-19j92fr ebmt73l0\" readability=\"10\">\n<p dir=\"ltr\" class=\"bbc-hhl7in e17g058b0\">Como se puede ver en las im\u00e1genes, la vicepresidenta fue recibida por un gran n\u00famero de simpatizantes, que la vitorearon cuando sali\u00f3 de su auto y le pidieron fotos y aut\u00f3grafos.<\/p>\n<\/div>\n<div dir=\"ltr\" class=\"bbc-19j92fr ebmt73l0\" readability=\"8\">\n<p dir=\"ltr\" class=\"bbc-hhl7in e17g058b0\">\u00bfPor qu\u00e9 hab\u00eda decenas de personas esperando a la exmandataria? Para mostrarle su apoyo en medio de un juicio que enfrenta por corrupci\u00f3n.<\/p>\n<\/div>\n<div dir=\"ltr\" class=\"bbc-19j92fr ebmt73l0\" readability=\"12\">\n<p dir=\"ltr\" class=\"bbc-hhl7in e17g058b0\">Las por momentos multitudinarias manifestaciones frente al departamento de Kirchner comenzaron el pasado lunes 22 de agosto, cuando un fiscal federal pidi\u00f3 <b>12 a\u00f1os de prisi\u00f3n e inhabilitaci\u00f3n para ocupar cargos p\u00fablicos de por vida<\/b> para la vicepresidenta, acus\u00e1ndola de defraudar al Estado por cerca de <b>US$1.000 millones<\/b> durante sus dos presidencias (2007-2015).<\/p>\n<\/div>\n<div dir=\"ltr\" class=\"bbc-1ka88fa ebmt73l0\">\n<figure class=\"bbc-1qdcvv9 e1aczekt0\">\n<div dir=\"ltr\" class=\"bbc-172p16q ebmt73l0\">\n<div dir=\"ltr\" class=\"bbc-189y18v ebmt73l0\" readability=\"6.5\">\n<div data-e2e=\"image-placeholder\" class=\"bbc-997y1y eihqrxw0\" readability=\"8\"><noscript><picture class=\"bbc-yfiktt e1mo64ex1\"><source srcset=\"http:\/\/cordobadirecto.com\/wp-content\/uploads\/2022\/09\/cristina-fernandez-de-kirchner-las-fallas-en-el-operativo-de-seguridad-durante-el-atentado-contra-la-vicepresidenta-de-argentina.webp 240w, http:\/\/cordobadirecto.com\/wp-content\/uploads\/2022\/09\/cristina-fernandez-de-kirchner-las-fallas-en-el-operativo-de-seguridad-durante-el-atentado-contra-la-vicepresidenta-de-argentina-1.webp 320w, http:\/\/cordobadirecto.com\/wp-content\/uploads\/2022\/09\/cristina-fernandez-de-kirchner-las-fallas-en-el-operativo-de-seguridad-durante-el-atentado-contra-la-vicepresidenta-de-argentina-2.webp 480w, http:\/\/cordobadirecto.com\/wp-content\/uploads\/2022\/09\/cristina-fernandez-de-kirchner-las-fallas-en-el-operativo-de-seguridad-durante-el-atentado-contra-la-vicepresidenta-de-argentina-3.webp 624w, http:\/\/cordobadirecto.com\/wp-content\/uploads\/2022\/09\/cristina-fernandez-de-kirchner-las-fallas-en-el-operativo-de-seguridad-durante-el-atentado-contra-la-vicepresidenta-de-argentina-4.webp 800w\" type=\"image\/webp\" sizes=\"(min-width: 1008px) 645px, 100vw\"><source srcset=\"https:\/\/ichef.bbci.co.uk\/news\/240\/cpsprodpb\/1EEC\/production\/_126561970_2.jpg 240w, https:\/\/ichef.bbci.co.uk\/news\/320\/cpsprodpb\/1EEC\/production\/_126561970_2.jpg 320w, https:\/\/ichef.bbci.co.uk\/news\/480\/cpsprodpb\/1EEC\/production\/_126561970_2.jpg 480w, https:\/\/ichef.bbci.co.uk\/news\/624\/cpsprodpb\/1EEC\/production\/_126561970_2.jpg 624w, https:\/\/ichef.bbci.co.uk\/news\/800\/cpsprodpb\/1EEC\/production\/_126561970_2.jpg 800w\" type=\"image\/jpeg\" sizes=\"(min-width: 1008px) 645px, 100vw\"><img loading=\"lazy\" src=\"http:\/\/cordobadirecto.com\/wp-content\/uploads\/2022\/09\/cristina-fernandez-de-kirchner-las-fallas-en-el-operativo-de-seguridad-durante-el-atentado-contra-la-vicepresidenta-de-argentina-1.jpg\" alt=\"cristina\" width=\"976\" height=\"549\" class=\"e3vrtyk0 bbc-rb7xa0 e1mo64ex0\"><\/picture><\/noscript><\/p>\n<p role=\"text\" class=\"bbc-1s1cxbv ewbcsnk0\"><span class=\"bbc-1gnhmg2 ed7bp6y0\">Fuente de la imagen, <\/span><span lang=\"en-GB\">Reuters<\/span><\/p>\n<\/div>\n<\/div>\n<div dir=\"ltr\" class=\"bbc-3edg7g ebmt73l0\" readability=\"7\"><figcaption dir=\"ltr\" class=\"bbc-rhuvwm e6i104o0\" readability=\"4\"><span class=\"bbc-1gnhmg2 ed7bp6y0\">Pie de foto, <\/span><\/p>\n<p>Los seguidores de Cristina Kirchner se vienen juntando afuera de su residencia en Recoleta hace unas dos semanas, en se\u00f1al de apoyo.<\/p>\n<\/figcaption><\/div>\n<\/div>\n<\/figure>\n<\/div>\n<div dir=\"ltr\" class=\"bbc-19j92fr ebmt73l0\" readability=\"11\">\n<p dir=\"ltr\" class=\"bbc-hhl7in e17g058b0\">Desde ese momento, la residencia en el coqueto barrio de Recoleta -uno de los m\u00e1s caros y exclusivos de Buenos Aires, y tambi\u00e9n uno de los m\u00e1s antikirchneristas- se convirti\u00f3 en un sitio de peregrinaci\u00f3n para los seguidores de Kirchner.<\/p>\n<\/div>\n<div dir=\"ltr\" class=\"bbc-19j92fr ebmt73l0\" readability=\"9\">\n<p dir=\"ltr\" class=\"bbc-hhl7in e17g058b0\">Las manifestaciones se tornaban particularmente masivas por las noches, cuando muchos <b>acud\u00edan a saludar a la exmandataria a su regreso a casa.<\/b><\/p>\n<\/div>\n<div dir=\"ltr\" class=\"bbc-19j92fr ebmt73l0\" readability=\"15\">\n<p dir=\"ltr\" class=\"bbc-hhl7in e17g058b0\">Fue en este contexto que <b>Fernando Sabag Montiel<\/b>, el sospecho del ataque, de 35 a\u00f1os y nacionalidad brasile\u00f1a, quien vive hace casi tres d\u00e9cadas en Buenos Aires, se mezcl\u00f3 entre los simpatizantes de la vicepresidenta y trat\u00f3 de atentar contra su vida, cuando la funcionaria se dispon\u00eda a saludar y firmar copias de su autobiograf\u00eda.<\/p>\n<\/div>\n<p><h2 id=\"Qui\u00e9n-cuida-de-la-vicepresidenta\" tabindex=\"-1\" class=\"bbc-1f03ibc eglt09e0\">\u00bfQui\u00e9n cuida de la vicepresidenta?<\/h2>\n<\/p>\n<div dir=\"ltr\" class=\"bbc-19j92fr ebmt73l0\" readability=\"10\">\n<p dir=\"ltr\" class=\"bbc-hhl7in e17g058b0\">Aunque las muestras de apoyo frente al hogar de Cristina Kirchner eran por lo general pac\u00edficas, su gran tama\u00f1o estaba generando muchos inconvenientes en el tranquilo barrio residencial de Recoleta.<\/p>\n<\/div>\n<div dir=\"ltr\" class=\"bbc-19j92fr ebmt73l0\" readability=\"13\">\n<p dir=\"ltr\" class=\"bbc-hhl7in e17g058b0\">Para evitar estos problemas, el alcalde de Buenos Aires y l\u00edder opositor <b>Horacio Rodr\u00edguez Larreta<\/b>, un probable candidato presidencial en las elecciones del a\u00f1o pr\u00f3ximo, hab\u00eda ordenado a la polic\u00eda de la ciudad que pusiera vallas en las inmediaciones de la residencia en la madrugada del s\u00e1bado y ampliara su presencia en el lugar.<\/p>\n<\/div>\n<div dir=\"ltr\" class=\"bbc-19j92fr ebmt73l0\" readability=\"9\">\n<p dir=\"ltr\" class=\"bbc-hhl7in e17g058b0\">Pero la medida fue considerada una provocaci\u00f3n por el kirchnerismo, e incluso la propia vicepresidenta denunci\u00f3 a trav\u00e9s de sus redes sociales que se buscaba &#8220;sitiar a la vicepresidenta&#8221;.<\/p>\n<\/div>\n<div dir=\"ltr\" class=\"bbc-19j92fr ebmt73l0\" readability=\"11\">\n<p dir=\"ltr\" class=\"bbc-hhl7in e17g058b0\">Tras graves enfrentamientos entre centenares de manifestantes y la polic\u00eda porte\u00f1a, que dejaron a <b>14 uniformados heridos y llevaron al arresto de tres dirigentes kirchneristas,<\/b> Larreta acord\u00f3 con el gobierno nacional dar marcha atr\u00e1s con el operativo policial.<\/p>\n<\/div>\n<div dir=\"ltr\" class=\"bbc-19j92fr ebmt73l0\" readability=\"14\">\n<p dir=\"ltr\" class=\"bbc-hhl7in e17g058b0\">El martes, el ministro de Seguridad nacional, An\u00edbal Fern\u00e1ndez, orden\u00f3 &#8220;ampliar la custodia de la vicepresidenta&#8221;, formada por unos cien efectivos que trabajan en tres turnos, para custodiar tambi\u00e9n su casa con &#8220;fuerzas federales&#8221;.<\/p>\n<\/div>\n<div dir=\"ltr\" class=\"bbc-19j92fr ebmt73l0\" readability=\"9\">\n<p dir=\"ltr\" class=\"bbc-hhl7in e17g058b0\">El objetivo, dijo, era &#8220;evitar hechos como los que ocurrieron durante el pasado s\u00e1bado&#8221;.<\/p>\n<\/div>\n<div dir=\"ltr\" class=\"bbc-19j92fr ebmt73l0\" readability=\"13\">\n<p dir=\"ltr\" class=\"bbc-hhl7in e17g058b0\">&#8220;Dise\u00f1amos un operativo policial, fui a la Casa Rosada, lo habl\u00e9 con el presidente (Alberto Fern\u00e1ndez), lo consensu\u00f3 con la Vicepresidenta y luego yo se lo instru\u00ed al jefe de Polic\u00eda (Federal)&#8221;, inform\u00f3 el ministro.<\/p>\n<\/div>\n<div dir=\"ltr\" class=\"bbc-19j92fr ebmt73l0\" readability=\"10\">\n<p dir=\"ltr\" class=\"bbc-hhl7in e17g058b0\">Fern\u00e1ndez explic\u00f3 que la expresidenta &#8220;tiene una custodia personal&#8221;, formada por unos cien efectivos, pero no ten\u00eda una custodia sobre su casa&#8221;.<\/p>\n<\/div>\n<div dir=\"ltr\" class=\"bbc-19j92fr ebmt73l0\" readability=\"10\">\n<p dir=\"ltr\" class=\"bbc-hhl7in e17g058b0\">&#8220;Con las cosas que han pasado, no podemos dejar todo librado al azar y resolvimos ampliar esa custodia que ten\u00eda hasta ese momento&#8221;, remarc\u00f3.<\/p>\n<\/div>\n<div dir=\"ltr\" class=\"bbc-19j92fr ebmt73l0\" readability=\"10\">\n<p dir=\"ltr\" class=\"bbc-hhl7in e17g058b0\">Fern\u00e1ndez afirm\u00f3 que no har\u00eda falta volver a vallar la zona, como hizo la polic\u00eda de la ciudad. &#8220;<b>No es necesario porque all\u00ed estar\u00e1n nuestras fuerzas<\/b>&#8220;, dijo.<\/p>\n<\/div>\n<p><h2 id=\"Qu\u00e9-fall\u00f3\" tabindex=\"-1\" class=\"bbc-1f03ibc eglt09e0\">Qu\u00e9 fall\u00f3<\/h2>\n<\/p>\n<div dir=\"ltr\" class=\"bbc-19j92fr ebmt73l0\" readability=\"9\">\n<p dir=\"ltr\" class=\"bbc-hhl7in e17g058b0\">A pesar de este refuerzo policial, los expertos en seguridad resaltan que la custodia de la vicepresidenta cometi\u00f3 varias fallas graves.<\/p>\n<\/div>\n<div dir=\"ltr\" class=\"bbc-1ka88fa ebmt73l0\">\n<figure class=\"bbc-1qdcvv9 e1aczekt0\">\n<div dir=\"ltr\" class=\"bbc-172p16q ebmt73l0\">\n<div dir=\"ltr\" class=\"bbc-189y18v ebmt73l0\" readability=\"6.5\">\n<div data-e2e=\"image-placeholder\" class=\"bbc-997y1y eihqrxw0\" readability=\"8\"><noscript><picture class=\"bbc-yfiktt e1mo64ex1\"><source srcset=\"http:\/\/cordobadirecto.com\/wp-content\/uploads\/2022\/09\/cristina-fernandez-de-kirchner-las-fallas-en-el-operativo-de-seguridad-durante-el-atentado-contra-la-vicepresidenta-de-argentina.webp 240w, http:\/\/cordobadirecto.com\/wp-content\/uploads\/2022\/09\/cristina-fernandez-de-kirchner-las-fallas-en-el-operativo-de-seguridad-durante-el-atentado-contra-la-vicepresidenta-de-argentina-1.webp 320w, http:\/\/cordobadirecto.com\/wp-content\/uploads\/2022\/09\/cristina-fernandez-de-kirchner-las-fallas-en-el-operativo-de-seguridad-durante-el-atentado-contra-la-vicepresidenta-de-argentina-2.webp 480w, http:\/\/cordobadirecto.com\/wp-content\/uploads\/2022\/09\/cristina-fernandez-de-kirchner-las-fallas-en-el-operativo-de-seguridad-durante-el-atentado-contra-la-vicepresidenta-de-argentina-3.webp 624w, http:\/\/cordobadirecto.com\/wp-content\/uploads\/2022\/09\/cristina-fernandez-de-kirchner-las-fallas-en-el-operativo-de-seguridad-durante-el-atentado-contra-la-vicepresidenta-de-argentina-4.webp 800w\" type=\"image\/webp\" sizes=\"(min-width: 1008px) 645px, 100vw\"><source srcset=\"https:\/\/ichef.bbci.co.uk\/news\/240\/cpsprodpb\/1EEC\/production\/_126561970_2.jpg 240w, https:\/\/ichef.bbci.co.uk\/news\/320\/cpsprodpb\/1EEC\/production\/_126561970_2.jpg 320w, https:\/\/ichef.bbci.co.uk\/news\/480\/cpsprodpb\/1EEC\/production\/_126561970_2.jpg 480w, https:\/\/ichef.bbci.co.uk\/news\/624\/cpsprodpb\/1EEC\/production\/_126561970_2.jpg 624w, https:\/\/ichef.bbci.co.uk\/news\/800\/cpsprodpb\/1EEC\/production\/_126561970_2.jpg 800w\" type=\"image\/jpeg\" sizes=\"(min-width: 1008px) 645px, 100vw\"><img loading=\"lazy\" src=\"http:\/\/cordobadirecto.com\/wp-content\/uploads\/2022\/09\/cristina-fernandez-de-kirchner-las-fallas-en-el-operativo-de-seguridad-durante-el-atentado-contra-la-vicepresidenta-de-argentina-1.jpg\" alt=\"cristina\" width=\"976\" height=\"549\" class=\"e3vrtyk0 bbc-rb7xa0 e1mo64ex0\"><\/picture><\/noscript><\/p>\n<p role=\"text\" class=\"bbc-1s1cxbv ewbcsnk0\"><span class=\"bbc-1gnhmg2 ed7bp6y0\">Fuente de la imagen, <\/span><span lang=\"en-GB\">Reuters<\/span><\/p>\n<\/div>\n<\/div>\n<div dir=\"ltr\" class=\"bbc-3edg7g ebmt73l0\" readability=\"7\"><figcaption dir=\"ltr\" class=\"bbc-rhuvwm e6i104o0\" readability=\"4\"><span class=\"bbc-1gnhmg2 ed7bp6y0\">Pie de foto, <\/span><\/p>\n<p>Los seguidores de Cristina Kirchner se vienen juntando afuera de su residencia en Recoleta hace unas dos semanas, en se\u00f1al de apoyo.<\/p>\n<\/figcaption><\/div>\n<\/div>\n<\/figure>\n<\/div>\n<div dir=\"ltr\" class=\"bbc-19j92fr ebmt73l0\" readability=\"10\">\n<p dir=\"ltr\" class=\"bbc-hhl7in e17g058b0\">La primera fue no haber anticipado el hecho, tomando medidas preventivas como apostar efectivos de civil entre la muchedumbre, para controlar lo que hac\u00edan.<\/p>\n<\/div>\n<div dir=\"ltr\" class=\"bbc-19j92fr ebmt73l0\" readability=\"10\">\n<p dir=\"ltr\" class=\"bbc-hhl7in e17g058b0\">En vez de eso, como se puede ver en las im\u00e1genes tomadas por los celulares de los presentes, la polic\u00eda form\u00f3 una especie de pasillo humano por donde transit\u00f3 la vicepresidenta.<\/p>\n<\/div>\n<div dir=\"ltr\" class=\"bbc-19j92fr ebmt73l0\" readability=\"9\">\n<p dir=\"ltr\" class=\"bbc-hhl7in e17g058b0\">Una vez cometido el fallido ataque, qued\u00f3 claro que la custodia tampoco ten\u00eda preparado un plan de acci\u00f3n en caso de una eventualidad como esa.<\/p>\n<\/div>\n<div dir=\"ltr\" class=\"bbc-19j92fr ebmt73l0\" readability=\"11\">\n<p dir=\"ltr\" class=\"bbc-hhl7in e17g058b0\">Tras disparar el gatillo, Sabag Montiel fue inicialmente retenido por manifestantes, y no uniformados, y la custodia no hizo nada para llevar a la vicepresidenta a un lugar seguro.<\/p>\n<\/div>\n<div dir=\"ltr\" class=\"bbc-1ka88fa ebmt73l0\">\n<figure class=\"bbc-1qdcvv9 e1aczekt0\">\n<div dir=\"ltr\" class=\"bbc-172p16q ebmt73l0\">\n<div dir=\"ltr\" class=\"bbc-189y18v ebmt73l0\" readability=\"6.5\">\n<div data-e2e=\"image-placeholder\" class=\"bbc-997y1y eihqrxw0\" readability=\"8\"><noscript><picture class=\"bbc-yfiktt e1mo64ex1\"><source srcset=\"http:\/\/cordobadirecto.com\/wp-content\/uploads\/2022\/09\/cristina-fernandez-de-kirchner-las-fallas-en-el-operativo-de-seguridad-durante-el-atentado-contra-la-vicepresidenta-de-argentina-5.webp 240w, http:\/\/cordobadirecto.com\/wp-content\/uploads\/2022\/09\/cristina-fernandez-de-kirchner-las-fallas-en-el-operativo-de-seguridad-durante-el-atentado-contra-la-vicepresidenta-de-argentina-6.webp 320w, http:\/\/cordobadirecto.com\/wp-content\/uploads\/2022\/09\/cristina-fernandez-de-kirchner-las-fallas-en-el-operativo-de-seguridad-durante-el-atentado-contra-la-vicepresidenta-de-argentina-7.webp 480w, http:\/\/cordobadirecto.com\/wp-content\/uploads\/2022\/09\/cristina-fernandez-de-kirchner-las-fallas-en-el-operativo-de-seguridad-durante-el-atentado-contra-la-vicepresidenta-de-argentina-8.webp 624w, http:\/\/cordobadirecto.com\/wp-content\/uploads\/2022\/09\/cristina-fernandez-de-kirchner-las-fallas-en-el-operativo-de-seguridad-durante-el-atentado-contra-la-vicepresidenta-de-argentina-9.webp 800w\" type=\"image\/webp\" sizes=\"(min-width: 1008px) 645px, 100vw\"><source srcset=\"https:\/\/ichef.bbci.co.uk\/news\/240\/cpsprodpb\/12C74\/production\/_126561967_63116a9dcd130_900.jpg 240w, https:\/\/ichef.bbci.co.uk\/news\/320\/cpsprodpb\/12C74\/production\/_126561967_63116a9dcd130_900.jpg 320w, https:\/\/ichef.bbci.co.uk\/news\/480\/cpsprodpb\/12C74\/production\/_126561967_63116a9dcd130_900.jpg 480w, https:\/\/ichef.bbci.co.uk\/news\/624\/cpsprodpb\/12C74\/production\/_126561967_63116a9dcd130_900.jpg 624w, https:\/\/ichef.bbci.co.uk\/news\/800\/cpsprodpb\/12C74\/production\/_126561967_63116a9dcd130_900.jpg 800w\" type=\"image\/jpeg\" sizes=\"(min-width: 1008px) 645px, 100vw\"><img loading=\"lazy\" src=\"http:\/\/cordobadirecto.com\/wp-content\/uploads\/2022\/09\/cristina-fernandez-de-kirchner-las-fallas-en-el-operativo-de-seguridad-durante-el-atentado-contra-la-vicepresidenta-de-argentina-2.jpg\" alt=\"sspechoso\" width=\"976\" height=\"549\" class=\"e3vrtyk0 bbc-rb7xa0 e1mo64ex0\"><\/picture><\/noscript><\/p>\n<p role=\"text\" class=\"bbc-1s1cxbv ewbcsnk0\"><span class=\"bbc-1gnhmg2 ed7bp6y0\">Fuente de la imagen, <\/span><span lang=\"en-GB\">RENAPER<\/span><\/p>\n<\/div>\n<\/div>\n<\/div>\n<\/figure>\n<\/div>\n<div dir=\"ltr\" class=\"bbc-19j92fr ebmt73l0\" readability=\"13\">\n<p dir=\"ltr\" class=\"bbc-hhl7in e17g058b0\">Por el contrario, Kirchner sigui\u00f3 saludando y acerc\u00e1ndose al p\u00fablico por seis minutos m\u00e1s -sin se\u00f1ales aparentes de que se hubiera dado cuenta de lo que ocurri\u00f3- hasta que finalmente ingres\u00f3 a su hogar, desplegando, en todo momento, una gran sonrisa.<\/p>\n<\/div>\n<div dir=\"ltr\" class=\"bbc-19j92fr ebmt73l0\" readability=\"11\">\n<p dir=\"ltr\" class=\"bbc-hhl7in e17g058b0\">Testigos que presenciaron los hechos afirmaron a los medios locales que, tras ser detenido por un grupo de militantes que s\u00ed hab\u00edan registrado la presencia del arma, Sabag Montiel la descart\u00f3 tir\u00e1ndola al piso y esta fue pisada.<\/p>\n<\/div>\n<div dir=\"ltr\" class=\"bbc-19j92fr ebmt73l0\" readability=\"9\">\n<p dir=\"ltr\" class=\"bbc-hhl7in e17g058b0\">El presunto homicida fue detenido en un patrullero durante unas tres horas -no se sabe si esposado- y reci\u00e9n entonces fue llevado a la Superintendencia de Investigaciones de la <b>Polic\u00eda Federal Argentina<\/b> (PFA) para ser interrogado.<\/p>\n<\/div>\n<div dir=\"ltr\" class=\"bbc-19j92fr ebmt73l0\" readability=\"12\">\n<p dir=\"ltr\" class=\"bbc-hhl7in e17g058b0\">En tanto, los peritos de la polic\u00eda retiraron el arma, aunque no se sabe si los pisotones pudieron haber causado alg\u00fan da\u00f1o o borrar alguna evidencia, otro detalle por el que se critic\u00f3 a la custodia.<\/p>\n<\/div>\n<p><h2 id=\"Las-c\u00e1maras\" tabindex=\"-1\" class=\"bbc-1f03ibc eglt09e0\">Las c\u00e1maras<\/h2>\n<\/p>\n<div dir=\"ltr\" class=\"bbc-19j92fr ebmt73l0\" readability=\"9\">\n<p dir=\"ltr\" class=\"bbc-hhl7in e17g058b0\">Mientras la Justicia investiga el fallido magnicidio, otro detalle m\u00e1s podr\u00eda complicar ese proceso: la falta de c\u00e1maras de seguridad en la zona donde vive la vicepresidenta.<\/p>\n<\/div>\n<div dir=\"ltr\" class=\"bbc-19j92fr ebmt73l0\" readability=\"11\">\n<p dir=\"ltr\" class=\"bbc-hhl7in e17g058b0\">\u00bfPor qu\u00e9 no hay c\u00e1maras all\u00ed, como en tantas otras calles de la ciudad? Porque en 2018 Kirchner denunci\u00f3 que las hab\u00edan puesto en la esquina de su residencia para &#8220;espiarla&#8221;, por lo que el gobierno de la ciudad las retir\u00f3.<\/p>\n<\/div>\n<div dir=\"ltr\" class=\"bbc-1ka88fa ebmt73l0\">\n<figure class=\"bbc-1qdcvv9 e1aczekt0\">\n<div dir=\"ltr\" class=\"bbc-172p16q ebmt73l0\">\n<div dir=\"ltr\" class=\"bbc-189y18v ebmt73l0\" readability=\"6.5\">\n<div data-e2e=\"image-placeholder\" class=\"bbc-997y1y eihqrxw0\" readability=\"8\"><noscript><picture class=\"bbc-yfiktt e1mo64ex1\"><source srcset=\"http:\/\/cordobadirecto.com\/wp-content\/uploads\/2022\/09\/cristina-fernandez-de-kirchner-las-fallas-en-el-operativo-de-seguridad-durante-el-atentado-contra-la-vicepresidenta-de-argentina-10.webp 240w, http:\/\/cordobadirecto.com\/wp-content\/uploads\/2022\/09\/cristina-fernandez-de-kirchner-las-fallas-en-el-operativo-de-seguridad-durante-el-atentado-contra-la-vicepresidenta-de-argentina-11.webp 320w, http:\/\/cordobadirecto.com\/wp-content\/uploads\/2022\/09\/cristina-fernandez-de-kirchner-las-fallas-en-el-operativo-de-seguridad-durante-el-atentado-contra-la-vicepresidenta-de-argentina-12.webp 480w, http:\/\/cordobadirecto.com\/wp-content\/uploads\/2022\/09\/cristina-fernandez-de-kirchner-las-fallas-en-el-operativo-de-seguridad-durante-el-atentado-contra-la-vicepresidenta-de-argentina-13.webp 624w, http:\/\/cordobadirecto.com\/wp-content\/uploads\/2022\/09\/cristina-fernandez-de-kirchner-las-fallas-en-el-operativo-de-seguridad-durante-el-atentado-contra-la-vicepresidenta-de-argentina-14.webp 800w\" type=\"image\/webp\" sizes=\"(min-width: 1008px) 645px, 100vw\"><source srcset=\"https:\/\/ichef.bbci.co.uk\/news\/240\/cpsprodpb\/B88F\/production\/_126574274_4.jpg 240w, https:\/\/ichef.bbci.co.uk\/news\/320\/cpsprodpb\/B88F\/production\/_126574274_4.jpg 320w, https:\/\/ichef.bbci.co.uk\/news\/480\/cpsprodpb\/B88F\/production\/_126574274_4.jpg 480w, https:\/\/ichef.bbci.co.uk\/news\/624\/cpsprodpb\/B88F\/production\/_126574274_4.jpg 624w, https:\/\/ichef.bbci.co.uk\/news\/800\/cpsprodpb\/B88F\/production\/_126574274_4.jpg 800w\" type=\"image\/jpeg\" sizes=\"(min-width: 1008px) 645px, 100vw\"><img loading=\"lazy\" src=\"http:\/\/cordobadirecto.com\/wp-content\/uploads\/2022\/09\/cristina-fernandez-de-kirchner-las-fallas-en-el-operativo-de-seguridad-durante-el-atentado-contra-la-vicepresidenta-de-argentina-3.jpg\" alt=\"cristina\" width=\"976\" height=\"549\" class=\"e3vrtyk0 bbc-rb7xa0 e1mo64ex0\"><\/picture><\/noscript><\/p>\n<p role=\"text\" class=\"bbc-1s1cxbv ewbcsnk0\"><span class=\"bbc-1gnhmg2 ed7bp6y0\">Fuente de la imagen, <\/span><span lang=\"en-GB\">Getty Images<\/span><\/p>\n<\/div>\n<\/div>\n<div dir=\"ltr\" class=\"bbc-3edg7g ebmt73l0\" readability=\"7\"><figcaption dir=\"ltr\" class=\"bbc-rhuvwm e6i104o0\" readability=\"4\"><span class=\"bbc-1gnhmg2 ed7bp6y0\">Pie de foto, <\/span><\/p>\n<p>No est\u00e1 claro si la vicepresidenta supo que fue v\u00edctima de un ataque, pero su custodia no la retir\u00f3 del lugar de inmediato.<\/p>\n<\/figcaption><\/div>\n<\/div>\n<\/figure>\n<\/div>\n<div dir=\"ltr\" class=\"bbc-19j92fr ebmt73l0\" readability=\"10\">\n<p dir=\"ltr\" class=\"bbc-hhl7in e17g058b0\">Los expertos dicen que sin esas im\u00e1genes ser\u00e1 muy dif\u00edcil investigar otro factor clave: <b>si Sabag Montiel actu\u00f3 con premeditaci\u00f3n<\/b>, si hizo inteligencia en la zona antes de anoche y si estaba solo o acompa\u00f1ando al momento del ataque.<\/p>\n<\/div>\n<div dir=\"ltr\" class=\"bbc-19j92fr ebmt73l0\" readability=\"9\">\n<p dir=\"ltr\" class=\"bbc-hhl7in e17g058b0\">Por ello, lo consideran una m\u00e1s de las fallas de seguridad que permitieron que casi ocurriera esta tragedia.<\/p>\n<\/div>\n<div dir=\"ltr\" class=\"bbc-19j92fr ebmt73l0\" readability=\"12\">\n<p dir=\"ltr\" class=\"bbc-hhl7in e17g058b0\">Aunque Cristina Kirchner no hizo declaraciones tras el atentado, qui\u00e9n s\u00ed habl\u00f3 fue uno de sus socios pol\u00edticos m\u00e1s cercanos, el senado Oscar Parrilli, quien exigi\u00f3 cambios en los procesos de seguridad.<\/p>\n<\/div>\n<div dir=\"ltr\" class=\"bbc-19j92fr ebmt73l0\" readability=\"9\">\n<p dir=\"ltr\" class=\"bbc-hhl7in e17g058b0\">&#8220;<b>Tiene que haber un replanteo de toda la manera en la que ella se contactaba con la gente<\/b>&#8220;, se\u00f1al\u00f3 en declaraciones a radio Nacional Rock.<\/p>\n<\/div>\n<div dir=\"ltr\" class=\"bbc-19j92fr ebmt73l0\" readability=\"10\">\n<p dir=\"ltr\" class=\"bbc-hhl7in e17g058b0\">&#8220;Tiene que haber cambios, desde ya va a tener que traer consecuencias para el futuro y un cambio en muchas de las conductas y maneras en las cuales ella se mov\u00eda&#8221;, plante\u00f3.<\/p>\n<\/div>\n<div dir=\"ltr\" class=\"bbc-19j92fr ebmt73l0\" readability=\"13\">\n<p dir=\"ltr\" class=\"bbc-hhl7in e17g058b0\">Por su parte, la presidenta de las <b>Madres de Plaza de Mayo<\/b>, Hebe de Bonafini, tambi\u00e9n cercana a Kirchner, pidi\u00f3 por redes sociales la renuncia del ministro de Seguridad, An\u00edbal Fern\u00e1ndez.<\/p>\n<\/div>\n<div dir=\"ltr\" class=\"bbc-1ka88fa ebmt73l0\">\n<figure class=\"bbc-1qdcvv9 e1aczekt0\">\n<div dir=\"ltr\" class=\"bbc-172p16q ebmt73l0\">\n<div dir=\"ltr\" class=\"bbc-189y18v ebmt73l0\">\n<div data-e2e=\"image-placeholder\" class=\"bbc-997y1y eihqrxw0\"><noscript><picture class=\"bbc-yfiktt e1mo64ex1\"><source srcset=\"http:\/\/cordobadirecto.com\/wp-content\/uploads\/2022\/09\/cristina-fernandez-de-kirchner-las-fallas-en-el-operativo-de-seguridad-durante-el-atentado-contra-la-vicepresidenta-de-argentina-15.webp 240w, http:\/\/cordobadirecto.com\/wp-content\/uploads\/2022\/09\/cristina-fernandez-de-kirchner-las-fallas-en-el-operativo-de-seguridad-durante-el-atentado-contra-la-vicepresidenta-de-argentina-16.webp 320w, http:\/\/cordobadirecto.com\/wp-content\/uploads\/2022\/09\/cristina-fernandez-de-kirchner-las-fallas-en-el-operativo-de-seguridad-durante-el-atentado-contra-la-vicepresidenta-de-argentina-17.webp 464w\" type=\"image\/webp\" sizes=\"(min-width: 1008px) 645px, 100vw\"><source srcset=\"https:\/\/ichef.bbci.co.uk\/news\/240\/cpsprodpb\/17F76\/production\/_123566189_line976.jpg 240w, https:\/\/ichef.bbci.co.uk\/news\/320\/cpsprodpb\/17F76\/production\/_123566189_line976.jpg 320w, https:\/\/ichef.bbci.co.uk\/news\/464\/cpsprodpb\/17F76\/production\/_123566189_line976.jpg 464w\" type=\"image\/jpeg\" sizes=\"(min-width: 1008px) 645px, 100vw\"><img loading=\"lazy\" src=\"http:\/\/cordobadirecto.com\/wp-content\/uploads\/2022\/09\/cristina-fernandez-de-kirchner-las-fallas-en-el-operativo-de-seguridad-durante-el-atentado-contra-la-vicepresidenta-de-argentina-4.jpg\" alt=\"L\u00ednea\" width=\"464\" height=\"2\" class=\"e3vrtyk0 bbc-rb7xa0 e1mo64ex0\"><\/picture><\/noscript><\/div>\n<\/div>\n<\/div>\n<\/figure>\n<\/div>\n<div dir=\"ltr\" class=\"bbc-19j92fr ebmt73l0\" readability=\"8\">\n<p dir=\"ltr\" class=\"bbc-hhl7in e17g058b0\"><i class=\"bbc-h1y5j7 eih42320\">Recuerda que <\/i><i class=\"bbc-h1y5j7 eih42320\">puedes recibir notificaciones de BBC Mundo. Descarga la nueva versi\u00f3n de nuestra app y act\u00edvalas para no perderte nuestro mejor contenido.<\/i><\/p>\n<\/div>\n","protected":false},"excerpt":{"rendered":"<p>Ver\u00f3nica Smink BBC News Mundo, Argentina 2 horas Fuente de la imagen, Reuters Pie de foto, El momento en que el arma apunta a la vicepresidenta. La imagen de la vicepresidenta de Argentina, Cristina Fern\u00e1ndez de Kirchner, con un arma apunt\u00e1ndole a cent\u00edmetros de su rostro ha dado la vuelta al mundo y sigue generando [&hellip;]<\/p>\n","protected":false},"author":1,"featured_media":76223,"comment_status":"closed","ping_status":"closed","sticky":false,"template":"","format":"standard","meta":[],"categories":[24],"tags":[],"_links":{"self":[{"href":"http:\/\/cordobadirecto.com\/index.php\/wp-json\/wp\/v2\/posts\/76222"}],"collection":[{"href":"http:\/\/cordobadirecto.com\/index.php\/wp-json\/wp\/v2\/posts"}],"about":[{"href":"http:\/\/cordobadirecto.com\/index.php\/wp-json\/wp\/v2\/types\/post"}],"author":[{"embeddable":true,"href":"http:\/\/cordobadirecto.com\/index.php\/wp-json\/wp\/v2\/users\/1"}],"replies":[{"embeddable":true,"href":"http:\/\/cordobadirecto.com\/index.php\/wp-json\/wp\/v2\/comments?post=76222"}],"version-history":[{"count":0,"href":"http:\/\/cordobadirecto.com\/index.php\/wp-json\/wp\/v2\/posts\/76222\/revisions"}],"wp:featuredmedia":[{"embeddable":true,"href":"http:\/\/cordobadirecto.com\/index.php\/wp-json\/wp\/v2\/media\/76223"}],"wp:attachment":[{"href":"http:\/\/cordobadirecto.com\/index.php\/wp-json\/wp\/v2\/media?parent=76222"}],"wp:term":[{"taxonomy":"category","embeddable":true,"href":"http:\/\/cordobadirecto.com\/index.php\/wp-json\/wp\/v2\/categories?post=76222"},{"taxonomy":"post_tag","embeddable":true,"href":"http:\/\/cordobadirecto.com\/index.php\/wp-json\/wp\/v2\/tags?post=76222"}],"curies":[{"name":"wp","href":"https:\/\/api.w.org\/{rel}","templated":true}]}}