{"id":76303,"date":"2022-09-03T12:00:57","date_gmt":"2022-09-03T12:00:57","guid":{"rendered":"http:\/\/cordobadirecto.com\/index.php\/2022\/09\/03\/con-un-repudio-al-atentado-contra-cfk-arranco-el-festival-del-cine-de-las-alturas\/"},"modified":"2022-09-03T12:00:57","modified_gmt":"2022-09-03T12:00:57","slug":"con-un-repudio-al-atentado-contra-cfk-arranco-el-festival-del-cine-de-las-alturas","status":"publish","type":"post","link":"http:\/\/cordobadirecto.com\/index.php\/2022\/09\/03\/con-un-repudio-al-atentado-contra-cfk-arranco-el-festival-del-cine-de-las-alturas\/","title":{"rendered":"Con un repudio al atentado contra CFK, arranc\u00f3 el Festival del Cine de las Alturas"},"content":{"rendered":"<figure class=\"mb-3\"><img loading=\"lazy\" src=\"http:\/\/cordobadirecto.com\/wp-content\/uploads\/2022\/09\/con-un-repudio-al-atentado-contra-cfk-arranco-el-festival-del-cine-de-las-alturas.jpg\" width=\"100%\" height=\"100%\" alt=\"Foto archivo\"><figcaption> Foto: archivo. <\/figcaption><\/figure>\n<p>La 8va edici\u00f3n del <strong>Festival Internacional de Cine de las Alturas arranc\u00f3 en San Salvador de Jujuy con un &#8220;en\u00e9rgico repudio&#8221; al atentado que sufri\u00f3 la vicepresidenta, Cristina Fern\u00e1ndez de Kirchner<\/strong>, y la proyecci\u00f3n del documental &#8220;La Pantalla Andina&#8221;, de la directora catalana Carmina Balaguer.<\/p>\n<p>Con la presencia de autoridades locales y provinciales, el puntapi\u00e9 inicial lo dio el coordinador general del certamen, Facundo Morales, quien emiti\u00f3 el repudio, pidi\u00f3 por el esclarecimiento del hecho y llam\u00f3 &#8220;a la paz social&#8221;.<\/p>\n<p>Morales estuvo junto al director art\u00edstico, Daniel Desaloms, encargado de mostrar preocupaci\u00f3n porque el Senado nacional todav\u00eda no sancion\u00f3 la ley que le da continuidad a las asignaciones para las industrias culturales, que vencen el 31 de diciembre. Sin esta ley, el Instituto de la M\u00fasica, el de Teatro, el Incaa y las bibliotecas populares perder\u00e1n fondos genuinos y pasar\u00e1n a depender de la discrecionalidad del Tesos Nacional que administre el gobierno de turno.<\/p>\n<h2 class>La apertura<\/h2>\n<p>El discurso de Desaloms comenz\u00f3 con un buen augurio por el regreso a la presencialidad plena en un festival que sum\u00f3 salas y que extendi\u00f3 sus sedes a Tilcara y Palpal\u00e1, aunque arroj\u00f3 n\u00fameros nacionales que llamaron a la desaz\u00f3n: menos del 10 por ciento del p\u00fablico del cine ve cintas nacionales, cuando hasta hace unos a\u00f1os ese porcentaje sub\u00eda al 30. Adem\u00e1s, reconoci\u00f3 que tras la pandemia, el p\u00fablico en sala se redujo en un 40 por ciento.<\/p>\n<p>Tras los discursos oficiales, Balaguer, presente en la sala, present\u00f3 su filme acerca del viaje de 20 horas que realiz\u00f3 a pie, junto al Cine M\u00f3vil, para llevar pel\u00edculas a una escuela aislada en la cordillera juje\u00f1a. Emotivo fue tanto el discurso como la proyecci\u00f3n, que cont\u00f3 con la presencia del equipo que hizo posible la proeza, adem\u00e1s de los seis alumnos del colegio, quienes, al rev\u00e9s que la producci\u00f3n, caminaron para llegar al festival.<\/p>\n<p>La pel\u00edcula cuenta con una factura realmente impactante del Norte argentino. Los planos llegan a captar la profundidad del paisaje y cuenta con momentos memorables, como la ma\u00f1ana, al despertar, en una cueva de monta\u00f1a en la que tuvieron que dormir y que, a 4500 metros sobre el nivel de mal, muestra a las nubes como si fuera una alfombra de algod\u00f3n debajo de sus pies.<\/p>\n<div class=\"video_repositive\"> <a class=\"video_sticky\" href=\"javascript:void();\" onclick=\"removeStuckVideo(true);\"><i class=\"far fa-window-close\"><\/i><\/a> <\/p>\n<div id=\"gphmU9QT8-A\" class=\"video_telam\" readability=\"6\">\n<div class=\"feature_article_inner\" readability=\"32\">\n<p><h2 class=\"text-center\">Trailer &#8211; La Pantalla Andina<\/h2>\n<\/p><\/div>\n<p>VER VIDEO <i class=\"fas fa-play\"><\/i><\/p>\n<\/p><\/div><\/div>\n<p>La traves\u00eda ten\u00eda como punto c\u00falmine el paraje de Yaquispampa (al sur de Tilcara), donde est\u00e1 la escuela rural y la agricultura y el ganado son su forma de subsistir, tal como explica el m\u00e9dico del lugar, quien est\u00e1 a media hora de caminata de las casas. La zona est\u00e1 tan aislada que de haber una emergencia se tarda no menos de 24 horas para llegar al primer pueblo.<\/p>\n<p>El p\u00fablico aplaudi\u00f3 de pie tanto a la maestra del colegio como a los alumnos y al equipo del Cine M\u00f3vil y m\u00e1s de uno se emocion\u00f3 con esta historia que refleja los esfuerzos por el cine y por mantener los estudios.<\/p>\n<p>El festival se extiende con actividades y funciones con acceso gratuito hasta el 11 de septiembre. <\/p>\n","protected":false},"excerpt":{"rendered":"<p>Foto: archivo. La 8va edici\u00f3n del Festival Internacional de Cine de las Alturas arranc\u00f3 en San Salvador de Jujuy con un &#8220;en\u00e9rgico repudio&#8221; al atentado que sufri\u00f3 la vicepresidenta, Cristina Fern\u00e1ndez de Kirchner, y la proyecci\u00f3n del documental &#8220;La Pantalla Andina&#8221;, de la directora catalana Carmina Balaguer. Con la presencia de autoridades locales y provinciales, [&hellip;]<\/p>\n","protected":false},"author":1,"featured_media":76304,"comment_status":"closed","ping_status":"closed","sticky":false,"template":"","format":"standard","meta":[],"categories":[20],"tags":[],"_links":{"self":[{"href":"http:\/\/cordobadirecto.com\/index.php\/wp-json\/wp\/v2\/posts\/76303"}],"collection":[{"href":"http:\/\/cordobadirecto.com\/index.php\/wp-json\/wp\/v2\/posts"}],"about":[{"href":"http:\/\/cordobadirecto.com\/index.php\/wp-json\/wp\/v2\/types\/post"}],"author":[{"embeddable":true,"href":"http:\/\/cordobadirecto.com\/index.php\/wp-json\/wp\/v2\/users\/1"}],"replies":[{"embeddable":true,"href":"http:\/\/cordobadirecto.com\/index.php\/wp-json\/wp\/v2\/comments?post=76303"}],"version-history":[{"count":0,"href":"http:\/\/cordobadirecto.com\/index.php\/wp-json\/wp\/v2\/posts\/76303\/revisions"}],"wp:featuredmedia":[{"embeddable":true,"href":"http:\/\/cordobadirecto.com\/index.php\/wp-json\/wp\/v2\/media\/76304"}],"wp:attachment":[{"href":"http:\/\/cordobadirecto.com\/index.php\/wp-json\/wp\/v2\/media?parent=76303"}],"wp:term":[{"taxonomy":"category","embeddable":true,"href":"http:\/\/cordobadirecto.com\/index.php\/wp-json\/wp\/v2\/categories?post=76303"},{"taxonomy":"post_tag","embeddable":true,"href":"http:\/\/cordobadirecto.com\/index.php\/wp-json\/wp\/v2\/tags?post=76303"}],"curies":[{"name":"wp","href":"https:\/\/api.w.org\/{rel}","templated":true}]}}