{"id":76305,"date":"2022-09-03T12:01:00","date_gmt":"2022-09-03T12:01:00","guid":{"rendered":"http:\/\/cordobadirecto.com\/index.php\/2022\/09\/03\/thelma-fardin-hace-tiempo-venimos-advirtiendo-una-escalada-de-la-violencia\/"},"modified":"2022-09-03T12:01:00","modified_gmt":"2022-09-03T12:01:00","slug":"thelma-fardin-hace-tiempo-venimos-advirtiendo-una-escalada-de-la-violencia","status":"publish","type":"post","link":"http:\/\/cordobadirecto.com\/index.php\/2022\/09\/03\/thelma-fardin-hace-tiempo-venimos-advirtiendo-una-escalada-de-la-violencia\/","title":{"rendered":"Thelma Fardin: &#8220;Hace tiempo venimos advirtiendo una escalada de la violencia&#8221;"},"content":{"rendered":"<figure class=\"mb-3\"><img loading=\"lazy\" src=\"http:\/\/cordobadirecto.com\/wp-content\/uploads\/2022\/09\/thelma-fardin-hace-tiempo-venimos-advirtiendo-una-escalada-de-la-violencia.jpg\" width=\"100%\" height=\"100%\" alt=\"Fardin No pueden seguir diciendo que es un hecho aislado ni plantear que solo es cuestin de que la justicia acte Foto archivo Victor Carreira\"><figcaption> Fardin: &#8220;No pueden seguir diciendo que es un hecho aislado ni plantear que solo es cuesti\u00f3n de que la justicia act\u00fae&#8221; \/ Foto archivo Victor Carreira <\/figcaption><\/figure>\n<p>La actriz Thelma Fardin asegur\u00f3 que <strong>&#8220;hace tiempo venimos advirtiendo una escalda de la violencia, con discursos reaccionarios y plagados de odio&#8221;<\/strong>, al reflexionar sobre el <a href=\"https:\/\/www.telam.com.ar\/notas\/202209\/603562-persona-armada-casa-cristina-fernandez-kirchner.html\" target=\"_blank\" rel=\"noopener\">atentado que sufri\u00f3 en la noche de este jueves la vicepresidenta<\/a>, Cristina Fern\u00e1ndez Kirchner.<\/p>\n<p>&#8220;Cuando los dirigentes enuncian &#8216;son ellos o nosotros&#8217;, &#8216;quien quiera estar armado que est\u00e9 armando&#8217;, &#8216;hay que meter bala&#8217; o &#8216;transformarlos en queso gruyer&#8217; le est\u00e1n hablando a una sociedad que adem\u00e1s viene de atravesar una \u00e9poca devastadora y desconcertante como fue el aislamiento, con todas las consecuencias emocionales y ps\u00edquicas que eso acarre\u00f3&#8221;, agreg\u00f3 Fardin en charla con T\u00e9lam.<\/p>\n<blockquote class=\"instagram-media\" data-instgrm-captioned data-instgrm-permalink=\"https:\/\/www.instagram.com\/p\/CiBZJlAuyXN\/?utm_source=ig_embed&amp;utm_campaign=loading\" data-instgrm-version=\"14\" readability=\"-0.21428571428571\"><\/blockquote>\n<p>La actriz y militante feminista remarc\u00f3 que &#8220;en un contexto b\u00e9lico donde parece haberse acabado el di\u00e1logo y el consenso, deben responsabilizarse por lo que generan en el imaginario colectivo&#8221;.<\/p>\n<p>A su vez, Fardin, que tramita una causa judicial por abuso sexual contra Juan Darth\u00e9s, remarc\u00f3 que como sociedad &#8220;tenemos que estar movilizados, poniendo el cuerpo en disputa y en la calle donde se defienden los derechos conquistados&#8221;.<\/p>\n<p>&#8220;No pueden desde la pol\u00edtica -agreg\u00f3- seguir diciendo que esto es un hecho aislado ni plantear que solo es cuesti\u00f3n de que la justicia act\u00fae. Esto atraviesa a todo el conjunto de la sociedad. Dijimos nunca m\u00e1s a la violencia hace 39 a\u00f1os, debemos resistir en paz. No podemos enunciar m\u00e1s &#8216;si la tocan a Cristina&#8217;, a Cristina ya la tocaron, la quisieron asesinar. Si este no es el l\u00edmite, \u00bfentonces cu\u00e1l?&#8221;<\/p>\n<blockquote class=\"twitter-tweet\" readability=\"8.4535714285714\">\n<p lang=\"es\" dir=\"ltr\">No s\u00f3lo Amalia Granata debe ser expulsada, tambi\u00e9n la bestia de Francisco Sanches que hace una semana ped\u00eda pena de muerte. <br \/>Y no nos olvidemos de L\u00f3pez Murphy diciendo \u201cson ellos o nosotros\u201d. <br \/>Repudio, angustia y dolor.<\/p>\n<p>\u2014 Thelma Fardin (@soythelmafardin) <a href=\"https:\/\/twitter.com\/soythelmafardin\/status\/1565533940592611335?ref_src=twsrc%5Etfw\">September 2, 2022<\/a><\/p><\/blockquote>\n","protected":false},"excerpt":{"rendered":"<p>Fardin: &#8220;No pueden seguir diciendo que es un hecho aislado ni plantear que solo es cuesti\u00f3n de que la justicia act\u00fae&#8221; \/ Foto archivo Victor Carreira La actriz Thelma Fardin asegur\u00f3 que &#8220;hace tiempo venimos advirtiendo una escalda de la violencia, con discursos reaccionarios y plagados de odio&#8221;, al reflexionar sobre el atentado que sufri\u00f3 [&hellip;]<\/p>\n","protected":false},"author":1,"featured_media":76306,"comment_status":"closed","ping_status":"closed","sticky":false,"template":"","format":"standard","meta":[],"categories":[20],"tags":[],"_links":{"self":[{"href":"http:\/\/cordobadirecto.com\/index.php\/wp-json\/wp\/v2\/posts\/76305"}],"collection":[{"href":"http:\/\/cordobadirecto.com\/index.php\/wp-json\/wp\/v2\/posts"}],"about":[{"href":"http:\/\/cordobadirecto.com\/index.php\/wp-json\/wp\/v2\/types\/post"}],"author":[{"embeddable":true,"href":"http:\/\/cordobadirecto.com\/index.php\/wp-json\/wp\/v2\/users\/1"}],"replies":[{"embeddable":true,"href":"http:\/\/cordobadirecto.com\/index.php\/wp-json\/wp\/v2\/comments?post=76305"}],"version-history":[{"count":0,"href":"http:\/\/cordobadirecto.com\/index.php\/wp-json\/wp\/v2\/posts\/76305\/revisions"}],"wp:featuredmedia":[{"embeddable":true,"href":"http:\/\/cordobadirecto.com\/index.php\/wp-json\/wp\/v2\/media\/76306"}],"wp:attachment":[{"href":"http:\/\/cordobadirecto.com\/index.php\/wp-json\/wp\/v2\/media?parent=76305"}],"wp:term":[{"taxonomy":"category","embeddable":true,"href":"http:\/\/cordobadirecto.com\/index.php\/wp-json\/wp\/v2\/categories?post=76305"},{"taxonomy":"post_tag","embeddable":true,"href":"http:\/\/cordobadirecto.com\/index.php\/wp-json\/wp\/v2\/tags?post=76305"}],"curies":[{"name":"wp","href":"https:\/\/api.w.org\/{rel}","templated":true}]}}