{"id":76309,"date":"2022-09-02T19:44:19","date_gmt":"2022-09-02T19:44:19","guid":{"rendered":"https:\/\/www.ole.com.ar\/autos\/oscar-piastri-piloto-mclaren-alpine-f1_0_MElLJt7Nfc.html"},"modified":"2022-09-02T19:44:19","modified_gmt":"2022-09-02T19:44:19","slug":"se-termino-la-novela-piastri-correra-en-mclaren","status":"publish","type":"post","link":"http:\/\/cordobadirecto.com\/index.php\/2022\/09\/02\/se-termino-la-novela-piastri-correra-en-mclaren\/","title":{"rendered":"Se termin\u00f3 la novela: Piastri correr\u00e1 en McLaren"},"content":{"rendered":"<p>Despu\u00e9s de tantas idas y vueltas y de salidas y de toda la pol\u00e9mica que gir\u00f3 en torno a su futuro, <strong><a alt=\"oscar-piastri\" class=\"slug\" href=\"https:\/\/www.ole.com.ar\/tema\/oscar-piastri.html\" target=\"_blank\" title=\"oscar-piastri\" rel=\"noopener\">Oscar Piastri <\/a><\/strong>logr\u00f3 conseguir lo que tanto anhelaba: <strong>se confirm\u00f3 su llegada a McLaren<\/strong>, situaci\u00f3n que le permitir\u00e1 correr en la <strong><a alt=\"formula-1\" class=\"slug\" href=\"https:\/\/www.ole.com.ar\/tema\/formula-1.html\" target=\"_blank\" title=\"formula-1\" rel=\"noopener\">F\u00f3rmula 1<\/a><\/strong> en 2023 como piloto oficial de la escuder\u00eda brit\u00e1nica.<\/p>\n<div class=\"sp__Normal\">\n<div class=\"image-embeb image-trigger\" readability=\"6\">\n<picture><source media=\"(min-width: 720px)\" srcset=\"http:\/\/cordobadirecto.com\/wp-content\/uploads\/2022\/09\/se-termino-la-novela-piastri-correra-en-mclaren.jpg\"><img itemprop=\"image\" src=\"http:\/\/cordobadirecto.com\/wp-content\/uploads\/2022\/09\/se-termino-la-novela-piastri-correra-en-mclaren.jpg\" loading=\"lazy\" alt=\"Oscar Piastri no correr\u00e1 en Alpine y s\u00ed lo har\u00e1 en McLaren.\">\n<\/picture><figcaption readability=\"2\">\n<p>Oscar Piastri no correr\u00e1 en Alpine y s\u00ed lo har\u00e1 en McLaren.\n<\/p>\n<\/figcaption><\/div>\n<\/div>\n<p>Campe\u00f3n de la F\u00f3rmula 2 el a\u00f1o pasado y uno de los pilotos m\u00e1s prometedores, <strong>el australiano le gan\u00f3 la batalla legal a <a alt=\"alpine\" class=\"slug\" href=\"https:\/\/www.ole.com.ar\/tema\/alpine.html\" target=\"_blank\" title=\"alpine\" rel=\"noopener\">Alpine<\/a><\/strong>, que so\u00f1aba con ascenderlo de piloto de reserva -su rol actual- a compa\u00f1ero de Esteban Ocon en 2023. Sin embargo, Piastri ya ven\u00eda negociando con McLaren y pudo oficializar su llegada despu\u00e9s de que la justicia le diera la raz\u00f3n en la desvinculaci\u00f3n con el equipo franc\u00e9s.<\/p>\n<div class=\"sp__SM\">\n<div class=\"content-new \">\n<span class=\"tit-mobile\">Mir\u00e1 tambi\u00e9n<\/span><\/p>\n<div class=\"mg\">\n<div class=\"wrap-figure\">\n<picture>\n<a href=\"https:\/\/www.ole.com.ar\/autos\/verstappen-practica-caja-formula-1_0_VG76YhPg2d.html\" target=\"_self\" rel=\"noopener\"><br \/>\n<img class=\"img-responsive\" alt=\"El problema de Verstappen que ilusiona a todos sus perseguidores\" src=\"http:\/\/cordobadirecto.com\/wp-content\/uploads\/2022\/09\/se-termino-la-novela-piastri-correra-en-mclaren-1.jpg\" loading=\"lazy\"><br \/>\n<\/a>\n<\/picture>\n<\/div>\n<\/div><\/div>\n<\/div>\n<p>&#8220;El Tribunal ha emitido una decisi\u00f3n un\u00e1nime de que el \u00fanico contrato reconocido es el contrato entre McLaren Racing Limited y el Sr. Piastri con fecha 4 de julio de 2022&#8221;, explic\u00f3 la FIA en comunicado.<\/p>\n<div class=\"sp__Normal htmlLibre\">\n<div class=\"embed-responsive-c\" readability=\"5.8202247191011\">\n<blockquote class=\"twitter-tweet\" readability=\"5.8202247191011\">\n<p lang=\"en\" dir=\"ltr\">We have signed 2021 F2 champion <a href=\"https:\/\/twitter.com\/OscarPiastri?ref_src=twsrc%5Etfw\">@OscarPiastri<\/a>.<\/p>\n<p>Oscar joins Lando to form our exciting F1 driver line-up from 2023. \ud83d\udc4a<\/p>\n<p>Full story. \u2b07\ufe0f<\/p>\n<p>\u2014 McLaren (@McLarenF1) <a href=\"https:\/\/twitter.com\/McLarenF1\/status\/1565698471444844544?ref_src=twsrc%5Etfw\">September 2, 2022<\/a><\/p><\/blockquote><\/div>\n<\/div>\n<p>&#8220;<strong>Estoy muy emocionado de hacer mi debut en la F1 con un equipo tan prestigioso como McLaren<\/strong> y estoy muy agradecido por la oportunidad que se me ha brindado. El equipo tiene una larga tradici\u00f3n de darle una oportunidad a los j\u00f3venes talentos, y estoy deseando trabajar duro junto a Lando para llevar al equipo al frente de la parrilla. Es por eso que ya estoy enfocado en prepararme para mi debut en la F1 en 2023&#8243;, afirm\u00f3 Piastri, quien firm\u00f3 un contrato de &#8220;varios a\u00f1os&#8221; con McLaren.<\/p>\n<div class=\"sp__SM\">\n<div class=\"content-new \">\n<span class=\"tit-mobile\">Mir\u00e1 tambi\u00e9n<\/span><\/p>\n<div class=\"mg\">\n<div class=\"wrap-figure\">\n<picture>\n<a href=\"https:\/\/www.ole.com.ar\/sportclub\/emanuel-moriatis-sportclub-turismo-nacio_0_OuIjKcbEuL.html\" target=\"_self\" rel=\"noopener\"><br \/>\n<img class=\"img-responsive\" alt=\"&quot;Entrenar te alarga la carrera&quot;\" src=\"http:\/\/cordobadirecto.com\/wp-content\/uploads\/2022\/09\/se-termino-la-novela-piastri-correra-en-mclaren-2.jpg\" loading=\"lazy\"><br \/>\n<\/a>\n<\/picture>\n<\/div>\n<\/div><\/div>\n<\/div>\n<p>Adem\u00e1s, Zak Brown, jefe de equipo de los brit\u00e1nicos, dijo: &#8220;<strong>Oscar es uno de los talentos emergentes que llegan a la F1 y estamos encantados de verlo unirse al equipo para 2023.<\/strong> Ganar tanto en F3 como en F2 en sucesivas temporadas es un logro real que grafica su talento&#8221;. Y agreg\u00f3: &#8220;En Lando y Oscar tenemos una alineaci\u00f3n de F1 joven y emocionante con un gran potencial, lo que nos coloca en una buena posici\u00f3n para lograr nuestras ambiciones futuras&#8221;. <\/p>\n<div class=\"sp__Normal\">\n<div class=\"image-embeb image-trigger\" readability=\"6\">\n<picture><source media=\"(min-width: 720px)\" srcset=\"http:\/\/cordobadirecto.com\/wp-content\/uploads\/2022\/09\/se-termino-la-novela-piastri-correra-en-mclaren-3.jpg\"><img itemprop=\"image\" src=\"http:\/\/cordobadirecto.com\/wp-content\/uploads\/2022\/09\/se-termino-la-novela-piastri-correra-en-mclaren-3.jpg\" loading=\"lazy\" alt=\"Debut para Piastri en la categor\u00eda. (Reuters)\">\n<\/picture><figcaption readability=\"2\">\n<p>Debut para Piastri en la categor\u00eda. (Reuters)\n<\/p>\n<\/figcaption><\/div>\n<\/div>\n<p>De esta manera, l<strong>a dupla de McLaren para la pr\u00f3xima temporada estar\u00e1 compuesta por Lando Norris y el mencionado Piastri<\/strong>,<strong> quien reemplazar\u00e1 a Daniel Ricciardo<\/strong>. Justamente, el experimentado piloto aussie parece no tener mucho lugar en la categor\u00eda y uno de los \u00faltimos rumores que circul\u00f3 es que Mercedes podr\u00eda ofrecerle un lugar como pilotos de reserva.<\/p>\n<h2><strong>C\u00f3mo sigue la F\u00f3rmula 1<\/strong><\/h2>\n<p>Despu\u00e9s de las primeras dos tandas de libres de este viernes que <a data-cke-saved-href=\"https:\/\/www.ole.com.ar\/autos\/verstappen-practica-caja-formula-1_0_VG76YhPg2d.html\" target=\"_blank\" href=\"https:\/\/www.ole.com.ar\/autos\/verstappen-practica-caja-formula-1_0_VG76YhPg2d.html\" rel=\"noopener\"><strong>tuvo a Max Verstappen con problemas<\/strong><\/a>, este s\u00e1bado habr\u00e1 una tercera y \u00faltima prueba de entrenamientos para terminar de adaptarse a las pistas, que se llevar\u00e1&nbsp;a cabo desde las 7. Luego, a las 10, se realizar\u00e1 la clasificaci\u00f3n para determinar la grilla de partida de la final del domingo estipulada para las 10 y que ser\u00e1 a 72 vueltas. Todo se podr\u00e1 seguir por Fox Sports y Star+.<\/p>\n<div class=\"sp__SM\">\n<div class=\"content-new \">\n<span class=\"tit-mobile\">Mir\u00e1 tambi\u00e9n<\/span><\/p>\n<div class=\"mg\">\n<div class=\"wrap-figure\">\n<picture>\n<a href=\"https:\/\/www.ole.com.ar\/autos\/canapino-mejor-companero-equipo_0_yctWf6bvZR.html\" target=\"_self\" rel=\"noopener\"><br \/>\n<img class=\"img-responsive\" alt=\"Canapino eligi\u00f3 a su mejor compa\u00f1ero de equipo\" src=\"http:\/\/cordobadirecto.com\/wp-content\/uploads\/2022\/09\/se-termino-la-novela-piastri-correra-en-mclaren-4.jpg\" loading=\"lazy\"><br \/>\n<\/a>\n<\/picture>\n<\/div>\n<\/div><\/div>\n<\/div>\n<div class=\"entry-tags\">\n<h2>TEMAS QUE APARECEN EN ESTA NOTA<\/h2>\n<\/p><\/div>\n","protected":false},"excerpt":{"rendered":"<p>Despu\u00e9s de tantas idas y vueltas y de salidas y de toda la pol\u00e9mica que gir\u00f3 en torno a su futuro, Oscar Piastri logr\u00f3 conseguir lo que tanto anhelaba: se confirm\u00f3 su llegada a McLaren, situaci\u00f3n que le permitir\u00e1 correr en la F\u00f3rmula 1 en 2023 como piloto oficial de la escuder\u00eda brit\u00e1nica. Oscar Piastri [&hellip;]<\/p>\n","protected":false},"author":1,"featured_media":76310,"comment_status":"closed","ping_status":"closed","sticky":false,"template":"","format":"standard","meta":[],"categories":[21],"tags":[],"_links":{"self":[{"href":"http:\/\/cordobadirecto.com\/index.php\/wp-json\/wp\/v2\/posts\/76309"}],"collection":[{"href":"http:\/\/cordobadirecto.com\/index.php\/wp-json\/wp\/v2\/posts"}],"about":[{"href":"http:\/\/cordobadirecto.com\/index.php\/wp-json\/wp\/v2\/types\/post"}],"author":[{"embeddable":true,"href":"http:\/\/cordobadirecto.com\/index.php\/wp-json\/wp\/v2\/users\/1"}],"replies":[{"embeddable":true,"href":"http:\/\/cordobadirecto.com\/index.php\/wp-json\/wp\/v2\/comments?post=76309"}],"version-history":[{"count":0,"href":"http:\/\/cordobadirecto.com\/index.php\/wp-json\/wp\/v2\/posts\/76309\/revisions"}],"wp:featuredmedia":[{"embeddable":true,"href":"http:\/\/cordobadirecto.com\/index.php\/wp-json\/wp\/v2\/media\/76310"}],"wp:attachment":[{"href":"http:\/\/cordobadirecto.com\/index.php\/wp-json\/wp\/v2\/media?parent=76309"}],"wp:term":[{"taxonomy":"category","embeddable":true,"href":"http:\/\/cordobadirecto.com\/index.php\/wp-json\/wp\/v2\/categories?post=76309"},{"taxonomy":"post_tag","embeddable":true,"href":"http:\/\/cordobadirecto.com\/index.php\/wp-json\/wp\/v2\/tags?post=76309"}],"curies":[{"name":"wp","href":"https:\/\/api.w.org\/{rel}","templated":true}]}}