{"id":76311,"date":"2022-09-02T19:18:13","date_gmt":"2022-09-02T19:18:13","guid":{"rendered":"https:\/\/www.ole.com.ar\/autos\/verstappen-practica-caja-formula-1_0_VG76YhPg2d.html"},"modified":"2022-09-02T19:18:13","modified_gmt":"2022-09-02T19:18:13","slug":"el-problema-de-verstappen-que-ilusiona-a-todos-sus-perseguidores","status":"publish","type":"post","link":"http:\/\/cordobadirecto.com\/index.php\/2022\/09\/02\/el-problema-de-verstappen-que-ilusiona-a-todos-sus-perseguidores\/","title":{"rendered":"El problema de Verstappen que ilusiona a todos sus perseguidores"},"content":{"rendered":"<p>El jueves, en pleno media day, a <strong>Lando Norris<\/strong> le preguntaron si se ve\u00eda con chances de ganar en el Gran Premio de los Pa\u00edses Bajos y respondi\u00f3: &#8220;Me encantar\u00eda, pero sinceramente todo indica que la carrera se la va a quedar Max&#8221;. La superioridad que est\u00e1 marcando <strong><a alt=\"max-verstappen\" class=\"slug\" href=\"https:\/\/www.ole.com.ar\/tema\/max-verstappen.html\" target=\"_blank\" title=\"max-verstappen\" rel=\"noopener\">Verstappen <\/a><\/strong>en el campeonato (le saca 93 puntos a Sergio P\u00e9rez, su principal perseguidor) es tan grande que hasta sus rivales ya no se molestan en admitir la situaci\u00f3n en la que se encuentran frente a quien cuenta con todos los boletos para ser bicampe\u00f3n de la <strong><a alt=\"formula-1\" class=\"slug\" href=\"https:\/\/www.ole.com.ar\/tema\/formula-1.html\" target=\"_blank\" title=\"formula-1\" rel=\"noopener\">F\u00f3rmula 1<\/a><\/strong>. Sin embargo, <strong>su inicio en este fin de semana no fue el m\u00e1s alentador y le abri\u00f3 cierta esperanza a sus competidores.<\/strong><\/p>\n<div class=\"sp__Normal\">\n<div class=\"image-embeb image-trigger\" readability=\"6\">\n<picture><source media=\"(min-width: 720px)\" srcset=\"http:\/\/cordobadirecto.com\/wp-content\/uploads\/2022\/09\/el-problema-de-verstappen-que-ilusiona-a-todos-sus-perseguidores.jpg\"><img itemprop=\"image\" src=\"http:\/\/cordobadirecto.com\/wp-content\/uploads\/2022\/09\/el-problema-de-verstappen-que-ilusiona-a-todos-sus-perseguidores.jpg\" loading=\"lazy\" alt=\"Verstappen es local en Pa\u00edses Bajos. (AFP)\">\n<\/picture><figcaption readability=\"2\">\n<p>Verstappen es local en Pa\u00edses Bajos. (AFP)\n<\/p>\n<\/figcaption><\/div>\n<\/div>\n<p>Es que <strong>el neerland\u00e9s sufri\u00f3 un problema en la caja de cambio<\/strong> a los pocos minutos de haber iniciado la primera sesi\u00f3n de pr\u00e1cticas libres de este viernes, hecho que lo oblig\u00f3 a estacionar el auto sobre un costado de la pista y a que lo remolcaran hasta los boxes para que sus mec\u00e1nicos trabajaran en el tema. Si bien luego logr\u00f3 salir a probar las condiciones en el segundo turno de entrenamientos,<strong> Verstappen admiti\u00f3 que se encuentra en desventaja con respecto a sus compa\u00f1eros<\/strong>.<\/p>\n<div class=\"sp__SM\">\n<div class=\"content-new \">\n<span class=\"tit-mobile\">Mir\u00e1 tambi\u00e9n<\/span><\/p>\n<div class=\"mg\">\n<div class=\"wrap-figure\">\n<picture>\n<a href=\"https:\/\/www.ole.com.ar\/autos\/canapino-mejor-companero-equipo_0_yctWf6bvZR.html\" target=\"_self\" rel=\"noopener\"><br \/>\n<img class=\"img-responsive\" alt=\"Canapino eligi\u00f3 a su mejor compa\u00f1ero de equipo\" src=\"http:\/\/cordobadirecto.com\/wp-content\/uploads\/2022\/09\/el-problema-de-verstappen-que-ilusiona-a-todos-sus-perseguidores-1.jpg\" loading=\"lazy\"><br \/>\n<\/a>\n<\/picture>\n<\/div>\n<\/div><\/div>\n<\/div>\n<p>&#8220;Cuando hicimos la pr\u00e1ctica libre 2 notamos que el equilibrio no fue muy bueno, pero en una sesi\u00f3n de una hora realmente no se puede cambiar muchas cosas del auto. Es por eso que&nbsp;tratamos de lidiar con lo que ten\u00edamos, y eso nos termin\u00f3 perjudicando. <strong>Tendremos toda la noche para ocuparnos de las cosas y estoy seguro que podemos hacerlo mejor<\/strong>&#8220;, afirm\u00f3 el lider del torneo con 284 unidades y nueve carreras ganadas en esta temporada. Y cerr\u00f3: &#8220;<strong>Intentar\u00e9 ser m\u00e1s competitivo ma\u00f1ana<\/strong>&#8220;.<\/p>\n<div class=\"sp__Normal\">\n<div class=\"image-embeb image-trigger\" readability=\"6\">\n<picture><source media=\"(min-width: 720px)\" srcset=\"http:\/\/cordobadirecto.com\/wp-content\/uploads\/2022\/09\/el-problema-de-verstappen-que-ilusiona-a-todos-sus-perseguidores-2.jpg\"><img itemprop=\"image\" src=\"http:\/\/cordobadirecto.com\/wp-content\/uploads\/2022\/09\/el-problema-de-verstappen-que-ilusiona-a-todos-sus-perseguidores-2.jpg\" loading=\"lazy\" alt=\"Hamilton y Leclerc fueron los m\u00e1s r\u00e1pidos del d\u00eda. (EFE)\">\n<\/picture><figcaption readability=\"2\">\n<p>Hamilton y Leclerc fueron los m\u00e1s r\u00e1pidos del d\u00eda. (EFE)\n<\/p>\n<\/figcaption><\/div>\n<\/div>\n<p>Los malos tiempos de Verstappen fueron aprovechados por sus principales competidores, quienes sue\u00f1an con marcar la diferencia en este fin de semana y, de ese modo, a\u00fan so\u00f1ar con el t\u00edtulo. De hecho,<strong><a alt=\"charles-leclerc\" class=\"slug\" href=\"https:\/\/www.ole.com.ar\/tema\/charles-leclerc.html\" target=\"_blank\" title=\"charles-leclerc\" rel=\"noopener\"> Charles Leclerc<\/a><\/strong>, tercero en el certamen de pilotos debido a los constantes problemas de fiabilidad de su monoplaza y a las malas estrategias de su equipo,<strong> fue el m\u00e1s r\u00e1pido del d\u00eda con un tiempo de 1m12s345 que lo distanci\u00f3 de su compa\u00f1ero, Carlos Sainz, por apenas cuatro mil\u00e9simas.<\/strong><\/p>\n<p><strong><a alt=\"lewis-hamilton\" class=\"slug\" href=\"https:\/\/www.ole.com.ar\/tema\/lewis-hamilton.html\" target=\"_blank\" title=\"lewis-hamilton\" rel=\"noopener\">Lewis Hamilton<\/a><\/strong>, por su parte, volvi\u00f3 a mostrarse competitivo y, tras haber sido el dominador de los primeros libres, <strong>qued\u00f3 a 72 mil\u00e9simas del monegasco<\/strong>. Luego, Norris y Russell pudieron acercarse a los pilotos de punta y dejaron buenas sensaciones para la clasificaci\u00f3n del s\u00e1bado.<\/p>\n<div class=\"sp__SM\">\n<div class=\"content-new \">\n<span class=\"tit-mobile\">Mir\u00e1 tambi\u00e9n<\/span><\/p>\n<div class=\"mg\">\n<div class=\"wrap-figure\">\n<picture>\n<a href=\"https:\/\/www.ole.com.ar\/autos\/formula1-hora-tv-carrera-paises-bajos_0_N7YuZPWlf1.html\" target=\"_self\" rel=\"noopener\"><br \/>\n<img class=\"img-responsive\" alt=\"F\u00f3rmula 1: hora y TV del Gran Premio de Pa\u00edses Bajos\" src=\"http:\/\/cordobadirecto.com\/wp-content\/uploads\/2022\/09\/el-problema-de-verstappen-que-ilusiona-a-todos-sus-perseguidores-3.jpg\" loading=\"lazy\"><br \/>\n<\/a>\n<\/picture>\n<\/div>\n<\/div><\/div>\n<\/div>\n<p>Checo P\u00e9rez, de flojo rendimiento (7\u00ba y 12\u00ba) en los entrenamientos, dijo: &#8220;La degradaci\u00f3n de los neum\u00e1ticos parece ser bastante alta, por lo que ser\u00e1 interesante ver qu\u00e9 podemos hacer con la estrategia, y ciertamente debemos mejorar para la qualy de ma\u00f1ana&#8221;. Y agreg\u00f3: &#8220;<strong>Las Ferraris y los Mercedes se vieron fuertes<\/strong>, por lo que ser\u00e1 interesante ver lo que somos capaces de hacer&#8221;.<\/p>\n<div class=\"sp__Normal\">\n<div class=\"image-embeb image-trigger\" readability=\"6\">\n<picture><source media=\"(min-width: 720px)\" srcset=\"http:\/\/cordobadirecto.com\/wp-content\/uploads\/2022\/09\/el-problema-de-verstappen-que-ilusiona-a-todos-sus-perseguidores-4.jpg\"><img itemprop=\"image\" src=\"http:\/\/cordobadirecto.com\/wp-content\/uploads\/2022\/09\/el-problema-de-verstappen-que-ilusiona-a-todos-sus-perseguidores-4.jpg\" loading=\"lazy\" alt=\"El neerland\u00e9s viene de ganar las \u00faltimas carreras. (AP)\">\n<\/picture><figcaption readability=\"2\">\n<p>El neerland\u00e9s viene de ganar las \u00faltimas carreras. (AP)\n<\/p>\n<\/figcaption><\/div>\n<\/div>\n<h2><strong>\u00bfC\u00f3mo sigue el Gran Premio de los Pa\u00edses Bajos?<\/strong><\/h2>\n<p>Este s\u00e1bado habr\u00e1 una tercera y \u00faltima prueba de entrenamientos para terminar de adaptarse a las pistas, que se llevar\u00e1 a cabo desde las 7. Luego, a las 10, se realizar\u00e1 la clasificaci\u00f3n para determinar la grilla de partida de la final del domingo estipulada para las 10 y que ser\u00e1 a 72 vueltas. <strong>Todo se podr\u00e1 seguir por Fox Sports y Star+<\/strong>.<\/p>\n<div class=\"sp__SM\">\n<div class=\"content-new \">\n<span class=\"tit-mobile\">Mir\u00e1 tambi\u00e9n<\/span><\/p>\n<div class=\"mg\">\n<div class=\"wrap-figure\">\n<picture>\n<a href=\"https:\/\/www.ole.com.ar\/autos\/alonso-hamilton-idiota-formula1-disculpa_0_qlPJjcsTTC.html\" target=\"_self\" rel=\"noopener\"><br \/>\n<img class=\"img-responsive\" alt=\"Alonso: del &quot;idiota&quot; a Hamilton a ofrecerle disculpas\" src=\"http:\/\/cordobadirecto.com\/wp-content\/uploads\/2022\/09\/el-problema-de-verstappen-que-ilusiona-a-todos-sus-perseguidores-5.jpg\" loading=\"lazy\"><br \/>\n<\/a>\n<\/picture>\n<\/div>\n<\/div><\/div>\n<\/div>\n<div class=\"entry-tags\">\n<h2>TEMAS QUE APARECEN EN ESTA NOTA<\/h2>\n<\/p><\/div>\n","protected":false},"excerpt":{"rendered":"<p>El jueves, en pleno media day, a Lando Norris le preguntaron si se ve\u00eda con chances de ganar en el Gran Premio de los Pa\u00edses Bajos y respondi\u00f3: &#8220;Me encantar\u00eda, pero sinceramente todo indica que la carrera se la va a quedar Max&#8221;. La superioridad que est\u00e1 marcando Verstappen en el campeonato (le saca 93 [&hellip;]<\/p>\n","protected":false},"author":1,"featured_media":76312,"comment_status":"closed","ping_status":"closed","sticky":false,"template":"","format":"standard","meta":[],"categories":[21],"tags":[],"_links":{"self":[{"href":"http:\/\/cordobadirecto.com\/index.php\/wp-json\/wp\/v2\/posts\/76311"}],"collection":[{"href":"http:\/\/cordobadirecto.com\/index.php\/wp-json\/wp\/v2\/posts"}],"about":[{"href":"http:\/\/cordobadirecto.com\/index.php\/wp-json\/wp\/v2\/types\/post"}],"author":[{"embeddable":true,"href":"http:\/\/cordobadirecto.com\/index.php\/wp-json\/wp\/v2\/users\/1"}],"replies":[{"embeddable":true,"href":"http:\/\/cordobadirecto.com\/index.php\/wp-json\/wp\/v2\/comments?post=76311"}],"version-history":[{"count":0,"href":"http:\/\/cordobadirecto.com\/index.php\/wp-json\/wp\/v2\/posts\/76311\/revisions"}],"wp:featuredmedia":[{"embeddable":true,"href":"http:\/\/cordobadirecto.com\/index.php\/wp-json\/wp\/v2\/media\/76312"}],"wp:attachment":[{"href":"http:\/\/cordobadirecto.com\/index.php\/wp-json\/wp\/v2\/media?parent=76311"}],"wp:term":[{"taxonomy":"category","embeddable":true,"href":"http:\/\/cordobadirecto.com\/index.php\/wp-json\/wp\/v2\/categories?post=76311"},{"taxonomy":"post_tag","embeddable":true,"href":"http:\/\/cordobadirecto.com\/index.php\/wp-json\/wp\/v2\/tags?post=76311"}],"curies":[{"name":"wp","href":"https:\/\/api.w.org\/{rel}","templated":true}]}}