{"id":76328,"date":"2022-09-03T11:30:22","date_gmt":"2022-09-03T11:30:22","guid":{"rendered":"http:\/\/cordobadirecto.com\/index.php\/2022\/09\/03\/la-recaudacion-provincial-registra-una-caida-interanual-del-1-la-nueva-manana\/"},"modified":"2022-09-03T11:30:22","modified_gmt":"2022-09-03T11:30:22","slug":"la-recaudacion-provincial-registra-una-caida-interanual-del-1-la-nueva-manana","status":"publish","type":"post","link":"http:\/\/cordobadirecto.com\/index.php\/2022\/09\/03\/la-recaudacion-provincial-registra-una-caida-interanual-del-1-la-nueva-manana\/","title":{"rendered":"La recaudaci\u00f3n provincial registra una ca\u00edda interanual del 1% &#8211; La <b>Nueva<\/b> Ma\u00f1ana"},"content":{"rendered":"<p>La recaudaci\u00f3n provincial registra una ca\u00edda interanual del 1%. <b>C\u00f3rdoba<\/b> &#8211; <b>Econom\u00eda<\/b> 03\/09\/2022 Por Redacci\u00f3n La <b>Nueva<\/b> Ma\u00f1ana. <\/p>\n","protected":false},"excerpt":{"rendered":"<p>La recaudaci\u00f3n provincial registra una ca\u00edda interanual del 1%. C\u00f3rdoba &#8211; Econom\u00eda 03\/09\/2022 Por Redacci\u00f3n La Nueva Ma\u00f1ana.<\/p>\n","protected":false},"author":1,"featured_media":0,"comment_status":"closed","ping_status":"closed","sticky":false,"template":"","format":"standard","meta":[],"categories":[40],"tags":[],"_links":{"self":[{"href":"http:\/\/cordobadirecto.com\/index.php\/wp-json\/wp\/v2\/posts\/76328"}],"collection":[{"href":"http:\/\/cordobadirecto.com\/index.php\/wp-json\/wp\/v2\/posts"}],"about":[{"href":"http:\/\/cordobadirecto.com\/index.php\/wp-json\/wp\/v2\/types\/post"}],"author":[{"embeddable":true,"href":"http:\/\/cordobadirecto.com\/index.php\/wp-json\/wp\/v2\/users\/1"}],"replies":[{"embeddable":true,"href":"http:\/\/cordobadirecto.com\/index.php\/wp-json\/wp\/v2\/comments?post=76328"}],"version-history":[{"count":0,"href":"http:\/\/cordobadirecto.com\/index.php\/wp-json\/wp\/v2\/posts\/76328\/revisions"}],"wp:attachment":[{"href":"http:\/\/cordobadirecto.com\/index.php\/wp-json\/wp\/v2\/media?parent=76328"}],"wp:term":[{"taxonomy":"category","embeddable":true,"href":"http:\/\/cordobadirecto.com\/index.php\/wp-json\/wp\/v2\/categories?post=76328"},{"taxonomy":"post_tag","embeddable":true,"href":"http:\/\/cordobadirecto.com\/index.php\/wp-json\/wp\/v2\/tags?post=76328"}],"curies":[{"name":"wp","href":"https:\/\/api.w.org\/{rel}","templated":true}]}}