{"id":76333,"date":"2022-09-03T15:57:00","date_gmt":"2022-09-03T15:57:00","guid":{"rendered":"http:\/\/cordobadirecto.com\/index.php\/2022\/09\/03\/se-realizo-el-funeral-de-mijail-gorbachov-sin-la-presencia-de-putin\/"},"modified":"2022-09-03T15:57:00","modified_gmt":"2022-09-03T15:57:00","slug":"se-realizo-el-funeral-de-mijail-gorbachov-sin-la-presencia-de-putin","status":"publish","type":"post","link":"http:\/\/cordobadirecto.com\/index.php\/2022\/09\/03\/se-realizo-el-funeral-de-mijail-gorbachov-sin-la-presencia-de-putin\/","title":{"rendered":"Se realiz\u00f3 el funeral de Mijail Gorbachov, sin la presencia de Putin"},"content":{"rendered":"<figure class=\"mb-3\"><img loading=\"lazy\" src=\"http:\/\/cordobadirecto.com\/wp-content\/uploads\/2022\/09\/se-realizo-el-funeral-de-mijail-gorbachov-sin-la-presencia-de-putin.jpg\" width=\"100%\" height=\"100%\" alt=\"ltimo adis a Mijal Gorbachov Foto AFP\"><figcaption> \u00daltimo adi\u00f3s a Mija\u00edl Gorbachov. Foto: AFP. <\/figcaption><\/figure>\n<p>Miles de rusos dieron su \u00faltimo adi\u00f3s a Mijail <strong>Gorbachov, el \u00faltimo l\u00edder de la Uni\u00f3n Sovi\u00e9tica<\/strong>, en una ceremonia sobria sin la presencia del presidente Vladimir Putin.<\/p>\n<p>El funeral se realiz\u00f3 en la Casa de los Sindicatos, un lugar simb\u00f3lico de Mosc\u00fa donde se velaron los restos de varios dignatarios comunistas, entre ellos los de Joseph Stalin en 1953, mientras que el entierro fue en el cementerio de Novodevichi, lugar en el que son inhumadas las grandes personalidades rusas.<\/p>\n<p>Varios centenares de personas hicieron cola para ingresar al lugar y en el interior pod\u00eda verse un gran retrato del difunto exdirigente junto a su f\u00e9retro abierto, inform\u00f3 la agencia de noticias AFP.<\/p>\n<p><strong>A un lado estuvo sentada Irina, la hija de Gorbachov, junto con otros familiares <\/strong>del \u00faltimo l\u00edder de la Uni\u00f3n de Rep\u00fablicas Socialistas Sovi\u00e9ticas (URSS), fallecido el martes pasado a los 91 a\u00f1os tras una &#8220;enfermedad grave y prolongada&#8221;.<\/p>\n<p>Flanqueando el f\u00e9retro se encontraban dos guardias de uniforme, mientras los visitantes depositaban flores y se inclinaban en se\u00f1al de respeto.<\/p>\n<figure class=\"mb-3\"><img loading=\"lazy\" src=\"http:\/\/cordobadirecto.com\/wp-content\/uploads\/2022\/09\/se-realizo-el-funeral-de-mijail-gorbachov-sin-la-presencia-de-putin-1.jpg\" width=\"100%\" height=\"100%\" alt=\"La ceremonia se realiz sin la presencia del presidente Vladimir Putin Foto AFP\"><figcaption> La ceremonia se realiz\u00f3 sin la presencia del presidente Vladimir Putin. Foto: AFP. <\/figcaption><\/figure>\n<p>&#8220;Un gran hombre pol\u00edtico se va, la era Gorbachov termina hoy&#8221;, afirm\u00f3 un empleado que asisti\u00f3 a despedirlo.<\/p>\n<p>&#8220;Apacigu\u00f3 las relaciones con Estados Unidos (&#8230;) El mundo entero lo conoc\u00eda&#8221;, agreg\u00f3 el hombre de 44 a\u00f1os, citado por la agencia de noticias AFP.<\/p>\n<p>&#8220;Nos dio un aire de libertad, nos dio transparencia y pluralismo&#8221;, subray\u00f3, por su parte, una profesora de 60 a\u00f1os.<\/p>\n<p>&#8220;La agenda del presidente no le permitir\u00e1 estar all\u00ed&#8221;, hab\u00eda anticipado esta semana el vocero del Kremlin, Dmitri Peskov, al adelantar la ausencia de Putin. Tampoco se decret\u00f3 ning\u00fan d\u00eda de duelo oficial.<\/p>\n<p><strong>El l\u00edder ruso ya visit\u00f3 el hospital moscovita donde muri\u00f3 Gorbachov para rendirle homenaje y colocar flores en su f\u00e9retro.<\/strong><\/p>\n<p>En plena crisis abierta entre Mosc\u00fa y las potencias occidentales a causa de la guerra en Ucrania, ning\u00fan gran dirigente mundial estuvo presente en la ceremonia.<\/p>\n<blockquote class><p>El fallecimiento de Gorbachov fue lamentado ampliamente en Occidente, aunque la reacci\u00f3n fue m\u00e1s tibia en Rusia<\/p><\/blockquote>\n<p>El primer ministro h\u00fangaro, el nacionalista Viktor Orban, cercano al Kremlin, fue el \u00fanico l\u00edder extranjero que anunci\u00f3 su presencia. Aunque seg\u00fan la presidencia rusa, no est\u00e1 previsto ning\u00fan encuentro entre \u00e9l y Putin.<\/p>\n<p>Gorbachov fue una de las razones por las que Europa Central &#8220;se deshizo del comunismo pac\u00edficamente, sin p\u00e9rdidas humanas ni derramamiento de sangre&#8221;, destac\u00f3 Orban en Facebook.<\/p>\n<p>En tanto, <strong>el presidente turco, Recep Tayyip Erdogan, present\u00f3 sus condolencias<\/strong> durante una entrevista telef\u00f3nica con su hom\u00f3logo ruso, seg\u00fan inform\u00f3 el Kremlin.<\/p>\n<p>Tambi\u00e9n Alemania, cuya reunificaci\u00f3n fue posibilitada por la ca\u00edda del Muro de Berl\u00edn en plena era Gorbachov, le rindi\u00f3 homenaje al poner las banderas en la capital a media asta.<\/p>\n<p>Gorbachov asumi\u00f3 la jefatura del Comit\u00e9 Central del Partido Comunista de la Uni\u00f3n Sovi\u00e9tica en 1985 y en marzo de 1990 fue nombrado presidente de la URSS.<\/p>\n<p>Durante su Gobierno, las relaciones entre la URSS y Occidente pasaron de la confrontaci\u00f3n ideol\u00f3gica y militar al di\u00e1logo y a la colaboraci\u00f3n gracias a la firma de varios acuerdos con los presidentes de Estados Unidos Ronald Reagan y George Bush sobre control de armas.<\/p>\n<p>Su nombre se vincula a la perestroika, como se denomina el conjunto de reformas para liberalizar la econom\u00eda llevada a cabo en los \u00faltimos a\u00f1os de la URSS, y tambi\u00e9n al fin de la Guerra Fr\u00eda, que dur\u00f3 desde 1946 hasta 1991, por lo cual el l\u00edder sovi\u00e9tico obtuvo en 1990 el Premio Nobel de la Paz.<\/p>\n<figure class=\"mb-3\"><img loading=\"lazy\" src=\"http:\/\/cordobadirecto.com\/wp-content\/uploads\/2022\/09\/se-realizo-el-funeral-de-mijail-gorbachov-sin-la-presencia-de-putin-2.jpg\" width=\"100%\" height=\"100%\" alt=\"Centenares de personas hicieron cola para ingresar al lugar Foto AFP\"><figcaption> Centenares de personas hicieron cola para ingresar al lugar. Foto: AFP. <\/figcaption><\/figure>\n<p>Si bien sus reformas fueron bien recibidas por Occidente, muchos rusos las despreciaron al ver c\u00f3mo el pa\u00eds se sum\u00eda en el caos econ\u00f3mico a la vez que disminu\u00eda su influencia internacional.<\/p>\n<p><strong>Para Putin, el colapso de la Uni\u00f3n Sovi\u00e9tica fue la mayor cat\u00e1strofe geopol\u00edtica del siglo XX<\/strong>, por lo que ha pasado gran parte de su vida pol\u00edtica intentando revertir parte del legado de Gorbachov.<\/p>\n<p>Sus cr\u00edticos sostienen que el control que ejerci\u00f3 sobre los medios de comunicaci\u00f3n son para revertir la glasnot, la pol\u00edtica de apertura introducida por Gorbachov.<\/p>\n<blockquote class><p>Gorbachov asumi\u00f3 la jefatura del Comit\u00e9 Central del Partido Comunista de la Uni\u00f3n Sovi\u00e9tica en 1985 y en marzo de 1990 fue nombrado presidente de la URSS<\/p><\/blockquote>\n<p>El fallecimiento de Gorbachov fue lamentado ampliamente en Occidente, aunque la reacci\u00f3n fue m\u00e1s tibia en Rusia.<\/p>\n<p>En una carta de condolencias publicada por el Kremlin, <strong>Putin dijo que Gorbachov &#8220;fue un pol\u00edtico y estadista que tuvo un enorme impacto en el curso de la historia mundial&#8221;.<\/strong><\/p>\n<p>&#8220;Dirigi\u00f3 nuestro pa\u00eds durante un per\u00edodo de cambios complejos y dram\u00e1ticos, de pol\u00edtica exterior a gran escala y de retos econ\u00f3micos y sociales&#8221;, agreg\u00f3. <\/p>\n","protected":false},"excerpt":{"rendered":"<p>\u00daltimo adi\u00f3s a Mija\u00edl Gorbachov. Foto: AFP. Miles de rusos dieron su \u00faltimo adi\u00f3s a Mijail Gorbachov, el \u00faltimo l\u00edder de la Uni\u00f3n Sovi\u00e9tica, en una ceremonia sobria sin la presencia del presidente Vladimir Putin. El funeral se realiz\u00f3 en la Casa de los Sindicatos, un lugar simb\u00f3lico de Mosc\u00fa donde se velaron los restos [&hellip;]<\/p>\n","protected":false},"author":1,"featured_media":76334,"comment_status":"closed","ping_status":"closed","sticky":false,"template":"","format":"standard","meta":[],"categories":[24],"tags":[],"_links":{"self":[{"href":"http:\/\/cordobadirecto.com\/index.php\/wp-json\/wp\/v2\/posts\/76333"}],"collection":[{"href":"http:\/\/cordobadirecto.com\/index.php\/wp-json\/wp\/v2\/posts"}],"about":[{"href":"http:\/\/cordobadirecto.com\/index.php\/wp-json\/wp\/v2\/types\/post"}],"author":[{"embeddable":true,"href":"http:\/\/cordobadirecto.com\/index.php\/wp-json\/wp\/v2\/users\/1"}],"replies":[{"embeddable":true,"href":"http:\/\/cordobadirecto.com\/index.php\/wp-json\/wp\/v2\/comments?post=76333"}],"version-history":[{"count":0,"href":"http:\/\/cordobadirecto.com\/index.php\/wp-json\/wp\/v2\/posts\/76333\/revisions"}],"wp:featuredmedia":[{"embeddable":true,"href":"http:\/\/cordobadirecto.com\/index.php\/wp-json\/wp\/v2\/media\/76334"}],"wp:attachment":[{"href":"http:\/\/cordobadirecto.com\/index.php\/wp-json\/wp\/v2\/media?parent=76333"}],"wp:term":[{"taxonomy":"category","embeddable":true,"href":"http:\/\/cordobadirecto.com\/index.php\/wp-json\/wp\/v2\/categories?post=76333"},{"taxonomy":"post_tag","embeddable":true,"href":"http:\/\/cordobadirecto.com\/index.php\/wp-json\/wp\/v2\/tags?post=76333"}],"curies":[{"name":"wp","href":"https:\/\/api.w.org\/{rel}","templated":true}]}}