{"id":76374,"date":"2022-09-03T13:44:14","date_gmt":"2022-09-03T13:44:14","guid":{"rendered":"https:\/\/www.bbc.com\/mundo\/noticias-america-latina-62777539"},"modified":"2022-09-03T13:44:14","modified_gmt":"2022-09-03T13:44:14","slug":"ha-sido-un-gran-error-subestimarla-cristina-fernandez-la-sobreviviente-politica-que-vuelve-a-tener-en-vilo-a-argentina","status":"publish","type":"post","link":"http:\/\/cordobadirecto.com\/index.php\/2022\/09\/03\/ha-sido-un-gran-error-subestimarla-cristina-fernandez-la-sobreviviente-politica-que-vuelve-a-tener-en-vilo-a-argentina\/","title":{"rendered":"&#8220;Ha sido un gran error subestimarla&#8221;: Cristina Fern\u00e1ndez, la &#8216;sobreviviente&#8217; pol\u00edtica que vuelve a tener en vilo a Argentina"},"content":{"rendered":"<div dir=\"ltr\" class=\"e1j2237y6 bbc-q4ibpr ebmt73l0\">\n<div class=\"bbc-1atl7vu euvj3t14\">\n<ul role=\"list\" class=\"bbc-k0l9bd euvj3t12\">\n<li role=\"listitem\" class=\"bbc-1a3w4ok euvj3t11\">Gerardo Lissardy<\/li>\n<li role=\"listitem\" class=\"bbc-1p92jtu euvj3t10\">BBC News Mundo<\/li>\n<\/ul>\n<\/div>\n<\/div>\n<p><time datetime=\"2022-09-03\" class=\"bbc-1dafq0j e1mklfmt0\">3 septiembre 2022<\/time><\/p>\n<div dir=\"ltr\" class=\"bbc-1ka88fa ebmt73l0\">\n<figure class=\"bbc-1qdcvv9 e1aczekt0\">\n<div dir=\"ltr\" class=\"bbc-172p16q ebmt73l0\">\n<div dir=\"ltr\" class=\"bbc-189y18v ebmt73l0\" readability=\"6.5\">\n<div data-e2e=\"image-placeholder\" class=\"bbc-997y1y eihqrxw0\" readability=\"8\"><picture class=\"bbc-yfiktt e1mo64ex1\"><source srcset=\"https:\/\/ichef.bbci.co.uk\/news\/240\/cpsprodpb\/107F9\/production\/_126577576_gettyimages-1242888442.jpg.webp 240w, https:\/\/ichef.bbci.co.uk\/news\/320\/cpsprodpb\/107F9\/production\/_126577576_gettyimages-1242888442.jpg.webp 320w, https:\/\/ichef.bbci.co.uk\/news\/480\/cpsprodpb\/107F9\/production\/_126577576_gettyimages-1242888442.jpg.webp 480w, https:\/\/ichef.bbci.co.uk\/news\/624\/cpsprodpb\/107F9\/production\/_126577576_gettyimages-1242888442.jpg.webp 624w, https:\/\/ichef.bbci.co.uk\/news\/800\/cpsprodpb\/107F9\/production\/_126577576_gettyimages-1242888442.jpg.webp 800w\" type=\"image\/webp\" sizes=\"(min-width: 1008px) 645px, 100vw\"><source srcset=\"https:\/\/ichef.bbci.co.uk\/news\/240\/cpsprodpb\/107F9\/production\/_126577576_gettyimages-1242888442.jpg 240w, https:\/\/ichef.bbci.co.uk\/news\/320\/cpsprodpb\/107F9\/production\/_126577576_gettyimages-1242888442.jpg 320w, https:\/\/ichef.bbci.co.uk\/news\/480\/cpsprodpb\/107F9\/production\/_126577576_gettyimages-1242888442.jpg 480w, https:\/\/ichef.bbci.co.uk\/news\/624\/cpsprodpb\/107F9\/production\/_126577576_gettyimages-1242888442.jpg 624w, https:\/\/ichef.bbci.co.uk\/news\/800\/cpsprodpb\/107F9\/production\/_126577576_gettyimages-1242888442.jpg 800w\" type=\"image\/jpeg\" sizes=\"(min-width: 1008px) 645px, 100vw\"><img loading=\"lazy\" src=\"http:\/\/cordobadirecto.com\/wp-content\/uploads\/2022\/09\/ha-sido-un-gran-error-subestimarla-cristina-fernandez-la-sobreviviente-politica-que-vuelve-a-tener-en-vilo-a-argentina.jpg\" alt=\"Cristina Fern\u00e1ndez\" width=\"976\" height=\"549\" class=\"e3vrtyk0 bbc-rb7xa0 e1mo64ex0\"><\/picture>\n<p role=\"text\" class=\"bbc-1s1cxbv ewbcsnk0\"><span class=\"bbc-1gnhmg2 ed7bp6y0\">Fuente de la imagen, <\/span><span lang=\"en-GB\">Getty Images<\/span><\/p>\n<\/div>\n<\/div>\n<div dir=\"ltr\" class=\"bbc-3edg7g ebmt73l0\" readability=\"6\"><figcaption dir=\"ltr\" class=\"bbc-rhuvwm e6i104o0\" readability=\"2\"><span class=\"bbc-1gnhmg2 ed7bp6y0\">Pie de foto, <\/span><\/p>\n<p>Imagen de Cristina Fern\u00e1ndez el d\u00eda despu\u00e9s del fallido atentado en su contra.<\/p>\n<\/figcaption><\/div>\n<\/div>\n<\/figure>\n<\/div>\n<div dir=\"ltr\" class=\"bbc-19j92fr ebmt73l0\" readability=\"8\">\n<p dir=\"ltr\" class=\"bbc-hhl7in e17g058b0\"><b>Cristina Fern\u00e1ndez de Kirchner ha vuelto a sobrevivir, esta vez de modo literal. <\/b><\/p>\n<\/div>\n<div dir=\"ltr\" class=\"bbc-19j92fr ebmt73l0\" readability=\"9\">\n<p dir=\"ltr\" class=\"bbc-hhl7in e17g058b0\">Todav\u00eda estremecen y sorprenden las im\u00e1genes de c\u00f3mo la vicepresidenta argentina<b> sali\u00f3 ilesa del ataque de un hombre que apunt\u00f3 un arma a cent\u00edmetros de su rostro<\/b> en la noche del jueves en Buenos Aires.<\/p>\n<\/div>\n<div dir=\"ltr\" class=\"bbc-19j92fr ebmt73l0\" readability=\"13\">\n<p dir=\"ltr\" class=\"bbc-hhl7in e17g058b0\">&#8220;Cristina permanece con vida porque, por alguna raz\u00f3n, el arma que contaba con cinco balas no se dispar\u00f3 pese a haber sido gatillada&#8221;, dijo esa misma noche el presidente argentino, Alberto Fern\u00e1ndez.<\/p>\n<\/div>\n<div dir=\"ltr\" class=\"bbc-19j92fr ebmt73l0\" readability=\"10\">\n<p dir=\"ltr\" class=\"bbc-hhl7in e17g058b0\">Durante un feriado nacional decretado para el viernes por el gobierno para que la poblaci\u00f3n se solidarizara con Kirchner, decenas de miles de personas se concentraron een la c\u00e9ntrica Plaza de Mayo de la capital y otras ciudades argentinas en apoyo a la vicepresidenta izquierdista. <\/p>\n<\/div>\n<div dir=\"ltr\" class=\"bbc-19j92fr ebmt73l0\" readability=\"9\">\n<p dir=\"ltr\" class=\"bbc-hhl7in e17g058b0\">La justicia comenz\u00f3 a indagar el mismo viernes a Fernando Sabag Montiel, un brasile\u00f1o de 35 a\u00f1os residente en Argentina que fue detenido como <b>sospechoso del ataque<\/b> en el momento en que se produjo. <\/p>\n<\/div>\n<div dir=\"ltr\" class=\"bbc-19j92fr ebmt73l0\" readability=\"10\">\n<p dir=\"ltr\" class=\"bbc-hhl7in e17g058b0\">A\u00fan hay varias preguntas abiertas, comenzando por las motivaciones del hombre, descrito por medios de ese pa\u00eds como un simpatizante de la extrema derecha. <\/p>\n<\/div>\n<div dir=\"ltr\" class=\"bbc-19j92fr ebmt73l0\" readability=\"10\">\n<p dir=\"ltr\" class=\"bbc-hhl7in e17g058b0\">Pero algo parece evidente: el episodio vuelve a poner toda la atenci\u00f3n argentina sobre Kirchner, l<b>a gran protagonista pol\u00edtica de los \u00faltimos tiempos<\/b> en un pa\u00eds que se divide entre quienes la aman y la detestan. <\/p>\n<\/div>\n<div dir=\"ltr\" class=\"bbc-19j92fr ebmt73l0\" readability=\"9\">\n<p dir=\"ltr\" class=\"bbc-hhl7in e17g058b0\">Y se produce pocos d\u00edas despu\u00e9s de que un fiscal pidiera<b>una pena de 12 a\u00f1os de prisi\u00f3n para Kirchner <\/b>por presuntamente haber desviado como presidenta cerca de US$1.000 millones en contratos de obra p\u00fablica para beneficio particular.<\/p>\n<\/div>\n<div dir=\"ltr\" class=\"bbc-19j92fr ebmt73l0\" readability=\"12\">\n<p dir=\"ltr\" class=\"bbc-hhl7in e17g058b0\">&#8220;El atentado contra ella enfervoriza a sus partidarios, y esto la favorece. Pero al mismo tiempo profundiza la brecha, el antagonismo o la polarizaci\u00f3n con quienes la rechazan&#8221;, dice el analista pol\u00edtico argentino Rosendo Fraga a BBC Mundo. <\/p>\n<\/div>\n<p><h2 id=\"Habilidad-y-pragmatismo\" tabindex=\"-1\" class=\"bbc-1f03ibc eglt09e0\">Habilidad y pragmatismo<\/h2>\n<\/p>\n<div dir=\"ltr\" class=\"bbc-19j92fr ebmt73l0\" readability=\"9\">\n<p dir=\"ltr\" class=\"bbc-hhl7in e17g058b0\">Kirchner, una abogada de 69 a\u00f1os, es en cierto modo tambi\u00e9n <b>una sobreviviente pol\u00edtica.<\/b><\/p>\n<\/div>\n<div dir=\"ltr\" class=\"bbc-19j92fr ebmt73l0\" readability=\"11\">\n<p dir=\"ltr\" class=\"bbc-hhl7in e17g058b0\">En 2007 la entonces senadora y primera dama argentina fue electa presidenta pese a los esc\u00e1ndalos de presunta corrupci\u00f3n que salpicaban al gobierno de su marido, N\u00e9stor Kirchner, quien gan\u00f3 popularidad con la recuperaci\u00f3n econ\u00f3mica del pa\u00eds tras la debacle de 2001. <\/p>\n<\/div>\n<div dir=\"ltr\" class=\"bbc-1ka88fa ebmt73l0\">\n<figure class=\"bbc-1qdcvv9 e1aczekt0\">\n<div dir=\"ltr\" class=\"bbc-172p16q ebmt73l0\">\n<div dir=\"ltr\" class=\"bbc-189y18v ebmt73l0\" readability=\"6.5\">\n<div data-e2e=\"image-placeholder\" class=\"bbc-997y1y eihqrxw0\" readability=\"8\"><noscript><picture class=\"bbc-yfiktt e1mo64ex1\"><source srcset=\"http:\/\/cordobadirecto.com\/wp-content\/uploads\/2022\/09\/ha-sido-un-gran-error-subestimarla-cristina-fernandez-la-sobreviviente-politica-que-vuelve-a-tener-en-vilo-a-argentina.webp 240w, http:\/\/cordobadirecto.com\/wp-content\/uploads\/2022\/09\/ha-sido-un-gran-error-subestimarla-cristina-fernandez-la-sobreviviente-politica-que-vuelve-a-tener-en-vilo-a-argentina-1.webp 320w, http:\/\/cordobadirecto.com\/wp-content\/uploads\/2022\/09\/ha-sido-un-gran-error-subestimarla-cristina-fernandez-la-sobreviviente-politica-que-vuelve-a-tener-en-vilo-a-argentina-2.webp 480w, http:\/\/cordobadirecto.com\/wp-content\/uploads\/2022\/09\/ha-sido-un-gran-error-subestimarla-cristina-fernandez-la-sobreviviente-politica-que-vuelve-a-tener-en-vilo-a-argentina-3.webp 624w, http:\/\/cordobadirecto.com\/wp-content\/uploads\/2022\/09\/ha-sido-un-gran-error-subestimarla-cristina-fernandez-la-sobreviviente-politica-que-vuelve-a-tener-en-vilo-a-argentina-4.webp 800w\" type=\"image\/webp\" sizes=\"(min-width: 1008px) 645px, 100vw\"><source srcset=\"https:\/\/ichef.bbci.co.uk\/news\/240\/cpsprodpb\/17219\/production\/_107054749_gettyimages-77543203.jpg 240w, https:\/\/ichef.bbci.co.uk\/news\/320\/cpsprodpb\/17219\/production\/_107054749_gettyimages-77543203.jpg 320w, https:\/\/ichef.bbci.co.uk\/news\/480\/cpsprodpb\/17219\/production\/_107054749_gettyimages-77543203.jpg 480w, https:\/\/ichef.bbci.co.uk\/news\/624\/cpsprodpb\/17219\/production\/_107054749_gettyimages-77543203.jpg 624w, https:\/\/ichef.bbci.co.uk\/news\/800\/cpsprodpb\/17219\/production\/_107054749_gettyimages-77543203.jpg 800w\" type=\"image\/jpeg\" sizes=\"(min-width: 1008px) 645px, 100vw\"><img loading=\"lazy\" src=\"http:\/\/cordobadirecto.com\/wp-content\/uploads\/2022\/09\/ha-sido-un-gran-error-subestimarla-cristina-fernandez-la-sobreviviente-politica-que-vuelve-a-tener-en-vilo-a-argentina-1.jpg\" alt=\"Cristina Fern\u00e1ndez y N\u00e9stor Kirchner en 2007.\" width=\"976\" height=\"549\" class=\"e3vrtyk0 bbc-rb7xa0 e1mo64ex0\"><\/picture><\/noscript><\/p>\n<p role=\"text\" class=\"bbc-1s1cxbv ewbcsnk0\"><span class=\"bbc-1gnhmg2 ed7bp6y0\">Fuente de la imagen, <\/span><span lang=\"en-GB\">Getty Images<\/span><\/p>\n<\/div>\n<\/div>\n<div dir=\"ltr\" class=\"bbc-3edg7g ebmt73l0\" readability=\"6.5\"><figcaption dir=\"ltr\" class=\"bbc-rhuvwm e6i104o0\" readability=\"3\"><span class=\"bbc-1gnhmg2 ed7bp6y0\">Pie de foto, <\/span><\/p>\n<p>Cristina Fern\u00e1ndez lleg\u00f3 a la presidencia argentina de la mano de su marido N\u00e9stor Kirchner en 2007.<\/p>\n<\/figcaption><\/div>\n<\/div>\n<\/figure>\n<\/div>\n<div dir=\"ltr\" class=\"bbc-19j92fr ebmt73l0\" readability=\"8\">\n<p dir=\"ltr\" class=\"bbc-hhl7in e17g058b0\">La muerte del expresidente por un paro cardiorrespiratorio en 2010 llev\u00f3 a algunos a preguntarse si la presidenta lograr\u00eda mantener su poder sin el apoyo de su marido y principal socio pol\u00edtico.<\/p>\n<\/div>\n<div dir=\"ltr\" class=\"bbc-19j92fr ebmt73l0\" readability=\"8\">\n<p dir=\"ltr\" class=\"bbc-hhl7in e17g058b0\">Sin embargo, fue reelecta al a\u00f1o siguiente con 54% de los votos y presidi\u00f3 Argentina hasta 2015. <\/p>\n<\/div>\n<div dir=\"ltr\" class=\"bbc-19j92fr ebmt73l0\" readability=\"10\">\n<p dir=\"ltr\" class=\"bbc-hhl7in e17g058b0\">Los gobiernos de ambos expandieron programas de asistencia estatal en medio de un boom de precios de materias primas y<b> dieron origen al &#8220;kirchnerismo&#8221;<\/b>, un movimiento pol\u00edtico de izquierda aliado al peronismo.<\/p>\n<\/div>\n<div dir=\"ltr\" class=\"bbc-19j92fr ebmt73l0\" readability=\"9\">\n<p dir=\"ltr\" class=\"bbc-hhl7in e17g058b0\">A medida que Kirchner consolid\u00f3 su poder, sus cr\u00edticos la acusaron de clientelismo e intransigencia. <\/p>\n<\/div>\n<div dir=\"ltr\" class=\"bbc-19j92fr ebmt73l0\" readability=\"10\">\n<p dir=\"ltr\" class=\"bbc-hhl7in e17g058b0\">&#8220;Por su personalidad y las pol\u00edticas que llev\u00f3 adelante, ha alimentado una divisi\u00f3n muy profunda en la sociedad&#8221;, dice el analista pol\u00edtico argentino Sergio Berensztein a BBC Mundo. <\/p>\n<\/div>\n<div dir=\"ltr\" class=\"bbc-19j92fr ebmt73l0\" readability=\"9\">\n<p dir=\"ltr\" class=\"bbc-hhl7in e17g058b0\">Pero agrega que &#8220;Cristina es una pol\u00edtica muy h\u00e1bil que siempre ha tenido una cuota relevante de pragmatismo, a pesar de sus posturas principistas&#8221;. <\/p>\n<\/div>\n<div class=\"bbc-sffzb7 e1hrqbfn0\">\n<div dir=\"ltr\" class=\"bbc-1ka88fa ebmt73l0\">\n<figure class=\"bbc-1qdcvv9 e1aczekt0\">\n<div dir=\"ltr\" class=\"bbc-172p16q ebmt73l0\">\n<div dir=\"ltr\" class=\"bbc-189y18v ebmt73l0\" readability=\"6.5\">\n<div data-e2e=\"image-placeholder\" class=\"bbc-997y1y eihqrxw0\" readability=\"8\"><noscript><picture class=\"bbc-yfiktt e1mo64ex1\"><source srcset=\"http:\/\/cordobadirecto.com\/wp-content\/uploads\/2022\/09\/ha-sido-un-gran-error-subestimarla-cristina-fernandez-la-sobreviviente-politica-que-vuelve-a-tener-en-vilo-a-argentina-5.webp 240w, http:\/\/cordobadirecto.com\/wp-content\/uploads\/2022\/09\/ha-sido-un-gran-error-subestimarla-cristina-fernandez-la-sobreviviente-politica-que-vuelve-a-tener-en-vilo-a-argentina-6.webp 320w, http:\/\/cordobadirecto.com\/wp-content\/uploads\/2022\/09\/ha-sido-un-gran-error-subestimarla-cristina-fernandez-la-sobreviviente-politica-que-vuelve-a-tener-en-vilo-a-argentina-7.webp 480w, http:\/\/cordobadirecto.com\/wp-content\/uploads\/2022\/09\/ha-sido-un-gran-error-subestimarla-cristina-fernandez-la-sobreviviente-politica-que-vuelve-a-tener-en-vilo-a-argentina-8.webp 624w, http:\/\/cordobadirecto.com\/wp-content\/uploads\/2022\/09\/ha-sido-un-gran-error-subestimarla-cristina-fernandez-la-sobreviviente-politica-que-vuelve-a-tener-en-vilo-a-argentina-9.webp 800w\" type=\"image\/webp\" sizes=\"(min-width: 1008px) 645px, 100vw\"><source srcset=\"https:\/\/ichef.bbci.co.uk\/news\/240\/cpsprodpb\/FAC0\/production\/_109329146_1-1.jpg 240w, https:\/\/ichef.bbci.co.uk\/news\/320\/cpsprodpb\/FAC0\/production\/_109329146_1-1.jpg 320w, https:\/\/ichef.bbci.co.uk\/news\/480\/cpsprodpb\/FAC0\/production\/_109329146_1-1.jpg 480w, https:\/\/ichef.bbci.co.uk\/news\/624\/cpsprodpb\/FAC0\/production\/_109329146_1-1.jpg 624w, https:\/\/ichef.bbci.co.uk\/news\/800\/cpsprodpb\/FAC0\/production\/_109329146_1-1.jpg 800w\" type=\"image\/jpeg\" sizes=\"(min-width: 1008px) 645px, 100vw\"><img loading=\"lazy\" src=\"http:\/\/cordobadirecto.com\/wp-content\/uploads\/2022\/09\/ha-sido-un-gran-error-subestimarla-cristina-fernandez-la-sobreviviente-politica-que-vuelve-a-tener-en-vilo-a-argentina-2.jpg\" alt=\"Carteles con las caras de Alberto Fern\u00e1ndez y Cristina Fern\u00e1ndez de Kirchner\" width=\"976\" height=\"549\" class=\"e3vrtyk0 bbc-rb7xa0 e1mo64ex0\"><\/picture><\/noscript><\/p>\n<p role=\"text\" class=\"bbc-1s1cxbv ewbcsnk0\"><span class=\"bbc-1gnhmg2 ed7bp6y0\">Fuente de la imagen, <\/span><span lang=\"en-GB\">Getty Images<\/span><\/p>\n<\/div>\n<\/div>\n<div dir=\"ltr\" class=\"bbc-3edg7g ebmt73l0\" readability=\"6.5\"><figcaption dir=\"ltr\" class=\"bbc-rhuvwm e6i104o0\" readability=\"3\"><span class=\"bbc-1gnhmg2 ed7bp6y0\">Pie de foto, <\/span><\/p>\n<p>La alianza de Alberto Fern\u00e1ndez y Cristina Fern\u00e1ndez de Kirchner venci\u00f3 en las \u00faltimas presidenciales argentinas de 2019.<\/p>\n<\/figcaption><\/div>\n<\/div>\n<\/figure>\n<\/div>\n<\/div>\n<div dir=\"ltr\" class=\"bbc-19j92fr ebmt73l0\" readability=\"9\">\n<p dir=\"ltr\" class=\"bbc-hhl7in e17g058b0\">Por ejemplo, se\u00f1ala que Kirchner se supo aliar con figuras de centroderecha para ampliar su base de apoyo electoral.<\/p>\n<\/div>\n<div dir=\"ltr\" class=\"bbc-19j92fr ebmt73l0\" readability=\"9\">\n<p dir=\"ltr\" class=\"bbc-hhl7in e17g058b0\">Cuando la bonanza econ\u00f3mica acab\u00f3 y el opositor Mauricio Macri derrot\u00f3 en las elecciones de 2015 al candidato oficialista Daniel Scioli, Kirchner comenz\u00f3 a perder fuerza.<\/p>\n<\/div>\n<div dir=\"ltr\" class=\"bbc-19j92fr ebmt73l0\" readability=\"11\">\n<p dir=\"ltr\" class=\"bbc-hhl7in e17g058b0\">Pero cuatro a\u00f1os m\u00e1s tarde, en medio de nuevas acusaciones de corrupci\u00f3n en su contra, pareci\u00f3 desafiar las leyes de gravedad pol\u00edtica al volver al poder con una jugada astuta: se present\u00f3 como vicepresidenta de su otrora cr\u00edtico Fern\u00e1ndez en una f\u00f3rmula que uni\u00f3 al peronismo. <\/p>\n<\/div>\n<div dir=\"ltr\" class=\"bbc-19j92fr ebmt73l0\" readability=\"9\">\n<p dir=\"ltr\" class=\"bbc-hhl7in e17g058b0\">Aquel regreso de Kirchner se debi\u00f3 tambi\u00e9n a las dificultades del gobierno de Macri para implementar un programa econ\u00f3mico exitoso, advierte Berensztein. <\/p>\n<\/div>\n<div dir=\"ltr\" class=\"bbc-19j92fr ebmt73l0\" readability=\"9\">\n<p dir=\"ltr\" class=\"bbc-hhl7in e17g058b0\">Pero la situaci\u00f3n econ\u00f3mica argentina sigui\u00f3 deterior\u00e1ndose bajo el mandato de Fern\u00e1ndez, en un pa\u00eds con <b>cerca del 40% de la poblaci\u00f3n en la pobreza<\/b> y una inflaci\u00f3n superior al 70%.<\/p>\n<\/div>\n<div dir=\"ltr\" class=\"bbc-19j92fr ebmt73l0\" readability=\"9\">\n<p dir=\"ltr\" class=\"bbc-hhl7in e17g058b0\">Y cuando este a\u00f1o el gobierno alcanz\u00f3 un acuerdo con el FMI y proyect\u00f3 una pol\u00edtica de austeridad, Kirchner tom\u00f3 distancia del presidente.<\/p>\n<\/div>\n<div dir=\"ltr\" class=\"bbc-19j92fr ebmt73l0\" readability=\"7\">\n<p dir=\"ltr\" class=\"bbc-hhl7in e17g058b0\">Muchos creen que su objetivo es mantenerse en el poder. <\/p>\n<\/div>\n<div dir=\"ltr\" class=\"bbc-19j92fr ebmt73l0\" readability=\"11\">\n<p dir=\"ltr\" class=\"bbc-hhl7in e17g058b0\">&#8220;Los pol\u00edticos argentinos no se jubilan; se mueren. No hay pol\u00edticos que den un paso al costado&#8221;, dice Berensztein. &#8220;Cristina tiene un problema y es que no tiene sucesor: ni siquiera su hijo y nadie adentro de su movimiento, porque evita que surjan liderazgos con capacidad para desplazarla&#8221;.<\/p>\n<\/div>\n<p><h2 id=\"Un-momento-especial\" tabindex=\"-1\" class=\"bbc-1f03ibc eglt09e0\">Un momento especial<\/h2>\n<\/p>\n<div dir=\"ltr\" class=\"bbc-19j92fr ebmt73l0\" readability=\"8\">\n<p dir=\"ltr\" class=\"bbc-hhl7in e17g058b0\">El ataque del viernes a Kirchner ocurri\u00f3 adem\u00e1s cuando la vicepresidenta enfrenta las etapas finales de <b>un juicio por presunta corrupci\u00f3n. <\/b><\/p>\n<\/div>\n<div dir=\"ltr\" class=\"bbc-19j92fr ebmt73l0\" readability=\"10\">\n<p dir=\"ltr\" class=\"bbc-hhl7in e17g058b0\">Un fiscal pidi\u00f3 el mes pasado una pena de 12 a\u00f1os de prisi\u00f3n para Kirchner e inhabilitaci\u00f3n para que ejerza cargos p\u00fablicos, acusada de haber desviado como presidenta cerca de US$1.000 millones en contratos de obra p\u00fablica para beneficio particular.<\/p>\n<\/div>\n<div dir=\"ltr\" class=\"bbc-19j92fr ebmt73l0\" readability=\"11\">\n<p dir=\"ltr\" class=\"bbc-hhl7in e17g058b0\">Kirchner ha negado los cargos y recibi\u00f3 el respaldo de Fern\u00e1ndez y los presidentes izquierdistas de M\u00e9xico, Colombia y Bolivia, quienes sostuvieron en un comunicado que la vicepresidenta sufre una &#8220;injustificable persecuci\u00f3n judicial&#8221;.<\/p>\n<\/div>\n<div dir=\"ltr\" class=\"bbc-1ka88fa ebmt73l0\">\n<figure class=\"bbc-1qdcvv9 e1aczekt0\">\n<div dir=\"ltr\" class=\"bbc-172p16q ebmt73l0\">\n<div dir=\"ltr\" class=\"bbc-189y18v ebmt73l0\" readability=\"6.5\">\n<div data-e2e=\"image-placeholder\" class=\"bbc-997y1y eihqrxw0\" readability=\"8\"><noscript><picture class=\"bbc-yfiktt e1mo64ex1\"><source srcset=\"http:\/\/cordobadirecto.com\/wp-content\/uploads\/2022\/09\/ha-sido-un-gran-error-subestimarla-cristina-fernandez-la-sobreviviente-politica-que-vuelve-a-tener-en-vilo-a-argentina-10.webp 240w, http:\/\/cordobadirecto.com\/wp-content\/uploads\/2022\/09\/ha-sido-un-gran-error-subestimarla-cristina-fernandez-la-sobreviviente-politica-que-vuelve-a-tener-en-vilo-a-argentina-11.webp 320w, http:\/\/cordobadirecto.com\/wp-content\/uploads\/2022\/09\/ha-sido-un-gran-error-subestimarla-cristina-fernandez-la-sobreviviente-politica-que-vuelve-a-tener-en-vilo-a-argentina-12.webp 480w, http:\/\/cordobadirecto.com\/wp-content\/uploads\/2022\/09\/ha-sido-un-gran-error-subestimarla-cristina-fernandez-la-sobreviviente-politica-que-vuelve-a-tener-en-vilo-a-argentina-13.webp 624w, http:\/\/cordobadirecto.com\/wp-content\/uploads\/2022\/09\/ha-sido-un-gran-error-subestimarla-cristina-fernandez-la-sobreviviente-politica-que-vuelve-a-tener-en-vilo-a-argentina-14.webp 800w\" type=\"image\/webp\" sizes=\"(min-width: 1008px) 645px, 100vw\"><source srcset=\"https:\/\/ichef.bbci.co.uk\/news\/240\/cpsprodpb\/6356\/production\/_109903452_7-1.jpg 240w, https:\/\/ichef.bbci.co.uk\/news\/320\/cpsprodpb\/6356\/production\/_109903452_7-1.jpg 320w, https:\/\/ichef.bbci.co.uk\/news\/480\/cpsprodpb\/6356\/production\/_109903452_7-1.jpg 480w, https:\/\/ichef.bbci.co.uk\/news\/624\/cpsprodpb\/6356\/production\/_109903452_7-1.jpg 624w, https:\/\/ichef.bbci.co.uk\/news\/800\/cpsprodpb\/6356\/production\/_109903452_7-1.jpg 800w\" type=\"image\/jpeg\" sizes=\"(min-width: 1008px) 645px, 100vw\"><img loading=\"lazy\" src=\"http:\/\/cordobadirecto.com\/wp-content\/uploads\/2022\/09\/ha-sido-un-gran-error-subestimarla-cristina-fernandez-la-sobreviviente-politica-que-vuelve-a-tener-en-vilo-a-argentina-3.jpg\" alt=\"Cristina Fern\u00e1ndez de Kirchner en su banca del Senado\" width=\"976\" height=\"549\" class=\"e3vrtyk0 bbc-rb7xa0 e1mo64ex0\"><\/picture><\/noscript><\/p>\n<p role=\"text\" class=\"bbc-1s1cxbv ewbcsnk0\"><span class=\"bbc-1gnhmg2 ed7bp6y0\">Fuente de la imagen, <\/span><span lang=\"en-GB\">Getty Images<\/span><\/p>\n<\/div>\n<\/div>\n<\/div>\n<\/figure>\n<\/div>\n<div dir=\"ltr\" class=\"bbc-19j92fr ebmt73l0\" readability=\"10\">\n<p dir=\"ltr\" class=\"bbc-hhl7in e17g058b0\">Partidarios de Kirchner se concentraron para apoyarla durante d\u00edas frente a su apartamento del barrio de Recoleta, cuna de la aristocracia porte\u00f1a, y lleg\u00f3 a chocar con la polic\u00eda. <\/p>\n<\/div>\n<div dir=\"ltr\" class=\"bbc-19j92fr ebmt73l0\" readability=\"8\">\n<p dir=\"ltr\" class=\"bbc-hhl7in e17g058b0\">La situaci\u00f3n expuso aparentes paradojas: la mujer m\u00e1s poderosa de Argentina es se\u00f1alada como v\u00edctima del mismo Estado de derecho que ella representa.<\/p>\n<\/div>\n<div dir=\"ltr\" class=\"bbc-19j92fr ebmt73l0\" readability=\"8\">\n<p dir=\"ltr\" class=\"bbc-hhl7in e17g058b0\">Fue en ese contexto que el atacante surgi\u00f3 entre la multitud y apunt\u00f3 el arma contra Kirchner cuando \u00e9sta volv\u00eda a su domicilio en la noche del jueves. <\/p>\n<\/div>\n<div dir=\"ltr\" class=\"bbc-19j92fr ebmt73l0\" readability=\"8\">\n<p dir=\"ltr\" class=\"bbc-hhl7in e17g058b0\">Las redes sociales de inmediato se llenaron de teor\u00edas conspirativas de quienes defienden y rechazan a la vicepresidenta. <\/p>\n<\/div>\n<div dir=\"ltr\" class=\"bbc-1ka88fa ebmt73l0\">\n<figure class=\"bbc-1qdcvv9 e1aczekt0\">\n<div dir=\"ltr\" class=\"bbc-172p16q ebmt73l0\">\n<div dir=\"ltr\" class=\"bbc-189y18v ebmt73l0\" readability=\"6.5\">\n<div data-e2e=\"image-placeholder\" class=\"bbc-997y1y eihqrxw0\" readability=\"8\"><noscript><picture class=\"bbc-yfiktt e1mo64ex1\"><source srcset=\"http:\/\/cordobadirecto.com\/wp-content\/uploads\/2022\/09\/ha-sido-un-gran-error-subestimarla-cristina-fernandez-la-sobreviviente-politica-que-vuelve-a-tener-en-vilo-a-argentina-15.webp 240w, http:\/\/cordobadirecto.com\/wp-content\/uploads\/2022\/09\/ha-sido-un-gran-error-subestimarla-cristina-fernandez-la-sobreviviente-politica-que-vuelve-a-tener-en-vilo-a-argentina-16.webp 320w, http:\/\/cordobadirecto.com\/wp-content\/uploads\/2022\/09\/ha-sido-un-gran-error-subestimarla-cristina-fernandez-la-sobreviviente-politica-que-vuelve-a-tener-en-vilo-a-argentina-17.webp 480w, http:\/\/cordobadirecto.com\/wp-content\/uploads\/2022\/09\/ha-sido-un-gran-error-subestimarla-cristina-fernandez-la-sobreviviente-politica-que-vuelve-a-tener-en-vilo-a-argentina-18.webp 624w, http:\/\/cordobadirecto.com\/wp-content\/uploads\/2022\/09\/ha-sido-un-gran-error-subestimarla-cristina-fernandez-la-sobreviviente-politica-que-vuelve-a-tener-en-vilo-a-argentina-19.webp 800w\" type=\"image\/webp\" sizes=\"(min-width: 1008px) 645px, 100vw\"><source srcset=\"https:\/\/ichef.bbci.co.uk\/news\/240\/cpsprodpb\/17A94\/production\/_126561969_1.jpg 240w, https:\/\/ichef.bbci.co.uk\/news\/320\/cpsprodpb\/17A94\/production\/_126561969_1.jpg 320w, https:\/\/ichef.bbci.co.uk\/news\/480\/cpsprodpb\/17A94\/production\/_126561969_1.jpg 480w, https:\/\/ichef.bbci.co.uk\/news\/624\/cpsprodpb\/17A94\/production\/_126561969_1.jpg 624w, https:\/\/ichef.bbci.co.uk\/news\/800\/cpsprodpb\/17A94\/production\/_126561969_1.jpg 800w\" type=\"image\/jpeg\" sizes=\"(min-width: 1008px) 645px, 100vw\"><img loading=\"lazy\" src=\"http:\/\/cordobadirecto.com\/wp-content\/uploads\/2022\/09\/ha-sido-un-gran-error-subestimarla-cristina-fernandez-la-sobreviviente-politica-que-vuelve-a-tener-en-vilo-a-argentina-4.jpg\" alt=\"argentina\" width=\"976\" height=\"549\" class=\"e3vrtyk0 bbc-rb7xa0 e1mo64ex0\"><\/picture><\/noscript><\/p>\n<p role=\"text\" class=\"bbc-1s1cxbv ewbcsnk0\"><span class=\"bbc-1gnhmg2 ed7bp6y0\">Fuente de la imagen, <\/span><span lang=\"en-GB\">Reuters<\/span><\/p>\n<\/div>\n<\/div>\n<div dir=\"ltr\" class=\"bbc-3edg7g ebmt73l0\" readability=\"6\"><figcaption dir=\"ltr\" class=\"bbc-rhuvwm e6i104o0\" readability=\"2\"><span class=\"bbc-1gnhmg2 ed7bp6y0\">Pie de foto, <\/span><\/p>\n<p>El momento en que el arma apunta a la vicepresidenta.<\/p>\n<\/figcaption><\/div>\n<\/div>\n<\/figure>\n<\/div>\n<div dir=\"ltr\" class=\"bbc-19j92fr ebmt73l0\" readability=\"8\">\n<p dir=\"ltr\" class=\"bbc-hhl7in e17g058b0\">Las encuestas mostraban hasta ahora que apenas un tercio de los argentinos ten\u00eda una opini\u00f3n positiva de Kirchner. <\/p>\n<\/div>\n<div dir=\"ltr\" class=\"bbc-19j92fr ebmt73l0\" readability=\"8\">\n<p dir=\"ltr\" class=\"bbc-hhl7in e17g058b0\">As\u00ed, la expresidenta atraviesa<b> uno de los momentos m\u00e1s delicados de su carrera pol\u00edtica. <\/b><\/p>\n<\/div>\n<div dir=\"ltr\" class=\"bbc-19j92fr ebmt73l0\" readability=\"8\">\n<p dir=\"ltr\" class=\"bbc-hhl7in e17g058b0\">Pero algunos analistas advierten que es demasiado pronto para saber c\u00f3mo saldr\u00e1 de esta situaci\u00f3n o descartar que intente volver a la Casa Rosada en las presidenciales del a\u00f1o pr\u00f3ximo.<\/p>\n<\/div>\n<div dir=\"ltr\" class=\"bbc-19j92fr ebmt73l0\" readability=\"11\">\n<p dir=\"ltr\" class=\"bbc-hhl7in e17g058b0\">&#8220;Ha sido un gran error subestimar a Cristina Kirchner como figura pol\u00edtica en Argentina, y en este momento lo estamos viendo&#8221;, dice Fraga. &#8220;Creo que la posibilidad de que sea candidata ha aumentado en las \u00faltimas semanas&#8221;. <\/p>\n<\/div>\n<div dir=\"ltr\" class=\"bbc-1ka88fa ebmt73l0\">\n<figure class=\"bbc-1qdcvv9 e1aczekt0\">\n<div dir=\"ltr\" class=\"bbc-172p16q ebmt73l0\">\n<div dir=\"ltr\" class=\"bbc-189y18v ebmt73l0\">\n<div data-e2e=\"image-placeholder\" class=\"bbc-997y1y eihqrxw0\"><noscript><picture class=\"bbc-yfiktt e1mo64ex1\"><source srcset=\"http:\/\/cordobadirecto.com\/wp-content\/uploads\/2022\/09\/ha-sido-un-gran-error-subestimarla-cristina-fernandez-la-sobreviviente-politica-que-vuelve-a-tener-en-vilo-a-argentina-20.webp 240w, http:\/\/cordobadirecto.com\/wp-content\/uploads\/2022\/09\/ha-sido-un-gran-error-subestimarla-cristina-fernandez-la-sobreviviente-politica-que-vuelve-a-tener-en-vilo-a-argentina-21.webp 320w, http:\/\/cordobadirecto.com\/wp-content\/uploads\/2022\/09\/ha-sido-un-gran-error-subestimarla-cristina-fernandez-la-sobreviviente-politica-que-vuelve-a-tener-en-vilo-a-argentina-22.webp 464w\" type=\"image\/webp\" sizes=\"(min-width: 1008px) 645px, 100vw\"><source srcset=\"https:\/\/ichef.bbci.co.uk\/news\/240\/cpsprodpb\/17F76\/production\/_123566189_line976.jpg 240w, https:\/\/ichef.bbci.co.uk\/news\/320\/cpsprodpb\/17F76\/production\/_123566189_line976.jpg 320w, https:\/\/ichef.bbci.co.uk\/news\/464\/cpsprodpb\/17F76\/production\/_123566189_line976.jpg 464w\" type=\"image\/jpeg\" sizes=\"(min-width: 1008px) 645px, 100vw\"><img loading=\"lazy\" src=\"http:\/\/cordobadirecto.com\/wp-content\/uploads\/2022\/09\/ha-sido-un-gran-error-subestimarla-cristina-fernandez-la-sobreviviente-politica-que-vuelve-a-tener-en-vilo-a-argentina-5.jpg\" alt=\"L\u00ednea\" width=\"464\" height=\"2\" class=\"e3vrtyk0 bbc-rb7xa0 e1mo64ex0\"><\/picture><\/noscript><\/div>\n<\/div>\n<\/div>\n<\/figure>\n<\/div>\n<div dir=\"ltr\" class=\"bbc-19j92fr ebmt73l0\" readability=\"8\">\n<p dir=\"ltr\" class=\"bbc-hhl7in e17g058b0\"><i class=\"bbc-h1y5j7 eih42320\">Recuerda que <\/i><i class=\"bbc-h1y5j7 eih42320\">puedes recibir notificaciones de BBC Mundo. Descarga la nueva versi\u00f3n de nuestra app y act\u00edvalas para no perderte nuestro mejor contenido.<\/i><\/p>\n<\/div>\n","protected":false},"excerpt":{"rendered":"<p>Gerardo Lissardy BBC News Mundo 3 septiembre 2022 Fuente de la imagen, Getty Images Pie de foto, Imagen de Cristina Fern\u00e1ndez el d\u00eda despu\u00e9s del fallido atentado en su contra. Cristina Fern\u00e1ndez de Kirchner ha vuelto a sobrevivir, esta vez de modo literal. Todav\u00eda estremecen y sorprenden las im\u00e1genes de c\u00f3mo la vicepresidenta argentina sali\u00f3 [&hellip;]<\/p>\n","protected":false},"author":1,"featured_media":76375,"comment_status":"closed","ping_status":"closed","sticky":false,"template":"","format":"standard","meta":[],"categories":[24],"tags":[],"_links":{"self":[{"href":"http:\/\/cordobadirecto.com\/index.php\/wp-json\/wp\/v2\/posts\/76374"}],"collection":[{"href":"http:\/\/cordobadirecto.com\/index.php\/wp-json\/wp\/v2\/posts"}],"about":[{"href":"http:\/\/cordobadirecto.com\/index.php\/wp-json\/wp\/v2\/types\/post"}],"author":[{"embeddable":true,"href":"http:\/\/cordobadirecto.com\/index.php\/wp-json\/wp\/v2\/users\/1"}],"replies":[{"embeddable":true,"href":"http:\/\/cordobadirecto.com\/index.php\/wp-json\/wp\/v2\/comments?post=76374"}],"version-history":[{"count":0,"href":"http:\/\/cordobadirecto.com\/index.php\/wp-json\/wp\/v2\/posts\/76374\/revisions"}],"wp:featuredmedia":[{"embeddable":true,"href":"http:\/\/cordobadirecto.com\/index.php\/wp-json\/wp\/v2\/media\/76375"}],"wp:attachment":[{"href":"http:\/\/cordobadirecto.com\/index.php\/wp-json\/wp\/v2\/media?parent=76374"}],"wp:term":[{"taxonomy":"category","embeddable":true,"href":"http:\/\/cordobadirecto.com\/index.php\/wp-json\/wp\/v2\/categories?post=76374"},{"taxonomy":"post_tag","embeddable":true,"href":"http:\/\/cordobadirecto.com\/index.php\/wp-json\/wp\/v2\/tags?post=76374"}],"curies":[{"name":"wp","href":"https:\/\/api.w.org\/{rel}","templated":true}]}}