{"id":76430,"date":"2022-09-03T14:17:34","date_gmt":"2022-09-03T14:17:34","guid":{"rendered":"https:\/\/www.ole.com.ar\/autos\/formula-1-paises-bajos-verstappen-qualy_0_sEjfFtAfy5.html"},"modified":"2022-09-03T14:17:34","modified_gmt":"2022-09-03T14:17:34","slug":"verstappen-se-quedo-con-la-pole-en-su-casa","status":"publish","type":"post","link":"http:\/\/cordobadirecto.com\/index.php\/2022\/09\/03\/verstappen-se-quedo-con-la-pole-en-su-casa\/","title":{"rendered":"Verstappen se qued\u00f3 con la pole en su casa"},"content":{"rendered":"<p><strong><a alt=\"max-verstappen\" class=\"slug\" href=\"https:\/\/www.ole.com.ar\/tema\/max-verstappen.html\" target=\"_blank\" title=\"max-verstappen\" rel=\"noopener\">Max Verstappen<\/a><\/strong> parece imbatible en la <strong><a alt=\"formula-1\" class=\"slug\" href=\"https:\/\/www.ole.com.ar\/tema\/formula-1.html\" target=\"_blank\" title=\"formula-1\" rel=\"noopener\">F\u00f3rmula 1<\/a><\/strong>. A pesar de haberse perdido gran parte de los entrenamientos del viernes por un problema en la caja de cambios y de haber quedado lejos en los libres 2 y 3, el neerland\u00e9s vol\u00f3 en la clasificaci\u00f3n y <strong>se qued\u00f3 con la pole<\/strong> (la 4\u00aa en la temporada) en el Gran Premio de los Pa\u00edses Bajos, donde dio el primer golpe del fin de semana frente a su p\u00fablico.<\/p>\n<div class=\"sp__Normal\">\n<div class=\"image-embeb image-trigger\" readability=\"6\">\n<picture><source media=\"(min-width: 720px)\" srcset=\"http:\/\/cordobadirecto.com\/wp-content\/uploads\/2022\/09\/verstappen-se-quedo-con-la-pole-en-su-casa.jpg\"><img itemprop=\"image\" src=\"http:\/\/cordobadirecto.com\/wp-content\/uploads\/2022\/09\/verstappen-se-quedo-con-la-pole-en-su-casa.jpg\" loading=\"lazy\" alt=\"Verstappen dio el primer golpe del fin de semana. (AFP)\">\n<\/picture><figcaption readability=\"2\">\n<p>Verstappen dio el primer golpe del fin de semana. (AFP)\n<\/p>\n<\/figcaption><\/div>\n<\/div>\n<p>Seg\u00fan fue transcurriendo la tanda final de la clasificaci\u00f3n, todo indicaba que Ferrari iba camino a quedarse con la pole. Es que tanto Carlos Sainz como, principalmente, Charles Leclerc ven\u00edan volando en la pista y marcando r\u00e9cord en la mayor\u00eda de los sectores. Sin embargo, el l\u00edder del torneo con 283 puntos (le saca 91 a Sergio P\u00e9rez, que hoy fue 5\u00ba en la qualy) conserv\u00f3 neum\u00e1ticos blandos nuevos para su \u00faltima salida, <strong>aprovech\u00f3 un mal sector del monegasco en el segundo sector y aceler\u00f3 a fondo para hacer el mejor tiempo de todo el s\u00e1bado<\/strong> y asegurarse el primer lugar de partida en la final.<\/p>\n<div class=\"sp__SM\">\n<div class=\"content-new \">\n<span class=\"tit-mobile\">Mir\u00e1 tambi\u00e9n<\/span><\/p>\n<div class=\"mg\">\n<div class=\"wrap-figure\">\n<picture>\n<a href=\"https:\/\/www.ole.com.ar\/autos\/oscar-piastri-piloto-mclaren-alpine-f1_0_MElLJt7Nfc.html\" target=\"_self\" rel=\"noopener\"><br \/>\n<img class=\"img-responsive\" alt=\"Se termin\u00f3 la novela: Piastri correr\u00e1 en McLaren\" src=\"http:\/\/cordobadirecto.com\/wp-content\/uploads\/2022\/09\/verstappen-se-quedo-con-la-pole-en-su-casa-1.jpg\" loading=\"lazy\"><br \/>\n<\/a>\n<\/picture>\n<\/div>\n<\/div><\/div>\n<\/div>\n<p>&#8220;Es realmente incre\u00edble, miren el p\u00edublico, especialmente ayer fue un d\u00eda dif\u00edcil, trabajamos para dar vuelta la situaci\u00f3n, fue muy peleado y una vuelta r\u00e1pida aqu\u00ed es de locos. H<strong>emos cambiado much\u00edsimo, corrimos mucho para dejar el auto bien y fue muy lindo manejar en esta pista. <\/strong>Estoy muy contento de estar delante de mi p\u00fablico&#8221;, dijo el neerland\u00e9s apenas termin\u00f3 la qualy.<\/p>\n<div class=\"sp__Normal\">\n<div class=\"image-embeb image-trigger\" readability=\"6\">\n<picture><source media=\"(min-width: 720px)\" srcset=\"http:\/\/cordobadirecto.com\/wp-content\/uploads\/2022\/09\/verstappen-se-quedo-con-la-pole-en-su-casa-2.jpg\"><img itemprop=\"image\" src=\"http:\/\/cordobadirecto.com\/wp-content\/uploads\/2022\/09\/verstappen-se-quedo-con-la-pole-en-su-casa-2.jpg\" loading=\"lazy\" alt=\"El p\u00fablico cop\u00f3 el circuito. (AFP)\">\n<\/picture><figcaption readability=\"2\">\n<p>El p\u00fablico cop\u00f3 el circuito. (AFP)\n<\/p>\n<\/figcaption><\/div>\n<\/div>\n<p>En tanto, <strong><a alt=\"charles-leclerc\" class=\"slug\" href=\"https:\/\/www.ole.com.ar\/tema\/charles-leclerc.html\" target=\"_blank\" title=\"charles-leclerc\" rel=\"noopener\">Charles Leclerc<\/a><\/strong> asegur\u00f3: &#8220;<strong>Estuvo muy cerca,<\/strong>&nbsp;<strong>pero&nbsp;Max hizo una gran vuelta<\/strong>, nuestro auto se puso cada vez mejor, pero no alcanz\u00f3 y quedamos en la segunda posici\u00f3n. Ma\u00f1ana lo daremos todo. Somos muchos m\u00e1s fuertes con respecto a la semana pasada y necesitamos hacer una buena largada para luego ver qu\u00e9 sucede&#8221;.<\/p>\n<p>En definitiva, <strong>Verstappen y Leclerc compartir\u00e1n la primera fila en un circuito en el que es clave hacer una buena partida<\/strong>, dado que no hay muchos sectores para los adelantos, y tambi\u00e9n los equipos tendr\u00e1n que estar muy atentos para las estrategias a aplicar a lo largo de la carrera. Sainz picar\u00e1 tercera, mientras que Lewis Hamilton, que viene de no poder completar el GP de Spa, largar\u00e1 cuarto.<\/p>\n<div class=\"sp__SM\">\n<div class=\"content-new \">\n<span class=\"tit-mobile\">Mir\u00e1 tambi\u00e9n<\/span><\/p>\n<div class=\"mg\">\n<div class=\"wrap-figure\">\n<picture>\n<a href=\"https:\/\/www.ole.com.ar\/autos\/canapino-mejor-companero-equipo_0_yctWf6bvZR.html\" target=\"_self\" rel=\"noopener\"><br \/>\n<img class=\"img-responsive\" alt=\"Canapino eligi\u00f3 a su mejor compa\u00f1ero de equipo\" src=\"http:\/\/cordobadirecto.com\/wp-content\/uploads\/2022\/09\/verstappen-se-quedo-con-la-pole-en-su-casa-3.jpg\" loading=\"lazy\"><br \/>\n<\/a>\n<\/picture>\n<\/div>\n<\/div><\/div>\n<\/div>\n<h2><strong>As\u00ed largar\u00e1n en el GP de Pa\u00edses Bajos<\/strong><\/h2>\n<p>1- Max Verstappen<br \/>2- Charles Leclerc<br \/>3- Carlos Sainz<br \/>4- Lewis Hamilton<br \/>5- Sergio P\u00e9rez<br \/>6- George Russell<br \/>7- Lando Norris<br \/>8- Mick Schumacher<br \/>9- Yuki Tsunoda<br \/>10- Lance Stroll<br \/>11- Pierre Gasly<br \/>12- Esteban Ocon<br \/>13- Fernando Alonso<br \/>14- Guanyu Zhou<br \/>15- Alexander Albon<br \/>16- Valtteri Bottas<br \/>17- Daniel Ricciardo <br \/>18- Kevin Magnussen <br \/>19- Sebastian Vettel <br \/>\u200b20- Nicholas Latifi<\/p>\n<h2><strong>\u00bfC\u00f3mo sigue el fin de semana?<\/strong><br \/><\/h2>\n<p>Ya completada la clasificaci\u00f3n y con los pilotos que conocen su lugar de partida, lo pr\u00f3ximo en el Gran Premio de los Pa\u00edses Bajos ser\u00e1 la final del domingo, que est\u00e1&nbsp;estipulada para las 10 y que ser\u00e1 a 72 vueltas. Todo se podr\u00e1 seguir por Fox Sports y Star+.<\/p>\n<div class=\"sp__SM\">\n<div class=\"content-new \">\n<span class=\"tit-mobile\">Mir\u00e1 tambi\u00e9n<\/span><\/p>\n<div class=\"mg\">\n<div class=\"wrap-figure\">\n<picture>\n<a href=\"https:\/\/www.ole.com.ar\/autos\/alonso-hamilton-idiota-formula1-disculpa_0_qlPJjcsTTC.html\" target=\"_self\" rel=\"noopener\"><br \/>\n<img class=\"img-responsive\" alt=\"Alonso: del &quot;idiota&quot; a Hamilton a ofrecerle disculpas\" src=\"http:\/\/cordobadirecto.com\/wp-content\/uploads\/2022\/09\/verstappen-se-quedo-con-la-pole-en-su-casa-4.jpg\" loading=\"lazy\"><br \/>\n<\/a>\n<\/picture>\n<\/div>\n<\/div><\/div>\n<\/div>\n<div class=\"entry-tags\">\n<h2>TEMAS QUE APARECEN EN ESTA NOTA<\/h2>\n<\/p><\/div>\n","protected":false},"excerpt":{"rendered":"<p>Max Verstappen parece imbatible en la F\u00f3rmula 1. A pesar de haberse perdido gran parte de los entrenamientos del viernes por un problema en la caja de cambios y de haber quedado lejos en los libres 2 y 3, el neerland\u00e9s vol\u00f3 en la clasificaci\u00f3n y se qued\u00f3 con la pole (la 4\u00aa en la [&hellip;]<\/p>\n","protected":false},"author":1,"featured_media":76431,"comment_status":"closed","ping_status":"closed","sticky":false,"template":"","format":"standard","meta":[],"categories":[21],"tags":[],"_links":{"self":[{"href":"http:\/\/cordobadirecto.com\/index.php\/wp-json\/wp\/v2\/posts\/76430"}],"collection":[{"href":"http:\/\/cordobadirecto.com\/index.php\/wp-json\/wp\/v2\/posts"}],"about":[{"href":"http:\/\/cordobadirecto.com\/index.php\/wp-json\/wp\/v2\/types\/post"}],"author":[{"embeddable":true,"href":"http:\/\/cordobadirecto.com\/index.php\/wp-json\/wp\/v2\/users\/1"}],"replies":[{"embeddable":true,"href":"http:\/\/cordobadirecto.com\/index.php\/wp-json\/wp\/v2\/comments?post=76430"}],"version-history":[{"count":0,"href":"http:\/\/cordobadirecto.com\/index.php\/wp-json\/wp\/v2\/posts\/76430\/revisions"}],"wp:featuredmedia":[{"embeddable":true,"href":"http:\/\/cordobadirecto.com\/index.php\/wp-json\/wp\/v2\/media\/76431"}],"wp:attachment":[{"href":"http:\/\/cordobadirecto.com\/index.php\/wp-json\/wp\/v2\/media?parent=76430"}],"wp:term":[{"taxonomy":"category","embeddable":true,"href":"http:\/\/cordobadirecto.com\/index.php\/wp-json\/wp\/v2\/categories?post=76430"},{"taxonomy":"post_tag","embeddable":true,"href":"http:\/\/cordobadirecto.com\/index.php\/wp-json\/wp\/v2\/tags?post=76430"}],"curies":[{"name":"wp","href":"https:\/\/api.w.org\/{rel}","templated":true}]}}