{"id":7653,"date":"2021-06-05T09:07:15","date_gmt":"2021-06-05T09:07:15","guid":{"rendered":"https:\/\/puntoapunto.com.ar\/?p=279002"},"modified":"2021-06-05T09:07:15","modified_gmt":"2021-06-05T09:07:15","slug":"lanzan-programa-para-promover-el-empleo-dentro-del-sector-privado","status":"publish","type":"post","link":"http:\/\/cordobadirecto.com\/index.php\/2021\/06\/05\/lanzan-programa-para-promover-el-empleo-dentro-del-sector-privado\/","title":{"rendered":"Lanzan programa para promover el empleo dentro del sector privado"},"content":{"rendered":"<p><!-- image --><\/p>\n<div class=\"td-post-featured-image\"><a href=\"http:\/\/cordobadirecto.com\/wp-content\/uploads\/2021\/06\/lanzan-programa-para-promover-el-empleo-dentro-del-sector-privado.jpg\" data-caption><img loading=\"lazy\" width=\"696\" height=\"463\" class=\"entry-thumb td-modal-image\" src=\"http:\/\/cordobadirecto.com\/wp-content\/uploads\/2021\/06\/lanzan-programa-para-promover-el-empleo-dentro-del-sector-privado.jpg\" srcset=\"http:\/\/cordobadirecto.com\/wp-content\/uploads\/2021\/06\/lanzan-programa-para-promover-el-empleo-dentro-del-sector-privado.jpg 728w, http:\/\/cordobadirecto.com\/wp-content\/uploads\/2021\/06\/lanzan-programa-para-promover-el-empleo-dentro-del-sector-privado-1.jpg 300w\" sizes=\"(max-width: 696px) 100vw, 696px\" alt title=\"Industria empresas\"><\/a><\/div>\n<p> <!-- content --><\/p>\n<div class=\"td-a-rec td-a-rec-id-content_top tdi_73_2bc td_block_template_10\">\n<div class=\"g g-34\">\n<div class=\"g-single a-299\"><a class=\"gofollow\" data-track=\"Mjk5LDM0LDEsNjA=\" href=\"http:\/\/www.grupocanter.com.ar\/landing\/pap\/?utm_source=Punto%20a%20Punto&amp;utm_medium=Banner&amp;utm_campaign=Departamentos&amp;utm_term=Banner%20Pie%20de%20Nota\"><img src=\"http:\/\/cordobadirecto.com\/wp-content\/uploads\/2021\/06\/lanzan-programa-para-promover-el-empleo-dentro-del-sector-privado.gif\"><\/a><\/div>\n<\/div>\n<\/div>\n<p>El Gobierno lanz\u00f3 oficialmente el \u201c<a href=\"https:\/\/drive.google.com\/file\/d\/1KrHAiOYIpj_ON6_QLPdo9CoJyYj1zPxN\/view\">Programa Federal de Fortalecimiento de la Reactivaci\u00f3n Productiva<\/a>\u201c, que tiene por objeto la promoci\u00f3n del empleo y la generaci\u00f3n de nuevos puestos de trabajo en cada provincia que adhiera a esa iniciativa. La decisi\u00f3n se formaliz\u00f3 por medio de la Resoluci\u00f3n 245\/20<a href=\"https:\/\/puntoapunto.com.ar\/tag\/21\/\" class=\"st_tag internal_tag\" rel=\"tag\" title=\"Posts tagged with 21\">21<\/a> del Ministerio de Desarrollo Productivo, publicada este viernes en el Bolet\u00edn Oficial.<\/p>\n<p>Esa cartera encomend\u00f3 al Comit\u00e9 Ejecutivo del Fondo Nacional de Desarrollo Productivo (FONDEP) a adoptar las medidas y efectuar las acciones necesarias para llevar adelante el <a href=\"https:\/\/puntoapunto.com.ar\/tag\/financiamiento\/\" class=\"st_tag internal_tag\" rel=\"tag\" title=\"Posts tagged with financiamiento\">financiamiento<\/a> de los beneficios a otorgarse en el marco del Programa.<\/p>\n<p>Seg\u00fan lo dispuesto, los montos m\u00e1ximos de los Aportes No Reembolsables (ANR) mensuales por contrataci\u00f3n que se podr\u00e1n otorgar a quienes resulten beneficiarios, se establecer\u00e1n en cada convocatoria espec\u00edfica en funci\u00f3n de los promedios salariales de cada regi\u00f3n.<\/p>\n<p>Por su parte, las Secretar\u00edas de Industria y de la Peque\u00f1a y Mediana Empresa ser\u00e1n, en forma conjunta, la Autoridad de Aplicaci\u00f3n del Programa, quedando facultadas para dictar la normativa complementaria y aclaratoria que resulte necesaria para la implementaci\u00f3n, como as\u00ed tambi\u00e9n a formalizar las convocatorias espec\u00edficas que tengan lugar y aprobar las correspondientes Bases y Condiciones Particulares que las regir\u00e1n.<\/p>\n<p>Desarrollo Productivo aclar\u00f3 que esas convocatorias espec\u00edficas podr\u00e1n, entre otras caracter\u00edsticas, segmentarse por provincia, actividad econ\u00f3mica y el per\u00edodo de contrataciones a ser considerado. Adem\u00e1s, deber\u00e1 establecer el cupo de puestos de trabajo, as\u00ed como los montos de los beneficios a ser otorgados en cada una de ellas.<\/p>\n<p>El <a href=\"https:\/\/puntoapunto.com.ar\/tag\/poder\/\" class=\"st_tag internal_tag\" rel=\"tag\" title=\"Posts tagged with poder\">Poder<\/a> Ejecutivo justific\u00f3 la creaci\u00f3n de este Programa al se\u00f1alar que se encuentra promoviendo una serie de pol\u00edticas direccionadas a impulsar la reconstrucci\u00f3n de la industria nacional, estimular la creaci\u00f3n de empleo calificado e incrementar la productividad del entramado productivo nacional, estimulando una orientaci\u00f3n exportadora y una mayor inserci\u00f3n internacional\u201d.<\/p>\n<p>\u201cEl contexto actual evidencia diversos indicadores que dan <a href=\"https:\/\/puntoapunto.com.ar\/tag\/cuenta\/\" class=\"st_tag internal_tag\" rel=\"tag\" title=\"Posts tagged with cuenta\">cuenta<\/a> de un proceso de reactivaci\u00f3n de la actividad econ\u00f3mica industrial y agroindustrial, en cuyo marco el Ministerio de Desarrollo Productivo busca potenciar este proceso con el desarrollo de medidas que promuevan la recuperaci\u00f3n de la producci\u00f3n industrial e impulsen el desarrollo competitivo de actividades con mayor agregaci\u00f3n de valor y empleo calificado\u201d, a\u00f1adi\u00f3.<\/p>\n<p>En consecuencia, destac\u00f3 que el objetivo es, ahora, \u201caunar esfuerzos para potenciar la situaci\u00f3n descripta mediante la creaci\u00f3n de un programa que fomente la generaci\u00f3n de puestos de trabajo mediante el otorgamiento de Aportes No Reembolsables (ANR) instrumentados mediante el FONDEP, tendientes a aumentar la n\u00f3mina de trabajadoras y trabajadores de dichos sectores, y por ende, su producci\u00f3n\u201d.<\/p>\n<p>No tags for this post. <!-- A generated by theme --> <!-- end A --> <\/p>\n","protected":false},"excerpt":{"rendered":"<p>El Gobierno lanz\u00f3 oficialmente el \u201cPrograma Federal de Fortalecimiento de la Reactivaci\u00f3n Productiva\u201c, que tiene por objeto la promoci\u00f3n del empleo y la generaci\u00f3n de nuevos puestos de trabajo en cada provincia que adhiera a esa iniciativa. La decisi\u00f3n se formaliz\u00f3 por medio de la Resoluci\u00f3n 245\/2021 del Ministerio de Desarrollo Productivo, publicada este viernes [&hellip;]<\/p>\n","protected":false},"author":1,"featured_media":7654,"comment_status":"closed","ping_status":"closed","sticky":false,"template":"","format":"standard","meta":[],"categories":[25],"tags":[],"_links":{"self":[{"href":"http:\/\/cordobadirecto.com\/index.php\/wp-json\/wp\/v2\/posts\/7653"}],"collection":[{"href":"http:\/\/cordobadirecto.com\/index.php\/wp-json\/wp\/v2\/posts"}],"about":[{"href":"http:\/\/cordobadirecto.com\/index.php\/wp-json\/wp\/v2\/types\/post"}],"author":[{"embeddable":true,"href":"http:\/\/cordobadirecto.com\/index.php\/wp-json\/wp\/v2\/users\/1"}],"replies":[{"embeddable":true,"href":"http:\/\/cordobadirecto.com\/index.php\/wp-json\/wp\/v2\/comments?post=7653"}],"version-history":[{"count":0,"href":"http:\/\/cordobadirecto.com\/index.php\/wp-json\/wp\/v2\/posts\/7653\/revisions"}],"wp:featuredmedia":[{"embeddable":true,"href":"http:\/\/cordobadirecto.com\/index.php\/wp-json\/wp\/v2\/media\/7654"}],"wp:attachment":[{"href":"http:\/\/cordobadirecto.com\/index.php\/wp-json\/wp\/v2\/media?parent=7653"}],"wp:term":[{"taxonomy":"category","embeddable":true,"href":"http:\/\/cordobadirecto.com\/index.php\/wp-json\/wp\/v2\/categories?post=7653"},{"taxonomy":"post_tag","embeddable":true,"href":"http:\/\/cordobadirecto.com\/index.php\/wp-json\/wp\/v2\/tags?post=7653"}],"curies":[{"name":"wp","href":"https:\/\/api.w.org\/{rel}","templated":true}]}}