{"id":7661,"date":"2021-06-05T13:52:51","date_gmt":"2021-06-05T13:52:51","guid":{"rendered":"http:\/\/www.bbc.com\/mundo\/noticias-america-latina-57291097"},"modified":"2021-06-05T13:52:51","modified_gmt":"2021-06-05T13:52:51","slug":"la-fascinante-historia-de-juan-rodriguez-el-proto-dominicano-que-fue-el-primer-inmigrante-de-nueva-york","status":"publish","type":"post","link":"http:\/\/cordobadirecto.com\/index.php\/2021\/06\/05\/la-fascinante-historia-de-juan-rodriguez-el-proto-dominicano-que-fue-el-primer-inmigrante-de-nueva-york\/","title":{"rendered":"La fascinante historia de Juan Rodr\u00edguez, el &#8220;proto-dominicano&#8221; que fue el primer inmigrante de Nueva York"},"content":{"rendered":"<div dir=\"ltr\" class=\"e1j2237y5 bbc-q4ibpr e57qer20\">\n<div class=\"bbc-1atl7vu e1c9i7u14\">\n<ul role=\"list\" class=\"bbc-cdrraw e1c9i7u12\">\n<li role=\"listitem\" class=\"bbc-1a3w4ok e1c9i7u11\">Gerardo Lissardy<\/li>\n<li role=\"listitem\" class=\"bbc-1p92jtu e1c9i7u10\">BBC News Mundo, Nueva York<\/li>\n<\/ul>\n<\/div>\n<\/div>\n<p><time datetime=\"2021-06-05\" class=\"bbc-14xtggo e4zesg50\">42 minutos<\/time><\/p>\n<div dir=\"ltr\" class=\"bbc-1ka88fa e57qer20\">\n<figure class=\"bbc-1qdcvv9 e6bmn90\">\n<div dir=\"ltr\" class=\"bbc-172p16q e57qer20\">\n<div dir=\"ltr\" class=\"bbc-189y18v e57qer20\" readability=\"6.5\">\n<div data-e2e=\"image-placeholder\" class=\"bbc-1k5hvrj e1whu0\" readability=\"8\"><img srcset=\"http:\/\/cordobadirecto.com\/wp-content\/uploads\/2021\/06\/la-fascinante-historia-de-juan-rodriguez-el-proto-dominicano-que-fue-el-primer-inmigrante-de-nueva-york-7.jpg 240w, http:\/\/cordobadirecto.com\/wp-content\/uploads\/2021\/06\/la-fascinante-historia-de-juan-rodriguez-el-proto-dominicano-que-fue-el-primer-inmigrante-de-nueva-york-8.jpg 320w, http:\/\/cordobadirecto.com\/wp-content\/uploads\/2021\/06\/la-fascinante-historia-de-juan-rodriguez-el-proto-dominicano-que-fue-el-primer-inmigrante-de-nueva-york-9.jpg 480w, http:\/\/cordobadirecto.com\/wp-content\/uploads\/2021\/06\/la-fascinante-historia-de-juan-rodriguez-el-proto-dominicano-que-fue-el-primer-inmigrante-de-nueva-york-10.jpg 624w, http:\/\/cordobadirecto.com\/wp-content\/uploads\/2021\/06\/la-fascinante-historia-de-juan-rodriguez-el-proto-dominicano-que-fue-el-primer-inmigrante-de-nueva-york-11.jpg 800w\" alt=\"Un tramo de la avenida Broadway entre las calles 159 y 218 nombrado en homenaje a Juan Rodr\u00edguez en 2012.\" src=\"http:\/\/cordobadirecto.com\/wp-content\/uploads\/2021\/06\/la-fascinante-historia-de-juan-rodriguez-el-proto-dominicano-que-fue-el-primer-inmigrante-de-nueva-york.jpg\" width=\"976\" class=\"bbc-fat2bc e1enwo3v0\"><\/p>\n<p role=\"text\" class=\"bbc-1s1cxbv etq3yw90\"><span class=\"bbc-1gnhmg2 e1yt7oin0\">Fuente de la imagen, <\/span><span lang=\"en-GB\">BBC Mundo<\/span><\/p>\n<\/div>\n<\/div>\n<div dir=\"ltr\" class=\"bbc-3edg7g e57qer20\" readability=\"6\"><figcaption dir=\"ltr\" class=\"bbc-1t9zlwf eede9f50\" readability=\"2\"><span class=\"bbc-1gnhmg2 e1yt7oin0\">Pie de foto, <\/span><\/p>\n<p>Un tramo de la avenida Broadway entre las calles 159 y 218 nombrado en homenaje a Juan Rodr\u00edguez.<\/p>\n<\/figcaption><\/div>\n<\/div>\n<\/figure>\n<\/div>\n<div dir=\"ltr\" class=\"bbc-19j92fr e57qer20\" readability=\"11\">\n<p dir=\"ltr\" class=\"bbc-bm53ic e1cc2ql70\"><b>Delia Sosa, una inmigrante dominicana de 64 a\u00f1os, camina por un tramo de la avenida Broadway en Nueva York nombrado &#8216;Juan Rodriguez&#8217;, pero admite desconocer qui\u00e9n fue ese personaje. <\/b><\/p>\n<\/div>\n<div dir=\"ltr\" class=\"bbc-19j92fr e57qer20\" readability=\"9\">\n<p dir=\"ltr\" class=\"bbc-bm53ic e1cc2ql70\">&#8220;Por el apellido, parece dominicano&#8221;, adivina. <\/p>\n<\/div>\n<div dir=\"ltr\" class=\"bbc-19j92fr e57qer20\" readability=\"9\">\n<p dir=\"ltr\" class=\"bbc-bm53ic e1cc2ql70\">Y cuando le cuentan la fascinante historia detr\u00e1s de ese nombre, Sosa abre sus ojos cada vez m\u00e1s grandes.<\/p>\n<\/div>\n<div dir=\"ltr\" class=\"bbc-19j92fr e57qer20\" readability=\"7\">\n<p dir=\"ltr\" class=\"bbc-bm53ic e1cc2ql70\">Esa calle se volvi\u00f3 el mayor reconocimiento de la ciudad a Rodr\u00edguez. <\/p>\n<\/div>\n<div dir=\"ltr\" class=\"bbc-19j92fr e57qer20\" readability=\"9\">\n<p dir=\"ltr\" class=\"bbc-bm53ic e1cc2ql70\">Atraviesa Washington Heights, una zona del alto Manhattan tambi\u00e9n denominada &#8220;Peque\u00f1a Rep\u00fablica Dominicana&#8221; por la fuerte presencia de emigrantes de ese pa\u00eds.<\/p>\n<\/div>\n<div dir=\"ltr\" class=\"bbc-19j92fr e57qer20\" readability=\"11\">\n<p dir=\"ltr\" class=\"bbc-bm53ic e1cc2ql70\">Sin embargo, buena parte de los neoyorquinos ignoran que ese hombre procedente de Santo Domingo fue el primer habitante no ind\u00edgena que se conozca en estas tierras, el primer inmigrante de una futura ciudad de inmigrantes. <\/p>\n<\/div>\n<div dir=\"ltr\" class=\"bbc-19j92fr e57qer20\" readability=\"11\">\n<p dir=\"ltr\" class=\"bbc-bm53ic e1cc2ql70\">&#8220;\u00c9l es una especie de precursor de la multiculturalidad de la ciudad de Nueva York&#8221;, dice Anthony Stevens-Acevedo, un historiador que ha investigado el periplo de Rodr\u00edguez, a BBC Mundo. <\/p>\n<\/div>\n<p><h2 id=\"Una-casualidad\" tabindex=\"-1\" class=\"bbc-l3e97o e14hemmw0\">&#8220;Una casualidad&#8221;<\/h2>\n<\/p>\n<div dir=\"ltr\" class=\"bbc-19j92fr e57qer20\" readability=\"7\">\n<p dir=\"ltr\" class=\"bbc-bm53ic e1cc2ql70\">Sobre la vida de Juan Rodr\u00edguez parece haber m\u00e1s inc\u00f3gnitas que certezas. <\/p>\n<\/div>\n<div dir=\"ltr\" class=\"bbc-19j92fr e57qer20\" readability=\"9\">\n<p dir=\"ltr\" class=\"bbc-bm53ic e1cc2ql70\">Los datos m\u00e1s reveladores sobre su historia provienen de documentos hallados en Holanda. Se\u00f1alan que Rodr\u00edguez era un hombre negro o mulato que en la primavera de 1613 arrib\u00f3 al \u00e1rea del r\u00edo Hudson donde hoy est\u00e1 la ciudad de Nueva York. <\/p>\n<\/div>\n<div dir=\"ltr\" class=\"bbc-19j92fr e57qer20\" readability=\"11\">\n<p dir=\"ltr\" class=\"bbc-bm53ic e1cc2ql70\">Lleg\u00f3 a bordo de un barco mercante holand\u00e9s proveniente de Santo Domingo, el lugar de la isla caribe\u00f1a de La Espa\u00f1ola que entonces era colonia de Espa\u00f1a y lugar de nacimiento de Rodr\u00edguez, seg\u00fan el testimonio registrado de miembros de la tripulaci\u00f3n. <\/p>\n<\/div>\n<div dir=\"ltr\" class=\"bbc-1ka88fa e57qer20\">\n<figure class=\"bbc-1qdcvv9 e6bmn90\">\n<div dir=\"ltr\" class=\"bbc-172p16q e57qer20\">\n<div dir=\"ltr\" class=\"bbc-189y18v e57qer20\" readability=\"6.5\">\n<div data-e2e=\"image-placeholder\" class=\"bbc-1k5hvrj e1whu0\" readability=\"8\"><noscript><img srcset=\"http:\/\/cordobadirecto.com\/wp-content\/uploads\/2021\/06\/la-fascinante-historia-de-juan-rodriguez-el-proto-dominicano-que-fue-el-primer-inmigrante-de-nueva-york-12.jpg 240w, http:\/\/cordobadirecto.com\/wp-content\/uploads\/2021\/06\/la-fascinante-historia-de-juan-rodriguez-el-proto-dominicano-que-fue-el-primer-inmigrante-de-nueva-york-13.jpg 320w, http:\/\/cordobadirecto.com\/wp-content\/uploads\/2021\/06\/la-fascinante-historia-de-juan-rodriguez-el-proto-dominicano-que-fue-el-primer-inmigrante-de-nueva-york-14.jpg 480w, http:\/\/cordobadirecto.com\/wp-content\/uploads\/2021\/06\/la-fascinante-historia-de-juan-rodriguez-el-proto-dominicano-que-fue-el-primer-inmigrante-de-nueva-york-15.jpg 624w, http:\/\/cordobadirecto.com\/wp-content\/uploads\/2021\/06\/la-fascinante-historia-de-juan-rodriguez-el-proto-dominicano-que-fue-el-primer-inmigrante-de-nueva-york-16.jpg 800w\" alt=\"Desfile dominicano en Nueva York.\" src=\"http:\/\/cordobadirecto.com\/wp-content\/uploads\/2021\/06\/la-fascinante-historia-de-juan-rodriguez-el-proto-dominicano-que-fue-el-primer-inmigrante-de-nueva-york-1.jpg\" width=\"976\" class=\"bbc-fat2bc e1enwo3v0\"><\/noscript><\/p>\n<p role=\"text\" class=\"bbc-1s1cxbv etq3yw90\"><span class=\"bbc-1gnhmg2 e1yt7oin0\">Fuente de la imagen, <\/span><span lang=\"en-GB\">Getty Images<\/span><\/p>\n<\/div>\n<\/div>\n<div dir=\"ltr\" class=\"bbc-3edg7g e57qer20\" readability=\"6\"><figcaption dir=\"ltr\" class=\"bbc-1t9zlwf eede9f50\" readability=\"2\"><span class=\"bbc-1gnhmg2 e1yt7oin0\">Pie de foto, <\/span><\/p>\n<p>En Nueva York existe una fuerte presencia dominicana.<\/p>\n<\/figcaption><\/div>\n<\/div>\n<\/figure>\n<\/div>\n<div dir=\"ltr\" class=\"bbc-19j92fr e57qer20\" readability=\"9\">\n<p dir=\"ltr\" class=\"bbc-bm53ic e1cc2ql70\">El hecho de que su nombre aparezca escrito en documentos como Jan Rodrigues motiv\u00f3 cierta especulaci\u00f3n con que tuviera ra\u00edces portuguesas, pero expertos advierte que falta evidencia de eso. <\/p>\n<\/div>\n<div dir=\"ltr\" class=\"bbc-19j92fr e57qer20\" readability=\"10\">\n<p dir=\"ltr\" class=\"bbc-bm53ic e1cc2ql70\">Todo indica que el barco Jonge Tobias en el que Rodr\u00edguez lleg\u00f3 al r\u00edo Hudson, presumiblemente como marinero, exploraba oportunidades para el comercio de pieles. <\/p>\n<\/div>\n<div dir=\"ltr\" class=\"bbc-19j92fr e57qer20\" readability=\"11\">\n<p dir=\"ltr\" class=\"bbc-bm53ic e1cc2ql70\">Lo cierto, seg\u00fan los documentos de la \u00e9poca, es que cuando el capit\u00e1n de la nave anunci\u00f3 que regresar\u00edan a Holanda, lo hizo con un tripulante menos: Rodr\u00edguez.<\/p>\n<\/div>\n<div dir=\"ltr\" class=\"bbc-19j92fr e57qer20\" readability=\"12\">\n<p dir=\"ltr\" class=\"bbc-bm53ic e1cc2ql70\">Algunos se han preguntado si fue abandonado por los holandeses, aunque los testimonios de tripulantes se\u00f1alan que Rodr\u00edguez se baj\u00f3 del barco por voluntad propia tras amenazar con saltar por la borda si se lo imped\u00edan, y recibi\u00f3 armas y herramientas para sobrevivir hasta que volvieran al a\u00f1o siguiente. <\/p>\n<\/div>\n<div dir=\"ltr\" class=\"bbc-19j92fr e57qer20\" readability=\"8\">\n<p dir=\"ltr\" class=\"bbc-bm53ic e1cc2ql70\">Esto marca la importancia hist\u00f3rica de Rodr\u00edguez como primer habitante no aut\u00f3ctono de estas tierras. <\/p>\n<\/div>\n<div dir=\"ltr\" class=\"bbc-1ka88fa e57qer20\">\n<figure class=\"bbc-1qdcvv9 e6bmn90\">\n<div dir=\"ltr\" class=\"bbc-172p16q e57qer20\">\n<div dir=\"ltr\" class=\"bbc-189y18v e57qer20\" readability=\"6.5\">\n<div data-e2e=\"image-placeholder\" class=\"bbc-1k5hvrj e1whu0\" readability=\"8\"><noscript><img srcset=\"http:\/\/cordobadirecto.com\/wp-content\/uploads\/2021\/06\/la-fascinante-historia-de-juan-rodriguez-el-proto-dominicano-que-fue-el-primer-inmigrante-de-nueva-york-17.jpg 240w, http:\/\/cordobadirecto.com\/wp-content\/uploads\/2021\/06\/la-fascinante-historia-de-juan-rodriguez-el-proto-dominicano-que-fue-el-primer-inmigrante-de-nueva-york-18.jpg 320w, http:\/\/cordobadirecto.com\/wp-content\/uploads\/2021\/06\/la-fascinante-historia-de-juan-rodriguez-el-proto-dominicano-que-fue-el-primer-inmigrante-de-nueva-york-19.jpg 480w, http:\/\/cordobadirecto.com\/wp-content\/uploads\/2021\/06\/la-fascinante-historia-de-juan-rodriguez-el-proto-dominicano-que-fue-el-primer-inmigrante-de-nueva-york-20.jpg 624w, http:\/\/cordobadirecto.com\/wp-content\/uploads\/2021\/06\/la-fascinante-historia-de-juan-rodriguez-el-proto-dominicano-que-fue-el-primer-inmigrante-de-nueva-york-21.jpg 800w\" alt=\"Canal del r\u00edo Hudson\" src=\"http:\/\/cordobadirecto.com\/wp-content\/uploads\/2021\/06\/la-fascinante-historia-de-juan-rodriguez-el-proto-dominicano-que-fue-el-primer-inmigrante-de-nueva-york-2.jpg\" width=\"976\" class=\"bbc-fat2bc e1enwo3v0\"><\/noscript><\/p>\n<p role=\"text\" class=\"bbc-1s1cxbv etq3yw90\"><span class=\"bbc-1gnhmg2 e1yt7oin0\">Fuente de la imagen, <\/span><span lang=\"en-GB\">Getty Images<\/span><\/p>\n<\/div>\n<\/div>\n<div dir=\"ltr\" class=\"bbc-3edg7g e57qer20\" readability=\"6\"><figcaption dir=\"ltr\" class=\"bbc-1t9zlwf eede9f50\" readability=\"2\"><span class=\"bbc-1gnhmg2 e1yt7oin0\">Pie de foto, <\/span><\/p>\n<p>El r\u00edo Hudson atrajo a los holandeses a lo que hoy se conoce como Nueva York.<\/p>\n<\/figcaption><\/div>\n<\/div>\n<\/figure>\n<\/div>\n<div dir=\"ltr\" class=\"bbc-19j92fr e57qer20\" readability=\"11\">\n<p dir=\"ltr\" class=\"bbc-bm53ic e1cc2ql70\">El \u00e1rea donde se instal\u00f3 entonces, descubierta menos de un siglo antes por el explorador italiano Giovanni da Verrazzano para Francia, era habitada por abor\u00edgenes pertenecientes en su mayor\u00eda a la tribu Lenape. Y estaba sin colonizar.<\/p>\n<\/div>\n<div dir=\"ltr\" class=\"bbc-19j92fr e57qer20\" readability=\"9\">\n<p dir=\"ltr\" class=\"bbc-bm53ic e1cc2ql70\">Se cree que Rodr\u00edguez logr\u00f3 comunicarse y comerciar con los ind\u00edgenas gracias a su familiaridad para entender distintos idiomas, adquirida en sus contactos con extranjeros en La Espa\u00f1ola. <\/p>\n<\/div>\n<div dir=\"ltr\" class=\"bbc-19j92fr e57qer20\" readability=\"12\">\n<p dir=\"ltr\" class=\"bbc-bm53ic e1cc2ql70\">Sin embargo, Thijs Mossel, el capit\u00e1n del barco donde Rodr\u00edguez lleg\u00f3 all\u00ed, se encontr\u00f3 con una sorpresa cuando regres\u00f3 al lugar en 1614: Rodr\u00edguez trabajaba para otra expedici\u00f3n holandesa que hab\u00eda llegado poco antes.<\/p>\n<\/div>\n<div dir=\"ltr\" class=\"bbc-19j92fr e57qer20\" readability=\"12\">\n<p dir=\"ltr\" class=\"bbc-bm53ic e1cc2ql70\">Se desat\u00f3 un conflicto entre ambas embarcaciones y, seg\u00fan testimonios recogidos posteriormente por las autoridades holandesas, Rodr\u00edguez particip\u00f3 de la disputa violenta, fue herido y rescatado por sus nuevos socios. <\/p>\n<\/div>\n<div dir=\"ltr\" class=\"bbc-1ka88fa e57qer20\">\n<figure class=\"bbc-1qdcvv9 e6bmn90\">\n<div dir=\"ltr\" class=\"bbc-172p16q e57qer20\">\n<div dir=\"ltr\" class=\"bbc-189y18v e57qer20\" readability=\"6.5\">\n<div data-e2e=\"image-placeholder\" class=\"bbc-1k5hvrj e1whu0\" readability=\"8\"><noscript><img srcset=\"http:\/\/cordobadirecto.com\/wp-content\/uploads\/2021\/06\/la-fascinante-historia-de-juan-rodriguez-el-proto-dominicano-que-fue-el-primer-inmigrante-de-nueva-york-22.jpg 240w, http:\/\/cordobadirecto.com\/wp-content\/uploads\/2021\/06\/la-fascinante-historia-de-juan-rodriguez-el-proto-dominicano-que-fue-el-primer-inmigrante-de-nueva-york-23.jpg 320w, http:\/\/cordobadirecto.com\/wp-content\/uploads\/2021\/06\/la-fascinante-historia-de-juan-rodriguez-el-proto-dominicano-que-fue-el-primer-inmigrante-de-nueva-york-24.jpg 480w, http:\/\/cordobadirecto.com\/wp-content\/uploads\/2021\/06\/la-fascinante-historia-de-juan-rodriguez-el-proto-dominicano-que-fue-el-primer-inmigrante-de-nueva-york-25.jpg 624w, http:\/\/cordobadirecto.com\/wp-content\/uploads\/2021\/06\/la-fascinante-historia-de-juan-rodriguez-el-proto-dominicano-que-fue-el-primer-inmigrante-de-nueva-york-26.jpg 800w\" alt=\"Imagen de la colonia holandesa de Nueva Amsterdam en 1626\" src=\"http:\/\/cordobadirecto.com\/wp-content\/uploads\/2021\/06\/la-fascinante-historia-de-juan-rodriguez-el-proto-dominicano-que-fue-el-primer-inmigrante-de-nueva-york-3.jpg\" width=\"976\" class=\"bbc-fat2bc e1enwo3v0\"><\/noscript><\/p>\n<p role=\"text\" class=\"bbc-1s1cxbv etq3yw90\"><span class=\"bbc-1gnhmg2 e1yt7oin0\">Fuente de la imagen, <\/span><span lang=\"en-GB\">Getty Images<\/span><\/p>\n<\/div>\n<\/div>\n<div dir=\"ltr\" class=\"bbc-3edg7g e57qer20\" readability=\"7.5\"><figcaption dir=\"ltr\" class=\"bbc-1t9zlwf eede9f50\" readability=\"5\"><span class=\"bbc-1gnhmg2 e1yt7oin0\">Pie de foto, <\/span><\/p>\n<p>Los holandeses fundaron Nueva Amsterdam, que luego ser\u00eda Nueva York, a\u00f1os despu\u00e9s que Rodr\u00edguez viviera en el lugar.<\/p>\n<\/figcaption><\/div>\n<\/div>\n<\/figure>\n<\/div>\n<div dir=\"ltr\" class=\"bbc-19j92fr e57qer20\" readability=\"9\">\n<p dir=\"ltr\" class=\"bbc-bm53ic e1cc2ql70\">Si bien se desconoce qu\u00e9 pas\u00f3 con Rodr\u00edguez a partir de ese momento, Stevens-Acevedo explica que aquel conflicto ayud\u00f3 a que su historia quedara documentada en Holanda.<\/p>\n<\/div>\n<div dir=\"ltr\" class=\"bbc-19j92fr e57qer20\" readability=\"11\">\n<p dir=\"ltr\" class=\"bbc-bm53ic e1cc2ql70\">&#8220;Fue un poco una casualidad lo que nos permite saber sobre Juan Rodr\u00edguez&#8221;, dice el investigador y coautor de una monograf\u00eda sobre este personaje para el Instituto de Estudios Dominicanos de la Universidad de la Ciudad de Nueva York, (CUNY).<\/p>\n<\/div>\n<p><h2 id=\"Un-hombre-negro-libre\" tabindex=\"-1\" class=\"bbc-l3e97o e14hemmw0\">&#8220;Un hombre negro, libre&#8221;<\/h2>\n<\/p>\n<div dir=\"ltr\" class=\"bbc-19j92fr e57qer20\" readability=\"10\">\n<p dir=\"ltr\" class=\"bbc-bm53ic e1cc2ql70\">La historia de Rodr\u00edguez parec\u00eda destinada al olvido hasta que el historiador Simon Hart lo mencion\u00f3 en 1959 en un libro sobre los primeros viajes holandeses al Hudson, que inclu\u00eda citas de los documentos notariales originales. <\/p>\n<\/div>\n<div dir=\"ltr\" class=\"bbc-19j92fr e57qer20\" readability=\"8\">\n<p dir=\"ltr\" class=\"bbc-bm53ic e1cc2ql70\">Eso permiti\u00f3 que en d\u00e9cadas siguientes otros investigadores comenzaran a ver a Rodr\u00edguez como un ejemplo temprano de presencia afroamericana en lo que hoy es la Gran Manzana. <\/p>\n<\/div>\n<div dir=\"ltr\" class=\"bbc-19j92fr e57qer20\" readability=\"9\">\n<p dir=\"ltr\" class=\"bbc-bm53ic e1cc2ql70\">De hecho, residi\u00f3 en el lugar antes de que los holandeses fundaran Nueva Amsterdam en 1624 y los ingleses la rebautizaran como Nueva York tras conquistarla en 1664.<\/p>\n<\/div>\n<div dir=\"ltr\" class=\"bbc-1ka88fa e57qer20\">\n<figure class=\"bbc-1qdcvv9 e6bmn90\">\n<div dir=\"ltr\" class=\"bbc-172p16q e57qer20\">\n<div dir=\"ltr\" class=\"bbc-189y18v e57qer20\" readability=\"6.5\">\n<div data-e2e=\"image-placeholder\" class=\"bbc-1k5hvrj e1whu0\" readability=\"8\"><noscript><img srcset=\"http:\/\/cordobadirecto.com\/wp-content\/uploads\/2021\/06\/la-fascinante-historia-de-juan-rodriguez-el-proto-dominicano-que-fue-el-primer-inmigrante-de-nueva-york-27.jpg 240w, http:\/\/cordobadirecto.com\/wp-content\/uploads\/2021\/06\/la-fascinante-historia-de-juan-rodriguez-el-proto-dominicano-que-fue-el-primer-inmigrante-de-nueva-york-28.jpg 320w, http:\/\/cordobadirecto.com\/wp-content\/uploads\/2021\/06\/la-fascinante-historia-de-juan-rodriguez-el-proto-dominicano-que-fue-el-primer-inmigrante-de-nueva-york-29.jpg 480w, http:\/\/cordobadirecto.com\/wp-content\/uploads\/2021\/06\/la-fascinante-historia-de-juan-rodriguez-el-proto-dominicano-que-fue-el-primer-inmigrante-de-nueva-york-30.jpg 624w, http:\/\/cordobadirecto.com\/wp-content\/uploads\/2021\/06\/la-fascinante-historia-de-juan-rodriguez-el-proto-dominicano-que-fue-el-primer-inmigrante-de-nueva-york-31.jpg 800w\" alt=\"Subte de Nueva York.\" src=\"http:\/\/cordobadirecto.com\/wp-content\/uploads\/2021\/06\/la-fascinante-historia-de-juan-rodriguez-el-proto-dominicano-que-fue-el-primer-inmigrante-de-nueva-york-4.jpg\" width=\"976\" class=\"bbc-fat2bc e1enwo3v0\"><\/noscript><\/p>\n<p role=\"text\" class=\"bbc-1s1cxbv etq3yw90\"><span class=\"bbc-1gnhmg2 e1yt7oin0\">Fuente de la imagen, <\/span><span lang=\"en-GB\">Getty Images<\/span><\/p>\n<\/div>\n<\/div>\n<div dir=\"ltr\" class=\"bbc-3edg7g e57qer20\" readability=\"6.5\"><figcaption dir=\"ltr\" class=\"bbc-1t9zlwf eede9f50\" readability=\"3\"><span class=\"bbc-1gnhmg2 e1yt7oin0\">Pie de foto, <\/span><\/p>\n<p>Para algunos, Juan Rodr\u00edguez anticip\u00f3 la diversidad futura de Nueva York.<\/p>\n<\/figcaption><\/div>\n<\/div>\n<\/figure>\n<\/div>\n<div dir=\"ltr\" class=\"bbc-19j92fr e57qer20\" readability=\"10\">\n<p dir=\"ltr\" class=\"bbc-bm53ic e1cc2ql70\">Stevens-Acevedo describe a Rodr\u00edguez como &#8220;un proto-dominicano t\u00edpico de la \u00e9poca: un hombre negro, libre, muy acostumbrado a tomar iniciativa propia y fiero defensor de su libertad&#8221;.<\/p>\n<\/div>\n<div dir=\"ltr\" class=\"bbc-19j92fr e57qer20\" readability=\"7\">\n<p dir=\"ltr\" class=\"bbc-bm53ic e1cc2ql70\">Tambi\u00e9n ha sido definido como el primer latino o el primer emprendedor en este lugar del mundo. <\/p>\n<\/div>\n<div dir=\"ltr\" class=\"bbc-19j92fr e57qer20\" readability=\"11\">\n<p dir=\"ltr\" class=\"bbc-bm53ic e1cc2ql70\">Puede haber m\u00faltiples explicaciones al hecho de que su historia sea desconocida por buena parte de Nueva York hasta hoy, m\u00e1s all\u00e1 de algunos circulos acad\u00e9micos o culturales, incluso despu\u00e9s que el entonces alcalde Michael Bloomberg aprobara en 2012 nombrar parte de Broadway en su honor. <\/p>\n<\/div>\n<div dir=\"ltr\" class=\"bbc-1ka88fa e57qer20\">\n<figure class=\"bbc-1qdcvv9 e6bmn90\">\n<div dir=\"ltr\" class=\"bbc-172p16q e57qer20\">\n<div dir=\"ltr\" class=\"bbc-189y18v e57qer20\" readability=\"6.5\">\n<div data-e2e=\"image-placeholder\" class=\"bbc-1sslv3m e1whu0\" readability=\"8\"><noscript><img srcset=\"http:\/\/cordobadirecto.com\/wp-content\/uploads\/2021\/06\/la-fascinante-historia-de-juan-rodriguez-el-proto-dominicano-que-fue-el-primer-inmigrante-de-nueva-york-32.jpg 240w, http:\/\/cordobadirecto.com\/wp-content\/uploads\/2021\/06\/la-fascinante-historia-de-juan-rodriguez-el-proto-dominicano-que-fue-el-primer-inmigrante-de-nueva-york-33.jpg 320w, http:\/\/cordobadirecto.com\/wp-content\/uploads\/2021\/06\/la-fascinante-historia-de-juan-rodriguez-el-proto-dominicano-que-fue-el-primer-inmigrante-de-nueva-york-34.jpg 480w, http:\/\/cordobadirecto.com\/wp-content\/uploads\/2021\/06\/la-fascinante-historia-de-juan-rodriguez-el-proto-dominicano-que-fue-el-primer-inmigrante-de-nueva-york-35.jpg 624w, http:\/\/cordobadirecto.com\/wp-content\/uploads\/2021\/06\/la-fascinante-historia-de-juan-rodriguez-el-proto-dominicano-que-fue-el-primer-inmigrante-de-nueva-york-36.jpg 800w\" alt=\"Un tramo de la avenida Broadway entre las calles 159 y 218 nombrado en homenaje a Juan Rodr\u00edguez en 2012.\" src=\"http:\/\/cordobadirecto.com\/wp-content\/uploads\/2021\/06\/la-fascinante-historia-de-juan-rodriguez-el-proto-dominicano-que-fue-el-primer-inmigrante-de-nueva-york-5.jpg\" width=\"1280\" class=\"bbc-fat2bc e1enwo3v0\"><\/noscript><\/p>\n<p role=\"text\" class=\"bbc-1s1cxbv etq3yw90\"><span class=\"bbc-1gnhmg2 e1yt7oin0\">Fuente de la imagen, <\/span><span lang=\"en-GB\">BBC Mundo<\/span><\/p>\n<\/div>\n<\/div>\n<div dir=\"ltr\" class=\"bbc-3edg7g e57qer20\" readability=\"7\"><figcaption dir=\"ltr\" class=\"bbc-1t9zlwf eede9f50\" readability=\"4\"><span class=\"bbc-1gnhmg2 e1yt7oin0\">Pie de foto, <\/span><\/p>\n<p>Aunque el nombre de Juan Rodr\u00edguez aparece en un tramo de Broadway, muchos a\u00fan ignoran su historia.<\/p>\n<\/figcaption><\/div>\n<\/div>\n<\/figure>\n<\/div>\n<div dir=\"ltr\" class=\"bbc-19j92fr e57qer20\" readability=\"13\">\n<p dir=\"ltr\" class=\"bbc-bm53ic e1cc2ql70\">&#8220;La gente est\u00e1 enfocada en otras cosas hoy: el covid, el futuro de las nuevas generaciones, la salud y la educaci\u00f3n&#8221;, dice Paulina Monte, una inmigrante dominicana de 65 a\u00f1os que tampoco conoce qui\u00e9n fue Rodr\u00edguez. <\/p>\n<\/div>\n<div dir=\"ltr\" class=\"bbc-19j92fr e57qer20\" readability=\"10\">\n<p dir=\"ltr\" class=\"bbc-bm53ic e1cc2ql70\">James Nevius, un historiador urbano autor de varios libros sobre Nueva York, sostiene que existe una tendencia a &#8220;blanquear&#8221; la historia. <\/p>\n<\/div>\n<div dir=\"ltr\" class=\"bbc-19j92fr e57qer20\" readability=\"15\">\n<p dir=\"ltr\" class=\"bbc-bm53ic e1cc2ql70\">&#8220;(Rodr\u00edguez) representa tanto la diversidad, la promesa de la ciudad de Nueva York, como una lucha constante con personas que tratan de aprovecharse&#8221;, dice Nevius. &#8220;En Nueva York puedes llegar a cierto nivel, pero si hay alguien por encima tuyo y cree que eres demasiado listo para lo que sea, te apartan de un empuj\u00f3n&#8221;.<\/p>\n<\/div>\n<div dir=\"ltr\" class=\"bbc-1ka88fa e57qer20\">\n<figure class=\"bbc-1qdcvv9 e6bmn90\">\n<div dir=\"ltr\" class=\"bbc-172p16q e57qer20\">\n<div dir=\"ltr\" class=\"bbc-189y18v e57qer20\">\n<div data-e2e=\"image-placeholder\" class=\"bbc-367mqz e1whu0\"><noscript><img srcset=\"http:\/\/cordobadirecto.com\/wp-content\/uploads\/2021\/06\/la-fascinante-historia-de-juan-rodriguez-el-proto-dominicano-que-fue-el-primer-inmigrante-de-nueva-york-37.jpg 240w, http:\/\/cordobadirecto.com\/wp-content\/uploads\/2021\/06\/la-fascinante-historia-de-juan-rodriguez-el-proto-dominicano-que-fue-el-primer-inmigrante-de-nueva-york-38.jpg 320w, http:\/\/cordobadirecto.com\/wp-content\/uploads\/2021\/06\/la-fascinante-historia-de-juan-rodriguez-el-proto-dominicano-que-fue-el-primer-inmigrante-de-nueva-york-39.jpg 464w\" alt=\"Raya\" src=\"http:\/\/cordobadirecto.com\/wp-content\/uploads\/2021\/06\/la-fascinante-historia-de-juan-rodriguez-el-proto-dominicano-que-fue-el-primer-inmigrante-de-nueva-york-6.jpg\" width=\"464\" class=\"bbc-fat2bc e1enwo3v0\"><\/noscript><\/div>\n<\/div>\n<\/div>\n<\/figure>\n<\/div>\n<div dir=\"ltr\" class=\"bbc-19j92fr e57qer20\" readability=\"8\">\n<p dir=\"ltr\" class=\"bbc-bm53ic e1cc2ql70\"><i class=\"bbc-h1y5j7 ewc4zcb0\">Recuerda que puedes recibir notificaciones de BBC News Mundo. Descarga la nueva versi\u00f3n de nuestra app y act\u00edvalas para no perderte nuestro mejor contenido.<\/i><\/p>\n<\/div>\n","protected":false},"excerpt":{"rendered":"<p>Gerardo Lissardy BBC News Mundo, Nueva York 42 minutos Fuente de la imagen, BBC Mundo Pie de foto, Un tramo de la avenida Broadway entre las calles 159 y 218 nombrado en homenaje a Juan Rodr\u00edguez. Delia Sosa, una inmigrante dominicana de 64 a\u00f1os, camina por un tramo de la avenida Broadway en Nueva York [&hellip;]<\/p>\n","protected":false},"author":1,"featured_media":7662,"comment_status":"closed","ping_status":"closed","sticky":false,"template":"","format":"standard","meta":[],"categories":[24],"tags":[],"_links":{"self":[{"href":"http:\/\/cordobadirecto.com\/index.php\/wp-json\/wp\/v2\/posts\/7661"}],"collection":[{"href":"http:\/\/cordobadirecto.com\/index.php\/wp-json\/wp\/v2\/posts"}],"about":[{"href":"http:\/\/cordobadirecto.com\/index.php\/wp-json\/wp\/v2\/types\/post"}],"author":[{"embeddable":true,"href":"http:\/\/cordobadirecto.com\/index.php\/wp-json\/wp\/v2\/users\/1"}],"replies":[{"embeddable":true,"href":"http:\/\/cordobadirecto.com\/index.php\/wp-json\/wp\/v2\/comments?post=7661"}],"version-history":[{"count":0,"href":"http:\/\/cordobadirecto.com\/index.php\/wp-json\/wp\/v2\/posts\/7661\/revisions"}],"wp:featuredmedia":[{"embeddable":true,"href":"http:\/\/cordobadirecto.com\/index.php\/wp-json\/wp\/v2\/media\/7662"}],"wp:attachment":[{"href":"http:\/\/cordobadirecto.com\/index.php\/wp-json\/wp\/v2\/media?parent=7661"}],"wp:term":[{"taxonomy":"category","embeddable":true,"href":"http:\/\/cordobadirecto.com\/index.php\/wp-json\/wp\/v2\/categories?post=7661"},{"taxonomy":"post_tag","embeddable":true,"href":"http:\/\/cordobadirecto.com\/index.php\/wp-json\/wp\/v2\/tags?post=7661"}],"curies":[{"name":"wp","href":"https:\/\/api.w.org\/{rel}","templated":true}]}}