{"id":77020,"date":"2022-09-08T12:30:05","date_gmt":"2022-09-08T12:30:05","guid":{"rendered":"http:\/\/cordobadirecto.com\/index.php\/2022\/09\/08\/el-lider-de-los-enanitos-verdes-se-encuentra-internado-por-insuficiencia-renal\/"},"modified":"2022-09-08T12:30:05","modified_gmt":"2022-09-08T12:30:05","slug":"el-lider-de-los-enanitos-verdes-se-encuentra-internado-por-insuficiencia-renal","status":"publish","type":"post","link":"http:\/\/cordobadirecto.com\/index.php\/2022\/09\/08\/el-lider-de-los-enanitos-verdes-se-encuentra-internado-por-insuficiencia-renal\/","title":{"rendered":"El l\u00edder de los Enanitos Verdes se encuentra internado por insuficiencia renal"},"content":{"rendered":"<figure class=\"mb-3\"><img loading=\"lazy\" src=\"http:\/\/cordobadirecto.com\/wp-content\/uploads\/2022\/09\/el-lider-de-los-enanitos-verdes-se-encuentra-internado-por-insuficiencia-renal.jpg\" width=\"100%\" height=\"100%\" alt=\"Allegados al artista sealaron a Tlam que Cantero arrastraba problemas renales desde haca tiempo Foto Facebook\"><figcaption> Allegados al artista se\u00f1alaron a T\u00e9lam que Cantero arrastraba problemas renales desde hac\u00eda tiempo \/ Foto Facebook <\/figcaption><\/figure>\n<p>El bajista, autor y cantante Horacio &#8216;Marciano&#8217; Cantero, l\u00edder del grupo de rock Enanitos Verdes, permanec\u00eda este mi\u00e9rcoles internado, por d\u00e9cimo d\u00eda, en el \u00e1rea de terapia intensiva de una cl\u00ednica mendocina a causa de un cuadro de insuficiencia renal.<\/p>\n<p>El m\u00fasico, nacido hace 62 a\u00f1os en Mendoza, <strong>sufri\u00f3 el agravamiento de esta dolencia a la vuelta de una gira de la banda<\/strong> -que sigue contando con la guitarra de Felipe Staiti y ahora tiene en la bater\u00eda a Jota Morelli- por distintas ciudades de Latinoam\u00e9rica y de Estados Unidos.<\/p>\n<p><strong>El conjunto, formado en 1979 <\/strong>en esa provincia por Cantero, Staiti y el baterista Daniel Piccolo (que dej\u00f3 el proyecto en 2009), es responsable de canciones de alta popularidad como \u201cLa muralla verde\u201d, \u201cTe vi en un tren\u201d, \u201cPor el resto\u201d y \u201cLamento boliviano\u201d.<\/p>\n<p>Allegados al artista se\u00f1alaron a T\u00e9lam que Cantero <strong>arrastraba problemas renales desde hac\u00eda tiempo<\/strong> y que incluso utilizaba bajos especiales de menor peso, pero no brindaron precisiones sobre su estado de salud actual.<\/p>\n<p>Mientras tanto, Enanitos Verdes mantiene en su p\u00e1gina web una agenda de presentaciones que entre el 7 de octubre y el 3 de diciembre pr\u00f3ximo contempla recitales en ciudades de Per\u00fa, M\u00e9xico y Estados Unidos. <\/p>\n","protected":false},"excerpt":{"rendered":"<p>Allegados al artista se\u00f1alaron a T\u00e9lam que Cantero arrastraba problemas renales desde hac\u00eda tiempo \/ Foto Facebook El bajista, autor y cantante Horacio &#8216;Marciano&#8217; Cantero, l\u00edder del grupo de rock Enanitos Verdes, permanec\u00eda este mi\u00e9rcoles internado, por d\u00e9cimo d\u00eda, en el \u00e1rea de terapia intensiva de una cl\u00ednica mendocina a causa de un cuadro de [&hellip;]<\/p>\n","protected":false},"author":1,"featured_media":77021,"comment_status":"closed","ping_status":"closed","sticky":false,"template":"","format":"standard","meta":[],"categories":[20],"tags":[],"_links":{"self":[{"href":"http:\/\/cordobadirecto.com\/index.php\/wp-json\/wp\/v2\/posts\/77020"}],"collection":[{"href":"http:\/\/cordobadirecto.com\/index.php\/wp-json\/wp\/v2\/posts"}],"about":[{"href":"http:\/\/cordobadirecto.com\/index.php\/wp-json\/wp\/v2\/types\/post"}],"author":[{"embeddable":true,"href":"http:\/\/cordobadirecto.com\/index.php\/wp-json\/wp\/v2\/users\/1"}],"replies":[{"embeddable":true,"href":"http:\/\/cordobadirecto.com\/index.php\/wp-json\/wp\/v2\/comments?post=77020"}],"version-history":[{"count":0,"href":"http:\/\/cordobadirecto.com\/index.php\/wp-json\/wp\/v2\/posts\/77020\/revisions"}],"wp:featuredmedia":[{"embeddable":true,"href":"http:\/\/cordobadirecto.com\/index.php\/wp-json\/wp\/v2\/media\/77021"}],"wp:attachment":[{"href":"http:\/\/cordobadirecto.com\/index.php\/wp-json\/wp\/v2\/media?parent=77020"}],"wp:term":[{"taxonomy":"category","embeddable":true,"href":"http:\/\/cordobadirecto.com\/index.php\/wp-json\/wp\/v2\/categories?post=77020"},{"taxonomy":"post_tag","embeddable":true,"href":"http:\/\/cordobadirecto.com\/index.php\/wp-json\/wp\/v2\/tags?post=77020"}],"curies":[{"name":"wp","href":"https:\/\/api.w.org\/{rel}","templated":true}]}}