{"id":77022,"date":"2022-09-08T12:30:09","date_gmt":"2022-09-08T12:30:09","guid":{"rendered":"http:\/\/cordobadirecto.com\/index.php\/2022\/09\/08\/presentaron-la-grilla-de-streams-de-rta-para-twitch-y-youtube\/"},"modified":"2022-09-08T12:30:09","modified_gmt":"2022-09-08T12:30:09","slug":"presentaron-la-grilla-de-streams-de-rta-para-twitch-y-youtube","status":"publish","type":"post","link":"http:\/\/cordobadirecto.com\/index.php\/2022\/09\/08\/presentaron-la-grilla-de-streams-de-rta-para-twitch-y-youtube\/","title":{"rendered":"Presentaron la grilla de streams de RTA para Twitch y YouTube"},"content":{"rendered":"<figure class=\"mb-3\"><img loading=\"lazy\" src=\"http:\/\/cordobadirecto.com\/wp-content\/uploads\/2022\/09\/presentaron-la-grilla-de-streams-de-rta-para-twitch-y-youtube.jpg\" width=\"100%\" height=\"100%\" alt=\"Rosario Lufrano Nuestra gente del rea digital es muy valiosa Foto Ral Ferrari\"><figcaption> Rosario Lufrano: &#8220;Nuestra gente del \u00e1rea digital es muy valiosa\u201d. \/ Foto: Ra\u00fal Ferrari <\/figcaption><\/figure>\n<p><strong>Radio y Televisi\u00f3n Argentina (RTA)<\/strong> present\u00f3 esta tarde la nueva programaci\u00f3n para <strong>YouTube y Twitch<\/strong>, con la participaci\u00f3n de los artistas y realizadores de contenidos que le dan vida a cada una de estas propuestas y autoridades de los medios p\u00fablicos.<\/p>\n<p>La presentaci\u00f3n de la programaci\u00f3n \u2013que consolida la presencia de los medios p\u00fablicos en el streaming- fue emitida en vivo desde las instalaciones de la Televisi\u00f3n P\u00fablica a trav\u00e9s de dichas plataformas y cont\u00f3 con la conducci\u00f3n de <strong>Sol Despeinada<\/strong>, quien dialog\u00f3 con algunos de los protagonistas y funcionarios.<\/p>\n<p>La titular de Radio y Televisi\u00f3n Argentina (RTA), <strong>Rosario Lufrano<\/strong>, aprovech\u00f3 el encuentro para darles la bienvenida a los conductores y salud\u00f3 la participaci\u00f3n de <strong>\u201cuna generaci\u00f3n que realmente se lanz\u00f3 para decir qui\u00e9nes son, qu\u00e9 hacen y por qu\u00e9 lo hacen\u201d<\/strong> y agreg\u00f3: <strong>\u201cY lo hacen con un desenfreno que quiz\u00e1s nosotros no tuvimos en su momento\u201d.<\/strong><\/p>\n<p><strong>\u201cRTA entendi\u00f3 que esos medios son como una unidad de negocios nueva para nosotros aunque no est\u00e9 en ning\u00fan organigrama. Nuestra gente del \u00e1rea digital es muy valiosa\u201d<\/strong>, se\u00f1al\u00f3 para luego referirse a la \u201ctransversalidad\u201d que ofrecen estas nuevas formas de expresi\u00f3n: <strong>\u201cEs un modo m\u00e1s para comunicarte, desde una plataforma que te invita a llegar a quien vos quer\u00e9s, y con un intercambio continuo con la audiencia\u201d<\/strong>.<\/p>\n<p>Lufrano pidi\u00f3 adem\u00e1s \u201cun aplauso\u201d para <strong>\u201clos medios p\u00fablicos que cuidan nuestra historia, nuestra identidad, a nuestros artistas y a nuestra soberan\u00eda cultural\u201d<\/strong>, en sinton\u00eda con las palabras del director de Radio Nacional, <strong>Alejandro Pont Lezica<\/strong>, quien extendi\u00f3 el aplauso para la <strong>\u201cm\u00fasica argentina\u201d <\/strong>y<strong> \u201cel desarrollo de nuestros artistas urbanos que en el mundo son de lo m\u00e1s exitoso\u201d.<\/strong><\/p>\n<p>Pont Lezica, director de Radio Nacional, <strong>se\u00f1al\u00f3 adem\u00e1s que el proyecto obliga a \u201ccreer o creer\u201d en las \u201cnuevas generaciones\u201d<\/strong> que impulsan este cambio de paradigma en los medios de comunicaci\u00f3n: <strong>\u201cSon autodidactas; eso es lo m\u00e1s lindo de todo. Es una generaci\u00f3n espont\u00e1nea, donde cada uno interpreta, aprovecha y aprendi\u00f3 a moverse en las redes con el tel\u00e9fono y que despu\u00e9s se expresa junto a la retroalimentaci\u00f3n que se da con los que est\u00e1n participando\u201d<\/strong>.<\/p>\n<figure class=\"mb-3\"><img loading=\"lazy\" src=\"http:\/\/cordobadirecto.com\/wp-content\/uploads\/2022\/09\/presentaron-la-grilla-de-streams-de-rta-para-twitch-y-youtube-1.jpg\" width=\"100%\" height=\"100%\" alt=\"Alejandro Pont Lezica Rosario Lufrano Sol Despeinada Osvaldo Santoro y Claudio Martnez en la presentacin Foto Ral Ferrari\"><figcaption> Alejandro Pont Lezica, Rosario Lufrano, Sol Despeinada, Osvaldo Santoro y Claudio Mart\u00ednez en la presentaci\u00f3n. \/ Foto: Ra\u00fal Ferrari <\/figcaption><\/figure>\n<p><strong>\u201cLo que es maravilloso es que no es solamente tener una comunicaci\u00f3n a trav\u00e9s de medios digitales, es pensar en una generaci\u00f3n. Lo m\u00e1s lindo que est\u00e1 pasando es que todos acceden. Lo que se lleva a las redes le interesa a todo el mundo y despierta curiosidad constante\u201d<\/strong>, a\u00f1adi\u00f3 el funcionario y musicalizador.<\/p>\n<p>En ese sentido, el director de la Televisi\u00f3n P\u00fablica, <strong>Claudio Mart\u00ednez<\/strong>, manifest\u00f3 que i<strong>mpulsar contenidos digitales desde los medios p\u00fablicos es \u201cun enorme desaf\u00edo\u201d y elogi\u00f3 que dentro del universo del streaming \u201cen todo momento fluye positivamente\u201d a\u00fan cuando est\u00e9 \u201cfuera de los alcances de nuestra sabidur\u00eda\u201d y generaci\u00f3n.<\/strong><\/p>\n<p>Por \u00faltimo, <strong>Mikki Lusardi<\/strong>, directora de Nacional Rock, <strong>celebr\u00f3 \u201cesta nueva forma de pensar a los medios\u201d en sinton\u00eda con los \u201ccambios de h\u00e1bitos de consumo y un mont\u00f3n de otras cosas\u201d que obligan a los responsables de los medios a estar \u201cintentar siempre estar un pasito m\u00e1s delante de lo que viene\u201d.<\/strong><\/p>\n<p>Entre los contenidos del Canal, se destaca <strong>&#8220;AG3&#8221;<\/strong>, un stream de ajedrez con la pentacampeona <strong>Mar\u00eda Florencia Fern\u00e1ndez y Juli\u00e1n Doregger; &#8220;Abro Hilo&#8221;<\/strong>, un espacio de encuentro y debate sobre temas de la vida cotidiana con <strong>Sol Despeinada <\/strong>y<strong> Juan Manuel Cafferata.<\/strong><\/p>\n<p>Tambi\u00e9n est\u00e1n <strong>&#8220;Hola Pa\u00eds<\/strong>&#8220;, un repaso de noticias y tendencias absurdas de todo el pa\u00eds con <strong>Tania Wedeltoft y Mariano Angarolla; &#8220;Lit, tecnolog\u00eda y entretenimiento&#8221; <\/strong>con<strong> Lucas Dalto, Cami Jara <\/strong>y<strong> Juli Manzotti; &#8220;Hoy se juega&#8221;, <\/strong>trivia futbolera con <strong>Martu Boden y Chuky Acerbi; <\/strong>y<strong> &#8220;Leyendas&#8221;,<\/strong> una serie de entrevistas homenaje a los grandes referentes de la selecci\u00f3n argentina, con <strong>Sofi Mart\u00ednez, Roque Colombo y Capocha<\/strong>, creador de <strong>\u201cUn metro adelantado\u201d<\/strong>.<\/p>\n<p>Adem\u00e1s, la propuesta de streamings de Radio Nacional cuenta con el period\u00edstico <strong>&#8220;Rosca N\u00b4 Roll&#8221;<\/strong>, con<strong> Lautaro Maislin, Vero Casta\u00f1ares <\/strong>y<strong> Anita S\u00e1nchez;<\/strong> el programa de g\u00e9nero<strong> &#8220;Las Mafiosas&#8221;, con Luciana Peker, Vero Lorca <\/strong>y<strong> Mar\u00eda Sztajnszrajber, <\/strong>y el humor\u00edstico<strong> &#8220;Alerta Urgente&#8221;, <\/strong>con<strong> Fede Simonetti, Elisa Sanchez, Juan Ruffo<\/strong> y la participaci\u00f3n de <strong>Moira Memma<\/strong>.<\/p>\n<p>La m\u00fasica estar\u00e1 presente con <strong>&#8220;La Hora L\u00edquida&#8221;<\/strong>, el cl\u00e1sico conducido por <strong>Gillespi, <\/strong>y<strong> &#8220;Procrastinaci\u00f3n Asistida&#8221;<\/strong>, con<strong> Matzorama<\/strong>; mientras que <strong>Ivana Szerman y Sol Garnica<\/strong> abordar\u00e1n la actualidad y las tendencias, en <strong>&#8220;Ser Milennials Hoy&#8221;<\/strong> y &#8220;<strong>M.A.G.A (Make Argentina Great Again)&#8221;<\/strong> a cargo del influyente <strong>Tom\u00e1s Rebord<\/strong>. <\/p>\n","protected":false},"excerpt":{"rendered":"<p>Rosario Lufrano: &#8220;Nuestra gente del \u00e1rea digital es muy valiosa\u201d. \/ Foto: Ra\u00fal Ferrari Radio y Televisi\u00f3n Argentina (RTA) present\u00f3 esta tarde la nueva programaci\u00f3n para YouTube y Twitch, con la participaci\u00f3n de los artistas y realizadores de contenidos que le dan vida a cada una de estas propuestas y autoridades de los medios p\u00fablicos. [&hellip;]<\/p>\n","protected":false},"author":1,"featured_media":77023,"comment_status":"closed","ping_status":"closed","sticky":false,"template":"","format":"standard","meta":[],"categories":[20],"tags":[],"_links":{"self":[{"href":"http:\/\/cordobadirecto.com\/index.php\/wp-json\/wp\/v2\/posts\/77022"}],"collection":[{"href":"http:\/\/cordobadirecto.com\/index.php\/wp-json\/wp\/v2\/posts"}],"about":[{"href":"http:\/\/cordobadirecto.com\/index.php\/wp-json\/wp\/v2\/types\/post"}],"author":[{"embeddable":true,"href":"http:\/\/cordobadirecto.com\/index.php\/wp-json\/wp\/v2\/users\/1"}],"replies":[{"embeddable":true,"href":"http:\/\/cordobadirecto.com\/index.php\/wp-json\/wp\/v2\/comments?post=77022"}],"version-history":[{"count":0,"href":"http:\/\/cordobadirecto.com\/index.php\/wp-json\/wp\/v2\/posts\/77022\/revisions"}],"wp:featuredmedia":[{"embeddable":true,"href":"http:\/\/cordobadirecto.com\/index.php\/wp-json\/wp\/v2\/media\/77023"}],"wp:attachment":[{"href":"http:\/\/cordobadirecto.com\/index.php\/wp-json\/wp\/v2\/media?parent=77022"}],"wp:term":[{"taxonomy":"category","embeddable":true,"href":"http:\/\/cordobadirecto.com\/index.php\/wp-json\/wp\/v2\/categories?post=77022"},{"taxonomy":"post_tag","embeddable":true,"href":"http:\/\/cordobadirecto.com\/index.php\/wp-json\/wp\/v2\/tags?post=77022"}],"curies":[{"name":"wp","href":"https:\/\/api.w.org\/{rel}","templated":true}]}}