{"id":77024,"date":"2022-09-08T12:10:52","date_gmt":"2022-09-08T12:10:52","guid":{"rendered":"https:\/\/www.espinof.com\/telecinco\/telecinco-elige-a-carlota-corredera-para-presentar-quien-mi-padre-su-nuevo-programa-hijos-ilegitimos-famosos"},"modified":"2022-09-08T12:10:52","modified_gmt":"2022-09-08T12:10:52","slug":"telecinco-elige-a-carlota-corredera-para-presentar-quien-es-mi-padre-su-nuevo-programa-sobre-hijos-ilegitimos-de-famosos","status":"publish","type":"post","link":"http:\/\/cordobadirecto.com\/index.php\/2022\/09\/08\/telecinco-elige-a-carlota-corredera-para-presentar-quien-es-mi-padre-su-nuevo-programa-sobre-hijos-ilegitimos-de-famosos\/","title":{"rendered":"Telecinco elige a Carlota Corredera para presentar &#8216;\u00bfQui\u00e9n es mi padre?&#8217;, su nuevo programa sobre hijos ileg\u00edtimos de famosos"},"content":{"rendered":"<p>Hace meses, Telecinco ya <a href=\"https:\/\/www.espinof.com\/telecinco\/nombre-rocio-fin-abierto-hijos-ilegitimos-sucesores-supervivientes-telecinco-presenta-sus-nuevos-estrenos-para-otono\">adelant\u00f3 todas las propuestas<\/a> que ten\u00eda para esta pr\u00f3xima temporada de oto\u00f1o. Entre ellas, <strong>&#8216;\u00bfQui\u00e9n es mi padre?&#8217;<\/strong>, un nuevo formato que se incorpora a la parrilla de la cadena y que ya tiene <strong>presentadora confirmada: Carlota Corredera<\/strong> (&#8216;S\u00e1lvame&#8217;).<!--more--><\/p>\n<h2>Padres conocidos<\/h2>\n<p>&#8216;\u00bfQui\u00e9n es mi padre?&#8217; es un nuevo programa adquirido por Mediaset que <strong>se centrar\u00e1 en los hijos ileg\u00edtimos no reconocidos<\/strong> de hombres de renombre. La docuserie acompa\u00f1ar\u00e1 a los afectados y mostrar\u00e1 el largo camino para obtener respuestas.<\/p>\n<p><!-- BREAK 1 --><\/p>\n<p>Cada episodio presentar\u00e1 un caso distinto, en el que veremos <strong>c\u00f3mo afecta este hecho a su vida y el proceso de investigaci\u00f3n<\/strong>, las pruebas de ADN, los testimonios de amigos, familiares, expertos y, evidentemente, los mismos afectados, as\u00ed como los tr\u00e1mites judiciales que confrontar\u00e1n hasta llegar a ser reconocidos.<\/p>\n<p><!-- BREAK 2 --> <\/p>\n<div class=\"article-asset article-asset-normal article-asset-center\">\n<div class=\"desvio-container\">\n<div class=\"desvio\">\n<div class=\"desvio-figure js-desvio-figure\"> <a href=\"https:\/\/www.espinof.com\/fecha-de-estreno\/isla-tentaciones-2022-fecha-estreno-todo-que-sabemos-regreso-uno-realities-exitosos-su-temporada-cinco\"> <img alt=\"La Isla de las Tentaciones 5: todo lo que sabemos sobre el regreso de uno de los realities m\u00e1s exitosos de Telecinco\" src=\"http:\/\/cordobadirecto.com\/wp-content\/uploads\/2022\/09\/telecinco-elige-a-carlota-corredera-para-presentar-quien-es-mi-padre-su-nuevo-programa-sobre-hijos-ilegitimos-de-famosos.jpg\"> <\/a> <\/div><\/div><\/div>\n<\/div>\n<p>Se ha <a href=\"https:\/\/www.mediaset.es\/comunicacion\/television\/20220907\/carlota-corredera-presentara-formato-telecinco_18_07395646.html\">confirmado<\/a> que <strong>Carlota Corredera estar\u00e1 al frente del programa<\/strong>, coincidiendo con la pol\u00e9mica sustituci\u00f3n de la presentadora por Sandra Barneda al frente de <a href=\"https:\/\/www.espinof.com\/fecha-de-estreno\/nombre-rocio-todo-que-sabemos-temporada-2-rocio-contar-verdad-para-seguir-viva-documental-telecinco\">&#8216;En el nombre de Roc\u00edo&#8217;<\/a>. Corredera present\u00f3 la temporada anterior de la docuserie de Roc\u00edo Carrasco, <a href=\"https:\/\/www.espinof.com\/documentales\/rocio-contar-verdad-para-seguir-viva-declaraciones-impactantes-que-nos-esta-dejando-docuserie-rocio-carrasco-telecinco\">&#8216;Roc\u00edo. Contar la verdad para seguir viva&#8217;<\/a>, as\u00ed que fue una sorpresa saber que Mediaset fich\u00f3 a Barneda para esta segunda.<\/p>\n<p>&#8216;\u00bfQui\u00e9n es mi padre?&#8217; es un formato producido por La F\u00e1brica de la Tele que llegar\u00e1 a Telecinco pr\u00f3ximamente. No hay fecha de estreno pero <strong>se prevee que llegue a lo largo de los \u00faltimos meses de 2022<\/strong>.<\/p>\n<p><!-- BREAK 3 --> <\/p>\n","protected":false},"excerpt":{"rendered":"<p>Hace meses, Telecinco ya adelant\u00f3 todas las propuestas que ten\u00eda para esta pr\u00f3xima temporada de oto\u00f1o. Entre ellas, &#8216;\u00bfQui\u00e9n es mi padre?&#8217;, un nuevo formato que se incorpora a la parrilla de la cadena y que ya tiene presentadora confirmada: Carlota Corredera (&#8216;S\u00e1lvame&#8217;).<\/p>\n","protected":false},"author":1,"featured_media":77025,"comment_status":"closed","ping_status":"closed","sticky":false,"template":"","format":"standard","meta":[],"categories":[17],"tags":[],"_links":{"self":[{"href":"http:\/\/cordobadirecto.com\/index.php\/wp-json\/wp\/v2\/posts\/77024"}],"collection":[{"href":"http:\/\/cordobadirecto.com\/index.php\/wp-json\/wp\/v2\/posts"}],"about":[{"href":"http:\/\/cordobadirecto.com\/index.php\/wp-json\/wp\/v2\/types\/post"}],"author":[{"embeddable":true,"href":"http:\/\/cordobadirecto.com\/index.php\/wp-json\/wp\/v2\/users\/1"}],"replies":[{"embeddable":true,"href":"http:\/\/cordobadirecto.com\/index.php\/wp-json\/wp\/v2\/comments?post=77024"}],"version-history":[{"count":0,"href":"http:\/\/cordobadirecto.com\/index.php\/wp-json\/wp\/v2\/posts\/77024\/revisions"}],"wp:featuredmedia":[{"embeddable":true,"href":"http:\/\/cordobadirecto.com\/index.php\/wp-json\/wp\/v2\/media\/77025"}],"wp:attachment":[{"href":"http:\/\/cordobadirecto.com\/index.php\/wp-json\/wp\/v2\/media?parent=77024"}],"wp:term":[{"taxonomy":"category","embeddable":true,"href":"http:\/\/cordobadirecto.com\/index.php\/wp-json\/wp\/v2\/categories?post=77024"},{"taxonomy":"post_tag","embeddable":true,"href":"http:\/\/cordobadirecto.com\/index.php\/wp-json\/wp\/v2\/tags?post=77024"}],"curies":[{"name":"wp","href":"https:\/\/api.w.org\/{rel}","templated":true}]}}