{"id":77048,"date":"2022-09-08T20:58:00","date_gmt":"2022-09-08T20:58:00","guid":{"rendered":"http:\/\/cordobadirecto.com\/index.php\/2022\/09\/08\/truss-rindio-homenaje-a-isabel-ii-y-llamo-a-apoyar-al-heredero-del-trono\/"},"modified":"2022-09-08T20:58:00","modified_gmt":"2022-09-08T20:58:00","slug":"truss-rindio-homenaje-a-isabel-ii-y-llamo-a-apoyar-al-heredero-del-trono","status":"publish","type":"post","link":"http:\/\/cordobadirecto.com\/index.php\/2022\/09\/08\/truss-rindio-homenaje-a-isabel-ii-y-llamo-a-apoyar-al-heredero-del-trono\/","title":{"rendered":"Truss rindi\u00f3 homenaje a Isabel II y llam\u00f3 a apoyar al heredero del trono"},"content":{"rendered":"<figure class=\"mb-3\"><img loading=\"lazy\" src=\"http:\/\/cordobadirecto.com\/wp-content\/uploads\/2022\/09\/truss-rindio-homenaje-a-isabel-ii-y-llamo-a-apoyar-al-heredero-del-trono.jpg\" width=\"100%\" height=\"100%\" alt=\"Horas atrs Truss visit a la Reina tras haber sido proclamada primera ministra Foto AFP\"><figcaption> Horas atr\u00e1s, Truss visit\u00f3 a la Reina tras haber sido proclamada primera ministra \/ Foto: AFP. <\/figcaption><\/figure>\n<p>La primera ministra del Reino Unido, Liz Truss, rindi\u00f3 este jueves un homenaje a la reina <a href=\"https:\/\/www.telam.com.ar\/notas\/202209\/604265-deceso-reina-isabel-ii-reino-unido.html\" target=\"_blank\" rel=\"noopener\">Isabel II, que muri\u00f3 a los 96 a\u00f1os<\/a>, la defini\u00f3 como &#8220;el esp\u00edritu mismo de Gran Breta\u00f1a&#8221; y llam\u00f3 a apoyar al rey Carlos III, heredero del trono.<\/p>\n<p>&#8220;Estamos devastados&#8221;, dijo la flamante jefa del Gobierno al dirigir un discurso a la naci\u00f3n desde la residencia oficial en Downing Street 10, en Londres, donde asegur\u00f3 que Isabel era &#8220;amada y admirada en todo el mundo&#8221;.<\/p>\n<p><strong>\u201cNuestro pa\u00eds ha crecido y florecido bajo su reinado, el Reino Unido es el gran pa\u00eds que es hoy gracias a ella&#8221;<\/strong>, expres\u00f3.<\/p>\n<p>&#8220;La reina Isabel II fue la roca sobre la que se construy\u00f3 la Gran Breta\u00f1a moderna&#8221;, agreg\u00f3.<\/p>\n<p>Dos d\u00edas atr\u00e1s, Truss se hab\u00eda dirigido a Balmoral, la residencia de verano de la reina Isabel en Escocia, donde la monarca, de 96 a\u00f1os, la invit\u00f3 a formar gobierno.<\/p>\n<blockquote class><p>\u201cCon el paso de la segunda era isabelina,&nbsp;marcamos el comienzo de una nueva era en la magn\u00edfica historia de nuestro gran pa\u00eds, exactamente como su majestad hubiera deseado, al pronunciar las palabras: Dios salve al rey\u201d<\/p><\/blockquote>\n<p>Truss elogi\u00f3 tambi\u00e9n los logros &#8220;extraordinarios&#8221; de la monarca fallecida luego de 70 a\u00f1os en el trono y dijo que su sentido del deber hab\u00eda sido una &#8220;inspiraci\u00f3n personal&#8221; para ella y para muchos brit\u00e1nicos.<\/p>\n<p>Sostuvo que Isabel II &#8220;en las buenas y en las malas&#8221; hab\u00eda aportado la fuerza y \u200b\u200bla estabilidad que necesitaba el pa\u00eds.<\/p>\n<p>\u201c<strong>Ella era el esp\u00edritu mismo de Gran Breta\u00f1a<\/strong> y ese esp\u00edritu perdurar\u00e1\u201d, coment\u00f3.<\/p>\n<p>De pie, detr\u00e1s de un atril de madera, con un vestido negro, habl\u00f3 en un discurso televisado en el que inst\u00f3 al p\u00fablico a &#8220;unirse&#8221; en los d\u00edas dif\u00edciles que se avecinan para <a href=\"https:\/\/www.telam.com.ar\/notas\/202209\/604279-carlos-iii-nuevo-rey-reino-unido.html\" target=\"_blank\" rel=\"noopener\">apoyar al nuevo rey, quien revel\u00f3 que se llamar\u00e1 Carlos III<\/a>, antes de que Clarence House lo confirmara.<\/p>\n<p>\u201cCon la familia del rey, lamentamos la p\u00e9rdida de su madre\u201d, dijo.<\/p>\n<p>En su discurso homenaje, Truss consider\u00f3: \u201cCon el paso de la segunda era isabelina, <strong>marcamos el comienzo de una nueva era en la magn\u00edfica historia de nuestro gran pa\u00eds, exactamente como su majestad hubiera deseado, al pronunciar las palabras: Dios salve al rey<\/strong>\u201d.<\/p>\n<p>\u201cY mientras lloramos, debemos unirnos como pueblo para apoyarlo, para ayudarlo a asumir la gran responsabilidad que ahora tiene por todos nosotros\u201d, exhort\u00f3.<\/p>\n<p>El pr\u00edncipe Carlos, de 73 a\u00f1os, heredero del trono desde los tres a\u00f1os, ahora es rey y ser\u00e1 proclamado oficialmente en el Palacio de St. James en Londres tan pronto como sea posible.<\/p>\n","protected":false},"excerpt":{"rendered":"<p>Horas atr\u00e1s, Truss visit\u00f3 a la Reina tras haber sido proclamada primera ministra \/ Foto: AFP. La primera ministra del Reino Unido, Liz Truss, rindi\u00f3 este jueves un homenaje a la reina Isabel II, que muri\u00f3 a los 96 a\u00f1os, la defini\u00f3 como &#8220;el esp\u00edritu mismo de Gran Breta\u00f1a&#8221; y llam\u00f3 a apoyar al rey [&hellip;]<\/p>\n","protected":false},"author":1,"featured_media":77049,"comment_status":"closed","ping_status":"closed","sticky":false,"template":"","format":"standard","meta":[],"categories":[24],"tags":[],"_links":{"self":[{"href":"http:\/\/cordobadirecto.com\/index.php\/wp-json\/wp\/v2\/posts\/77048"}],"collection":[{"href":"http:\/\/cordobadirecto.com\/index.php\/wp-json\/wp\/v2\/posts"}],"about":[{"href":"http:\/\/cordobadirecto.com\/index.php\/wp-json\/wp\/v2\/types\/post"}],"author":[{"embeddable":true,"href":"http:\/\/cordobadirecto.com\/index.php\/wp-json\/wp\/v2\/users\/1"}],"replies":[{"embeddable":true,"href":"http:\/\/cordobadirecto.com\/index.php\/wp-json\/wp\/v2\/comments?post=77048"}],"version-history":[{"count":0,"href":"http:\/\/cordobadirecto.com\/index.php\/wp-json\/wp\/v2\/posts\/77048\/revisions"}],"wp:featuredmedia":[{"embeddable":true,"href":"http:\/\/cordobadirecto.com\/index.php\/wp-json\/wp\/v2\/media\/77049"}],"wp:attachment":[{"href":"http:\/\/cordobadirecto.com\/index.php\/wp-json\/wp\/v2\/media?parent=77048"}],"wp:term":[{"taxonomy":"category","embeddable":true,"href":"http:\/\/cordobadirecto.com\/index.php\/wp-json\/wp\/v2\/categories?post=77048"},{"taxonomy":"post_tag","embeddable":true,"href":"http:\/\/cordobadirecto.com\/index.php\/wp-json\/wp\/v2\/tags?post=77048"}],"curies":[{"name":"wp","href":"https:\/\/api.w.org\/{rel}","templated":true}]}}